{"id":7893,"date":"2021-11-11T12:04:07","date_gmt":"2021-11-11T11:04:07","guid":{"rendered":"http:\/\/euwp08.newsmemory.com\/gardaseezeitung_new\/de\/2021\/11\/11\/neuer-fossilienfund-bolca\/"},"modified":"2021-11-11T12:04:09","modified_gmt":"2021-06-14T12:04:09","slug":"neuer-fossilienfund-bolca","status":"publish","type":"post","link":"https:\/\/www.gardaseezeitung.it\/2021\/11\/11\/neuer-fossilienfund-bolca\/","title":{"rendered":"Neuer Fossilienfund in Bolca"},"content":{"rendered":"<p>&nbsp;<\/p>\n<p>Bolca, ein kleiner Ort im Lessinia-Gebirge, ist unter den Pal\u00e4ontologen schon seit vielen Jahren ein Begriff, denn hier wurden in der Vergangenheit viele ungew\u00f6hnliche Fossilienfunde gemacht. Nun macht Bolca erneut von sich Reden, denn es wurde das Fossil eines Fisches entdeckt, der vor 48 Millionen Jahren gelebt hat und zu einer neuen Fischart z\u00e4hlt. Das Fossil befindet sich in einem au\u00dfergew\u00f6hnlich gut erhaltenen Zustand.<\/p>\n<p>Der Fisch lebte in einer damaligen tropischen Lagune, die von Korallenriffen umgeben war. Entdeckt wurde er im Rahmen von Ausgrabungen des Stadtmuseums f\u00fcr Naturgeschichte von Verona. Das Fisch-Fossil ist \u201evon au\u00dferordentlicher Bedeutung und spektakul\u00e4rer Sch\u00f6nheit&#8220;, so die Pal\u00e4ontologen Giorgio Carnevale und Giuseppe Marram\u00e0 von der Universit\u00e4t Turin, die es untersuchten.<\/p>\n<p>Die \u201ePesciara von Bolca\u201c ist seit dem 16. Jahrhundert f\u00fcr den au\u00dfergew\u00f6hnlichen Zustand der Fossilien bekannt, die in ihr gefunden wurden und werden. Das nun entdeckte Fossil geh\u00f6rt zu einer neuen Fischart, die zur Gruppe der Knorpelfische z\u00e4hlt, zu der auch Stachelrochen, Seeadler und riesige Mantarochen geh\u00f6ren.Die Rochenarten unterteilen sich heute in zwei Gruppen: die der \u201eDasyatidea\u201c (Stechrochen), die haupts\u00e4chlich auf dem Meeresboden leben, und die \u201eMyliobatidea\u201c, wie Seeadler und Mantarochen, die im offenen Meer leben. F\u00fcr Carnevale und Marram\u00e0 ist das in Bolca entdeckte Fossil eine neue Art, denn es zeichnet sich durch eine eigent\u00fcmliche Anatomie aus. Die neue Art k\u00f6nnte eine \u201e\u00dcbergangsform&#8220; der beiden Gruppen (Dasyatidea und Myliobatidea) darstellen oder sie k\u00f6nnte eine Art gemeinsamer Vorfahre sein. F\u00fcr die Forscher ist die ausgestorbene Art mit Sicherheit als \u201eein weiteres evolution\u00e4res Experiment\u201c anzusehen, das von myliotierischen Fischen w\u00e4hrend ihrer langen Geschichte durchgef\u00fchrt wurde. Eine Geschichte, die vor etwa 130 Millionen Jahren begann und bis heute andauert.<\/p>\n<p>&nbsp;<\/p>\n","protected":false},"excerpt":{"rendered":"<p>Das Fisch-Fossil ist \u201evon au\u00dferordentlicher Bedeutung und spektakul\u00e4rer Sch\u00f6nheit&#8220;<\/p>\n","protected":false},"author":9,"featured_media":7892,"comment_status":"open","ping_status":"open","sticky":false,"template":"","format":"standard","meta":[],"categories":[4,6],"tags":[1546,1547,1548,1549,1550,1551,86,1552,1553],"news-destination":[],"news-source":[],"is_homepage":[],"ta_other":[],"featured_media_details":{"width":1024,"height":458,"file":"2021\/11\/Il-reperto-star-degli-ultimi-ritrovamenti-2.jpg","sizes":{"thumbnail":{"file":"Il-reperto-star-degli-ultimi-ritrovamenti-2-150x150.jpg","width":150,"height":150,"mime-type":"image\/jpeg","source_url":"https:\/\/www.gardaseezeitung.it\/gardaseezeitung_new\/de\/wp-content\/uploads\/sites\/2\/2021\/11\/Il-reperto-star-degli-ultimi-ritrovamenti-2-150x150.jpg"},"medium":{"file":"Il-reperto-star-degli-ultimi-ritrovamenti-2-300x134.jpg","width":300,"height":134,"mime-type":"image\/jpeg","source_url":"https:\/\/www.gardaseezeitung.it\/gardaseezeitung_new\/de\/wp-content\/uploads\/sites\/2\/2021\/11\/Il-reperto-star-degli-ultimi-ritrovamenti-2-300x134.jpg"},"medium_large":{"file":"Il-reperto-star-degli-ultimi-ritrovamenti-2-768x344.jpg","width":768,"height":344,"mime-type":"image\/jpeg","source_url":"https:\/\/www.gardaseezeitung.it\/gardaseezeitung_new\/de\/wp-content\/uploads\/sites\/2\/2021\/11\/Il-reperto-star-degli-ultimi-ritrovamenti-2-768x344.jpg"},"large":{"file":"Il-reperto-star-degli-ultimi-ritrovamenti-2-1024x458.jpg","width":1024,"height":458,"mime-type":"image\/jpeg","source_url":"https:\/\/www.gardaseezeitung.it\/gardaseezeitung_new\/de\/wp-content\/uploads\/sites\/2\/2021\/11\/Il-reperto-star-degli-ultimi-ritrovamenti-2-1024x458.jpg"},"big_image":{"file":"Il-reperto-star-degli-ultimi-ritrovamenti-2-750x335.jpg","width":750,"height":335,"mime-type":"image\/jpeg","source_url":"https:\/\/www.gardaseezeitung.it\/gardaseezeitung_new\/de\/wp-content\/uploads\/sites\/2\/2021\/11\/Il-reperto-star-degli-ultimi-ritrovamenti-2-750x335.jpg"},"guest-author-32":{"file":"Il-reperto-star-degli-ultimi-ritrovamenti-2-32x32.jpg","width":32,"height":32,"mime-type":"image\/jpeg","source_url":"https:\/\/www.gardaseezeitung.it\/gardaseezeitung_new\/de\/wp-content\/uploads\/sites\/2\/2021\/11\/Il-reperto-star-degli-ultimi-ritrovamenti-2-32x32.jpg"},"guest-author-50":{"file":"Il-reperto-star-degli-ultimi-ritrovamenti-2-50x50.jpg","width":50,"height":50,"mime-type":"image\/jpeg","source_url":"https:\/\/www.gardaseezeitung.it\/gardaseezeitung_new\/de\/wp-content\/uploads\/sites\/2\/2021\/11\/Il-reperto-star-degli-ultimi-ritrovamenti-2-50x50.jpg"},"guest-author-64":{"file":"Il-reperto-star-degli-ultimi-ritrovamenti-2-64x64.jpg","width":64,"height":64,"mime-type":"image\/jpeg","source_url":"https:\/\/www.gardaseezeitung.it\/gardaseezeitung_new\/de\/wp-content\/uploads\/sites\/2\/2021\/11\/Il-reperto-star-degli-ultimi-ritrovamenti-2-64x64.jpg"},"guest-author-96":{"file":"Il-reperto-star-degli-ultimi-ritrovamenti-2-96x96.jpg","width":96,"height":96,"mime-type":"image\/jpeg","source_url":"https:\/\/www.gardaseezeitung.it\/gardaseezeitung_new\/de\/wp-content\/uploads\/sites\/2\/2021\/11\/Il-reperto-star-degli-ultimi-ritrovamenti-2-96x96.jpg"},"guest-author-128":{"file":"Il-reperto-star-degli-ultimi-ritrovamenti-2-128x128.jpg","width":128,"height":128,"mime-type":"image\/jpeg","source_url":"https:\/\/www.gardaseezeitung.it\/gardaseezeitung_new\/de\/wp-content\/uploads\/sites\/2\/2021\/11\/Il-reperto-star-degli-ultimi-ritrovamenti-2-128x128.jpg"},"full":{"file":"Il-reperto-star-degli-ultimi-ritrovamenti-2.jpg","width":1024,"height":458,"mime_type":"","source_url":"https:\/\/www.gardaseezeitung.it\/gardaseezeitung_new\/de\/wp-content\/uploads\/sites\/2\/2021\/11\/Il-reperto-star-degli-ultimi-ritrovamenti-2.jpg"}},"image_meta":{"aperture":"0","credit":"","camera":"","caption":"","created_timestamp":"0","copyright":"","focal_length":"0","iso":"0","shutter_speed":"0","title":"","orientation":"1","keywords":[]}},"_links":{"self":[{"href":"https:\/\/www.gardaseezeitung.it\/gardaseezeitung_new\/de\/wp-json\/wp\/v2\/posts\/7893"}],"collection":[{"href":"https:\/\/www.gardaseezeitung.it\/gardaseezeitung_new\/de\/wp-json\/wp\/v2\/posts"}],"about":[{"href":"https:\/\/www.gardaseezeitung.it\/gardaseezeitung_new\/de\/wp-json\/wp\/v2\/types\/post"}],"author":[{"embeddable":true,"href":"https:\/\/www.gardaseezeitung.it\/gardaseezeitung_new\/de\/wp-json\/wp\/v2\/users\/9"}],"replies":[{"embeddable":true,"href":"https:\/\/www.gardaseezeitung.it\/gardaseezeitung_new\/de\/wp-json\/wp\/v2\/comments?post=7893"}],"version-history":[{"count":1,"href":"https:\/\/www.gardaseezeitung.it\/gardaseezeitung_new\/de\/wp-json\/wp\/v2\/posts\/7893\/revisions"}],"predecessor-version":[{"id":7894,"href":"https:\/\/www.gardaseezeitung.it\/gardaseezeitung_new\/de\/wp-json\/wp\/v2\/posts\/7893\/revisions\/7894"}],"wp:featuredmedia":[{"embeddable":true,"href":"https:\/\/www.gardaseezeitung.it\/gardaseezeitung_new\/de\/wp-json\/wp\/v2\/media\/7892"}],"wp:attachment":[{"href":"https:\/\/www.gardaseezeitung.it\/gardaseezeitung_new\/de\/wp-json\/wp\/v2\/media?parent=7893"}],"wp:term":[{"taxonomy":"category","embeddable":true,"href":"https:\/\/www.gardaseezeitung.it\/gardaseezeitung_new\/de\/wp-json\/wp\/v2\/categories?post=7893"},{"taxonomy":"post_tag","embeddable":true,"href":"https:\/\/www.gardaseezeitung.it\/gardaseezeitung_new\/de\/wp-json\/wp\/v2\/tags?post=7893"},{"taxonomy":"news-destination","embeddable":true,"href":"https:\/\/www.gardaseezeitung.it\/gardaseezeitung_new\/de\/wp-json\/wp\/v2\/news-destination?post=7893"},{"taxonomy":"news-source","embeddable":true,"href":"https:\/\/www.gardaseezeitung.it\/gardaseezeitung_new\/de\/wp-json\/wp\/v2\/news-source?post=7893"},{"taxonomy":"is_homepage","embeddable":true,"href":"https:\/\/www.gardaseezeitung.it\/gardaseezeitung_new\/de\/wp-json\/wp\/v2\/is_homepage?post=7893"},{"taxonomy":"ta_other","embeddable":true,"href":"https:\/\/www.gardaseezeitung.it\/gardaseezeitung_new\/de\/wp-json\/wp\/v2\/ta_other?post=7893"}],"curies":[{"name":"wp","href":"https:\/\/api.w.org\/{rel}","templated":true}]}}