{"id":79,"date":"2019-02-27T15:07:28","date_gmt":"2019-02-27T15:07:28","guid":{"rendered":"http:\/\/euwp08.newsmemory.com\/gardaseezeitung_new\/news\/?p=79"},"modified":"2019-02-27T15:07:31","modified_gmt":"2019-02-27T15:07:31","slug":"gemeinnutziges-projekt-in-verona-angelaufen","status":"publish","type":"post","link":"https:\/\/www.gardaseezeitung.it\/2019\/02\/27\/gemeinnutziges-projekt-in-verona-angelaufen\/","title":{"rendered":"Gemeinn\u00fctziges Projekt in Verona angelaufen"},"content":{"rendered":"<p>Die Kommission der Landvermesser der Provinz Verona hat mit Professionalit\u00e4t und Leidenschaft kostenlos ein wichtiges Projekt zugunsten der Stadt Verona in Angriff genommen.<\/p>\n<p>Die Initiative l\u00e4uft in Zusammenarbeit mit dem Stra\u00dfen- und Gartenamt sowie mit dem Amt f\u00fcr Stadtplanung und Entfernung architektonischer Barrieren der Stadt Verona. Mit dabei ist auch eine Gruppe von Sch\u00fclern des Instituts \u201eCangrande della Scala&#8220;.<br \/>\nEinige Vermessungsingenieure der Kommission stellten sich nun zur Verf\u00fcgung, um alle technischen Aspekte zu untersuchen, die f\u00fcr die Sanierung der Piazza Fra&#8216; Giovanni und f\u00fcr die Beseitigung der architektonischen Barrieren der Giarina-G\u00e4rten in der Innenstadt erforderlich sind. Im Rahmen des Projekts ist die Schaffung eines Fu\u00dfg\u00e4ngerweges vorgesehen, der auch f\u00fcr Menschen mit Behinderungen geeignet ist, und dies im Bereich Lungadige Re Teodorico, Giarina-G\u00e4rten, Piazza Fra&#8216; Giovanni und Piazza Isolo.<br \/>\nDas Projekt wurde vom Pr\u00e4sidenten der Landvermesser-Kommission, Fiorenzo Furlani, dem Stadtrat f\u00fcr Stra\u00dfen und G\u00e4rten, Marco Padovani, der Schulleiterin des \u201eCangrande&#8220;, Sara Agostini, zusammen mit dem Professor Aldo Romanelli und der Stadtr\u00e4tin Paola Bressan sowie etwa drei\u00dfig Sch\u00fclern des \u201eCangrande&#8220; vorgestellt.<br \/>\nDie Eingriffe erfolgen in erster Linie in Folge eines funktionalen Bedarfs. Derzeit wird der Verkehr durch einen Mini-Kreisverkehr und eine kleine dreieckige Insel geregelt. Oft werden jedoch die auf dem Boden platzierten Plastikpoller von Autofahrern ignoriert und manchmal wird der Kreisverkehr in die falsche Richtung angefahren. In anderen F\u00e4llen wird der Verkehr durch Falschparker beeintr\u00e4chtigt.<br \/>\nIn direktem Zusammenhang mit diesen Sanierungsma\u00dfnahmen besteht die Notwendigkeit, einen Fu\u00dfg\u00e4ngerweg zu schaffen, der auch von Menschen mit Behinderungen genutzt werden kann. Das Projekt zielt darauf ab, einen \u201egef\u00fchrten&#8220; Fu\u00dfg\u00e4ngerweg zu schaffen, der von Lungadige Re Teodorico durch die Giarina-G\u00e4rten f\u00fchrt und von der Piazza Fra &#8218;Giovanni zur Piazza Isolo, denn: diese Area ist eine wichtige Verbindung zwischen dem r\u00f6mischen Theater und der Piazza Isolo &#8211; hier befinden sich Parkpl\u00e4tze, die Post, Banken und zahlreiche andere Dienstleistungen.<\/p>\n","protected":false},"excerpt":{"rendered":"","protected":false},"author":1,"featured_media":80,"comment_status":"open","ping_status":"open","sticky":false,"template":"","format":"standard","meta":[],"categories":[6],"tags":[],"news-destination":[],"news-source":[],"is_homepage":[],"ta_other":[],"featured_media_details":{"width":620,"height":354,"file":"2019\/02\/46cc34a94d80d6eac4fa785db84fa1e2_L.jpg","sizes":{"thumbnail":{"file":"46cc34a94d80d6eac4fa785db84fa1e2_L-150x150.jpg","width":150,"height":150,"mime-type":"image\/jpeg","source_url":"https:\/\/www.gardaseezeitung.it\/gardaseezeitung_new\/de\/wp-content\/uploads\/sites\/2\/2019\/02\/46cc34a94d80d6eac4fa785db84fa1e2_L-150x150.jpg"},"medium":{"file":"46cc34a94d80d6eac4fa785db84fa1e2_L-300x171.jpg","width":300,"height":171,"mime-type":"image\/jpeg","source_url":"https:\/\/www.gardaseezeitung.it\/gardaseezeitung_new\/de\/wp-content\/uploads\/sites\/2\/2019\/02\/46cc34a94d80d6eac4fa785db84fa1e2_L-300x171.jpg"},"full":{"file":"46cc34a94d80d6eac4fa785db84fa1e2_L.jpg","width":620,"height":354,"mime_type":"","source_url":"https:\/\/www.gardaseezeitung.it\/gardaseezeitung_new\/de\/wp-content\/uploads\/sites\/2\/2019\/02\/46cc34a94d80d6eac4fa785db84fa1e2_L.jpg"}},"image_meta":{"aperture":"0","credit":"","camera":"","caption":"","created_timestamp":"0","copyright":"","focal_length":"0","iso":"0","shutter_speed":"0","title":"","orientation":"0","keywords":[]}},"_links":{"self":[{"href":"https:\/\/www.gardaseezeitung.it\/gardaseezeitung_new\/de\/wp-json\/wp\/v2\/posts\/79"}],"collection":[{"href":"https:\/\/www.gardaseezeitung.it\/gardaseezeitung_new\/de\/wp-json\/wp\/v2\/posts"}],"about":[{"href":"https:\/\/www.gardaseezeitung.it\/gardaseezeitung_new\/de\/wp-json\/wp\/v2\/types\/post"}],"author":[{"embeddable":true,"href":"https:\/\/www.gardaseezeitung.it\/gardaseezeitung_new\/de\/wp-json\/wp\/v2\/users\/1"}],"replies":[{"embeddable":true,"href":"https:\/\/www.gardaseezeitung.it\/gardaseezeitung_new\/de\/wp-json\/wp\/v2\/comments?post=79"}],"version-history":[{"count":1,"href":"https:\/\/www.gardaseezeitung.it\/gardaseezeitung_new\/de\/wp-json\/wp\/v2\/posts\/79\/revisions"}],"predecessor-version":[{"id":81,"href":"https:\/\/www.gardaseezeitung.it\/gardaseezeitung_new\/de\/wp-json\/wp\/v2\/posts\/79\/revisions\/81"}],"wp:featuredmedia":[{"embeddable":true,"href":"https:\/\/www.gardaseezeitung.it\/gardaseezeitung_new\/de\/wp-json\/wp\/v2\/media\/80"}],"wp:attachment":[{"href":"https:\/\/www.gardaseezeitung.it\/gardaseezeitung_new\/de\/wp-json\/wp\/v2\/media?parent=79"}],"wp:term":[{"taxonomy":"category","embeddable":true,"href":"https:\/\/www.gardaseezeitung.it\/gardaseezeitung_new\/de\/wp-json\/wp\/v2\/categories?post=79"},{"taxonomy":"post_tag","embeddable":true,"href":"https:\/\/www.gardaseezeitung.it\/gardaseezeitung_new\/de\/wp-json\/wp\/v2\/tags?post=79"},{"taxonomy":"news-destination","embeddable":true,"href":"https:\/\/www.gardaseezeitung.it\/gardaseezeitung_new\/de\/wp-json\/wp\/v2\/news-destination?post=79"},{"taxonomy":"news-source","embeddable":true,"href":"https:\/\/www.gardaseezeitung.it\/gardaseezeitung_new\/de\/wp-json\/wp\/v2\/news-source?post=79"},{"taxonomy":"is_homepage","embeddable":true,"href":"https:\/\/www.gardaseezeitung.it\/gardaseezeitung_new\/de\/wp-json\/wp\/v2\/is_homepage?post=79"},{"taxonomy":"ta_other","embeddable":true,"href":"https:\/\/www.gardaseezeitung.it\/gardaseezeitung_new\/de\/wp-json\/wp\/v2\/ta_other?post=79"}],"curies":[{"name":"wp","href":"https:\/\/api.w.org\/{rel}","templated":true}]}}