{"id":8015,"date":"2021-11-15T18:45:14","date_gmt":"2021-11-15T17:45:14","guid":{"rendered":"http:\/\/euwp08.newsmemory.com\/gardaseezeitung_new\/de\/2021\/11\/15\/tanz-ab-dienstag-16-november-love-poems-riva-del-garda\/"},"modified":"2021-11-15T18:45:34","modified_gmt":"2021-06-18T18:45:34","slug":"tanz-ab-dienstag-16-november-love-poems-riva-del-garda","status":"publish","type":"post","link":"https:\/\/www.gardaseezeitung.it\/2021\/11\/15\/tanz-ab-dienstag-16-november-love-poems-riva-del-garda\/","title":{"rendered":"Tanz: ab Dienstag, 16. November &#8222;Love Poems&#8220; in Riva del Garda"},"content":{"rendered":"<p>&nbsp;<\/p>\n<p>Die erste der Tanzveranstaltungen ist &#8222;Love Poems&#8220; der MM Contemporary Dance Company, die sich dem Publikum mit drei neuen Choreographien im Namen des zeitgen\u00f6ssischen Tanzes pr\u00e4sentiert: &#8222;Duetto inoffensivo&#8220; von Mauro Bigonzetti, &#8222;Brutal Love Poems&#8220; von Thomas Noone und &#8222;Vivaldi umane passioni&#8220; von Michele Merola. Die Show findet in der Sala Garda des Palazzo dei Congressi in Riva del Garda statt und beginnt um 21 Uhr. Die drei Choreografien zeichnen sich durch eine starke Musikalit\u00e4t, Interpretationsf\u00e4higkeit und Technik aus, die die stilistische Vielseitigkeit und das au\u00dfergew\u00f6hnliche K\u00f6nnen der T\u00e4nzerinnen und T\u00e4nzer hervorheben. Von einem St\u00fcck zum n\u00e4chsten wird der Tanz eins mit der Musik und verbindet sich mit ihrem kompositorischen Reichtum dank Choreografien, die Bewegung, Plastizit\u00e4t, aber auch die Bedeutung der einzelnen Geste in den Vordergrund stellen. Die Choreographien werden von sieben T\u00e4nzerinnen und T\u00e4nzern des MMCDC aufgef\u00fchrt, einer Spitzenorganisation des italienischen Tanzes, die bereits in ganz Italien aufgetreten ist.<br \/>\nDie Karten k\u00f6nnen bis zum Tag der Auff\u00fchrung im Vorverkauf online unter www.primiallaprima.it oder bei den Casse Rurali (Landsparkassen) w\u00e4hrend der \u00d6ffnungszeiten erworben werden. Die Karten k\u00f6nnen am Tag der Auff\u00fchrung ab 20 Uhr direkt an der Kasse des Palazzo dei Congressi erworben werden. Es gibt keine Dauerkarten. Der Eintritt kostet 12 Euro, erm\u00e4\u00dfigt 8 Euro, erm\u00e4\u00dfigt f\u00fcr Jugendliche und Tanzschulen 5 Euro.<br \/>\nInfos: geb\u00fchrenfreie Telefonnummer 800 013952, puntoinfo@centrosantachiara.it, www.csc.tn.it<br \/>\nCoordinamento Teatrale Trentino www.trentinospettacoli.it.<\/p>\n<p>&nbsp;<\/p>\n<p>&nbsp;<\/p>\n","protected":false},"excerpt":{"rendered":"<p>Die Tanzschau innerhalb der Theatersaison von Riva del Garda und Nago-Torbole beginnt<\/p>\n","protected":false},"author":9,"featured_media":8014,"comment_status":"open","ping_status":"open","sticky":false,"template":"","format":"standard","meta":[],"categories":[5,6],"tags":[1590,1591,23,26,1592,1593,1594,1595,1596,221,1597,151],"news-destination":[],"news-source":[],"is_homepage":[],"ta_other":[],"featured_media_details":{"width":739,"height":492,"file":"2021\/11\/Brutal-Love-Poems_cor.-Thomas-Noone_foto-Tiziano-Ghidorsi_0584043_Light.jpg","sizes":{"thumbnail":{"file":"Brutal-Love-Poems_cor.-Thomas-Noone_foto-Tiziano-Ghidorsi_0584043_Light-150x150.jpg","width":150,"height":150,"mime-type":"image\/jpeg","source_url":"https:\/\/www.gardaseezeitung.it\/gardaseezeitung_new\/de\/wp-content\/uploads\/sites\/2\/2021\/11\/Brutal-Love-Poems_cor.-Thomas-Noone_foto-Tiziano-Ghidorsi_0584043_Light-150x150.jpg"},"medium":{"file":"Brutal-Love-Poems_cor.-Thomas-Noone_foto-Tiziano-Ghidorsi_0584043_Light-300x200.jpg","width":300,"height":200,"mime-type":"image\/jpeg","source_url":"https:\/\/www.gardaseezeitung.it\/gardaseezeitung_new\/de\/wp-content\/uploads\/sites\/2\/2021\/11\/Brutal-Love-Poems_cor.-Thomas-Noone_foto-Tiziano-Ghidorsi_0584043_Light-300x200.jpg"},"guest-author-32":{"file":"Brutal-Love-Poems_cor.-Thomas-Noone_foto-Tiziano-Ghidorsi_0584043_Light-32x32.jpg","width":32,"height":32,"mime-type":"image\/jpeg","source_url":"https:\/\/www.gardaseezeitung.it\/gardaseezeitung_new\/de\/wp-content\/uploads\/sites\/2\/2021\/11\/Brutal-Love-Poems_cor.-Thomas-Noone_foto-Tiziano-Ghidorsi_0584043_Light-32x32.jpg"},"guest-author-50":{"file":"Brutal-Love-Poems_cor.-Thomas-Noone_foto-Tiziano-Ghidorsi_0584043_Light-50x50.jpg","width":50,"height":50,"mime-type":"image\/jpeg","source_url":"https:\/\/www.gardaseezeitung.it\/gardaseezeitung_new\/de\/wp-content\/uploads\/sites\/2\/2021\/11\/Brutal-Love-Poems_cor.-Thomas-Noone_foto-Tiziano-Ghidorsi_0584043_Light-50x50.jpg"},"guest-author-64":{"file":"Brutal-Love-Poems_cor.-Thomas-Noone_foto-Tiziano-Ghidorsi_0584043_Light-64x64.jpg","width":64,"height":64,"mime-type":"image\/jpeg","source_url":"https:\/\/www.gardaseezeitung.it\/gardaseezeitung_new\/de\/wp-content\/uploads\/sites\/2\/2021\/11\/Brutal-Love-Poems_cor.-Thomas-Noone_foto-Tiziano-Ghidorsi_0584043_Light-64x64.jpg"},"guest-author-96":{"file":"Brutal-Love-Poems_cor.-Thomas-Noone_foto-Tiziano-Ghidorsi_0584043_Light-96x96.jpg","width":96,"height":96,"mime-type":"image\/jpeg","source_url":"https:\/\/www.gardaseezeitung.it\/gardaseezeitung_new\/de\/wp-content\/uploads\/sites\/2\/2021\/11\/Brutal-Love-Poems_cor.-Thomas-Noone_foto-Tiziano-Ghidorsi_0584043_Light-96x96.jpg"},"guest-author-128":{"file":"Brutal-Love-Poems_cor.-Thomas-Noone_foto-Tiziano-Ghidorsi_0584043_Light-128x128.jpg","width":128,"height":128,"mime-type":"image\/jpeg","source_url":"https:\/\/www.gardaseezeitung.it\/gardaseezeitung_new\/de\/wp-content\/uploads\/sites\/2\/2021\/11\/Brutal-Love-Poems_cor.-Thomas-Noone_foto-Tiziano-Ghidorsi_0584043_Light-128x128.jpg"},"full":{"file":"Brutal-Love-Poems_cor.-Thomas-Noone_foto-Tiziano-Ghidorsi_0584043_Light.jpg","width":739,"height":492,"mime_type":"","source_url":"https:\/\/www.gardaseezeitung.it\/gardaseezeitung_new\/de\/wp-content\/uploads\/sites\/2\/2021\/11\/Brutal-Love-Poems_cor.-Thomas-Noone_foto-Tiziano-Ghidorsi_0584043_Light.jpg"}},"image_meta":{"aperture":"2.8","credit":"Tiziano Ghidorsi","camera":"NIKON D4","caption":"","created_timestamp":"1622054652","copyright":"Tiziano Ghidorsi","focal_length":"105","iso":"8000","shutter_speed":"0.003125","title":"","orientation":"1","keywords":[]}},"_links":{"self":[{"href":"https:\/\/www.gardaseezeitung.it\/gardaseezeitung_new\/de\/wp-json\/wp\/v2\/posts\/8015"}],"collection":[{"href":"https:\/\/www.gardaseezeitung.it\/gardaseezeitung_new\/de\/wp-json\/wp\/v2\/posts"}],"about":[{"href":"https:\/\/www.gardaseezeitung.it\/gardaseezeitung_new\/de\/wp-json\/wp\/v2\/types\/post"}],"author":[{"embeddable":true,"href":"https:\/\/www.gardaseezeitung.it\/gardaseezeitung_new\/de\/wp-json\/wp\/v2\/users\/9"}],"replies":[{"embeddable":true,"href":"https:\/\/www.gardaseezeitung.it\/gardaseezeitung_new\/de\/wp-json\/wp\/v2\/comments?post=8015"}],"version-history":[{"count":1,"href":"https:\/\/www.gardaseezeitung.it\/gardaseezeitung_new\/de\/wp-json\/wp\/v2\/posts\/8015\/revisions"}],"predecessor-version":[{"id":8016,"href":"https:\/\/www.gardaseezeitung.it\/gardaseezeitung_new\/de\/wp-json\/wp\/v2\/posts\/8015\/revisions\/8016"}],"wp:featuredmedia":[{"embeddable":true,"href":"https:\/\/www.gardaseezeitung.it\/gardaseezeitung_new\/de\/wp-json\/wp\/v2\/media\/8014"}],"wp:attachment":[{"href":"https:\/\/www.gardaseezeitung.it\/gardaseezeitung_new\/de\/wp-json\/wp\/v2\/media?parent=8015"}],"wp:term":[{"taxonomy":"category","embeddable":true,"href":"https:\/\/www.gardaseezeitung.it\/gardaseezeitung_new\/de\/wp-json\/wp\/v2\/categories?post=8015"},{"taxonomy":"post_tag","embeddable":true,"href":"https:\/\/www.gardaseezeitung.it\/gardaseezeitung_new\/de\/wp-json\/wp\/v2\/tags?post=8015"},{"taxonomy":"news-destination","embeddable":true,"href":"https:\/\/www.gardaseezeitung.it\/gardaseezeitung_new\/de\/wp-json\/wp\/v2\/news-destination?post=8015"},{"taxonomy":"news-source","embeddable":true,"href":"https:\/\/www.gardaseezeitung.it\/gardaseezeitung_new\/de\/wp-json\/wp\/v2\/news-source?post=8015"},{"taxonomy":"is_homepage","embeddable":true,"href":"https:\/\/www.gardaseezeitung.it\/gardaseezeitung_new\/de\/wp-json\/wp\/v2\/is_homepage?post=8015"},{"taxonomy":"ta_other","embeddable":true,"href":"https:\/\/www.gardaseezeitung.it\/gardaseezeitung_new\/de\/wp-json\/wp\/v2\/ta_other?post=8015"}],"curies":[{"name":"wp","href":"https:\/\/api.w.org\/{rel}","templated":true}]}}