{"id":8018,"date":"2021-11-15T11:40:09","date_gmt":"2021-11-15T10:40:09","guid":{"rendered":"http:\/\/euwp08.newsmemory.com\/gardaseezeitung_new\/de\/2021\/11\/15\/weintour-zwischen-den-weinbergen-nur-bis-zum-30-november\/"},"modified":"2021-11-15T15:52:08","modified_gmt":"2021-06-18T15:52:08","slug":"weintour-zwischen-den-weinbergen-nur-bis-zum-30-november","status":"publish","type":"post","link":"https:\/\/www.gardaseezeitung.it\/2021\/11\/15\/weintour-zwischen-den-weinbergen-nur-bis-zum-30-november\/","title":{"rendered":"Weintour zwischen den Weinbergen: nur bis zum 30. November"},"content":{"rendered":"<p>&nbsp;<\/p>\n<p>Was k\u00f6nnte aufregender sein, als einen Wein direkt in den W\u00e4ldern und Bauernh\u00f6fen zu schl\u00fcrfen, in denen er geboren wird? Spazieren Sie durch die Weinberge, atmen Sie den Duft der Trauben ein, probieren Sie die lokalen Produkte und \u2026 machen Sie eine gute Weintour! Sie erhalten ein Glas und eine Karte, um einer multisensorischen Reise in organisierte R\u00e4ume &#8222;Inseln&#8220; folgen zu k\u00f6nnen. Jeder von ihnen befindet sich in der N\u00e4he des Weinbergs, aus dem dieser bestimmte Wein hervorgegangen ist. Ein ausgewogener Kreislauf, der von der Erde ausgeht, sich in den Keller verwandelt und mit Ihrer Verkostung und der Erinnerung endet, die Sie sch\u00e4tzen werden. Eine Reise, auf der Sie mehr \u00fcber die verschiedenen Weinsorten von Borgo dei Posseri erfahren k\u00f6nnen. Die Aktivit\u00e4t findet komplett im Freien statt, der Besitz des Green Pass ist nicht erforderlich.<\/p>\n<p><em>\u00d6ffnungszeiten<\/em>: Montag bis Sonntag von 9.00 bis 18.00 Uhr. Bei der Buchung werden Sie gebeten, den bevorzugte Zeit, der dann vom Weingut best\u00e4tigt wird.Dauer der Erfahrung: mindestens 2, maximal 5 Stunden.<br \/>\n<em>Treffpunkt<\/em>: Loc. Pozzo Basso, 1, 38061 Ala (TN). Preise\u00a0Kosten der Erfahrung: \u20ac 30 pro Person.<br \/>\n<em>Teilnehmer<\/em>: mindestens 2, maximal 4 Personen. Bequeme Kleidung und Schuhe sowie eine Flasche Wasser werden empfohlen.Anmeldung: bis 12.00 Uhr am Tag vor der Aktivit\u00e4t. Im Falle einer Stornierung (von Apt entschieden und aus Gr\u00fcnden h\u00f6herer Gewalt) wird die Registrierungsgeb\u00fchr zur\u00fcckerstattet.<\/p>\n<p>Infos: Azienda per il Turismo Rovereto e Vallagarina<br \/>\nT: +39 0464 430363 F: +39 0464 435528<br \/>\ninfo@visitrovereto.it &#8211; www.visitrovereto.it<\/p>\n<p>&nbsp;<\/p>\n","protected":false},"excerpt":{"rendered":"<p>Ein multisensorisches Erlebnis in den Weinbergen von Vallagarina<\/p>\n","protected":false},"author":9,"featured_media":8017,"comment_status":"open","ping_status":"open","sticky":false,"template":"","format":"standard","meta":[],"categories":[4,5],"tags":[23,26,779,763,1598,1599],"news-destination":[],"news-source":[],"is_homepage":[],"ta_other":[],"featured_media_details":{"width":900,"height":597,"file":"2021\/11\/enotour-tra-i-vigneti_23695879_3.jpg","sizes":{"thumbnail":{"file":"enotour-tra-i-vigneti_23695879_3-150x150.jpg","width":150,"height":150,"mime-type":"image\/jpeg","source_url":"https:\/\/www.gardaseezeitung.it\/gardaseezeitung_new\/de\/wp-content\/uploads\/sites\/2\/2021\/11\/enotour-tra-i-vigneti_23695879_3-150x150.jpg"},"medium":{"file":"enotour-tra-i-vigneti_23695879_3-300x199.jpg","width":300,"height":199,"mime-type":"image\/jpeg","source_url":"https:\/\/www.gardaseezeitung.it\/gardaseezeitung_new\/de\/wp-content\/uploads\/sites\/2\/2021\/11\/enotour-tra-i-vigneti_23695879_3-300x199.jpg"},"medium_large":{"file":"enotour-tra-i-vigneti_23695879_3-768x509.jpg","width":768,"height":509,"mime-type":"image\/jpeg","source_url":"https:\/\/www.gardaseezeitung.it\/gardaseezeitung_new\/de\/wp-content\/uploads\/sites\/2\/2021\/11\/enotour-tra-i-vigneti_23695879_3-768x509.jpg"},"big_image":{"file":"enotour-tra-i-vigneti_23695879_3-750x498.jpg","width":750,"height":498,"mime-type":"image\/jpeg","source_url":"https:\/\/www.gardaseezeitung.it\/gardaseezeitung_new\/de\/wp-content\/uploads\/sites\/2\/2021\/11\/enotour-tra-i-vigneti_23695879_3-750x498.jpg"},"guest-author-32":{"file":"enotour-tra-i-vigneti_23695879_3-32x32.jpg","width":32,"height":32,"mime-type":"image\/jpeg","source_url":"https:\/\/www.gardaseezeitung.it\/gardaseezeitung_new\/de\/wp-content\/uploads\/sites\/2\/2021\/11\/enotour-tra-i-vigneti_23695879_3-32x32.jpg"},"guest-author-50":{"file":"enotour-tra-i-vigneti_23695879_3-50x50.jpg","width":50,"height":50,"mime-type":"image\/jpeg","source_url":"https:\/\/www.gardaseezeitung.it\/gardaseezeitung_new\/de\/wp-content\/uploads\/sites\/2\/2021\/11\/enotour-tra-i-vigneti_23695879_3-50x50.jpg"},"guest-author-64":{"file":"enotour-tra-i-vigneti_23695879_3-64x64.jpg","width":64,"height":64,"mime-type":"image\/jpeg","source_url":"https:\/\/www.gardaseezeitung.it\/gardaseezeitung_new\/de\/wp-content\/uploads\/sites\/2\/2021\/11\/enotour-tra-i-vigneti_23695879_3-64x64.jpg"},"guest-author-96":{"file":"enotour-tra-i-vigneti_23695879_3-96x96.jpg","width":96,"height":96,"mime-type":"image\/jpeg","source_url":"https:\/\/www.gardaseezeitung.it\/gardaseezeitung_new\/de\/wp-content\/uploads\/sites\/2\/2021\/11\/enotour-tra-i-vigneti_23695879_3-96x96.jpg"},"guest-author-128":{"file":"enotour-tra-i-vigneti_23695879_3-128x128.jpg","width":128,"height":128,"mime-type":"image\/jpeg","source_url":"https:\/\/www.gardaseezeitung.it\/gardaseezeitung_new\/de\/wp-content\/uploads\/sites\/2\/2021\/11\/enotour-tra-i-vigneti_23695879_3-128x128.jpg"},"full":{"file":"enotour-tra-i-vigneti_23695879_3.jpg","width":900,"height":597,"mime_type":"","source_url":"https:\/\/www.gardaseezeitung.it\/gardaseezeitung_new\/de\/wp-content\/uploads\/sites\/2\/2021\/11\/enotour-tra-i-vigneti_23695879_3.jpg"}},"image_meta":{"aperture":"0","credit":"","camera":"","caption":"","created_timestamp":"0","copyright":"","focal_length":"0","iso":"0","shutter_speed":"0","title":"","orientation":"0","keywords":[]}},"_links":{"self":[{"href":"https:\/\/www.gardaseezeitung.it\/gardaseezeitung_new\/de\/wp-json\/wp\/v2\/posts\/8018"}],"collection":[{"href":"https:\/\/www.gardaseezeitung.it\/gardaseezeitung_new\/de\/wp-json\/wp\/v2\/posts"}],"about":[{"href":"https:\/\/www.gardaseezeitung.it\/gardaseezeitung_new\/de\/wp-json\/wp\/v2\/types\/post"}],"author":[{"embeddable":true,"href":"https:\/\/www.gardaseezeitung.it\/gardaseezeitung_new\/de\/wp-json\/wp\/v2\/users\/9"}],"replies":[{"embeddable":true,"href":"https:\/\/www.gardaseezeitung.it\/gardaseezeitung_new\/de\/wp-json\/wp\/v2\/comments?post=8018"}],"version-history":[{"count":2,"href":"https:\/\/www.gardaseezeitung.it\/gardaseezeitung_new\/de\/wp-json\/wp\/v2\/posts\/8018\/revisions"}],"predecessor-version":[{"id":8122,"href":"https:\/\/www.gardaseezeitung.it\/gardaseezeitung_new\/de\/wp-json\/wp\/v2\/posts\/8018\/revisions\/8122"}],"wp:featuredmedia":[{"embeddable":true,"href":"https:\/\/www.gardaseezeitung.it\/gardaseezeitung_new\/de\/wp-json\/wp\/v2\/media\/8017"}],"wp:attachment":[{"href":"https:\/\/www.gardaseezeitung.it\/gardaseezeitung_new\/de\/wp-json\/wp\/v2\/media?parent=8018"}],"wp:term":[{"taxonomy":"category","embeddable":true,"href":"https:\/\/www.gardaseezeitung.it\/gardaseezeitung_new\/de\/wp-json\/wp\/v2\/categories?post=8018"},{"taxonomy":"post_tag","embeddable":true,"href":"https:\/\/www.gardaseezeitung.it\/gardaseezeitung_new\/de\/wp-json\/wp\/v2\/tags?post=8018"},{"taxonomy":"news-destination","embeddable":true,"href":"https:\/\/www.gardaseezeitung.it\/gardaseezeitung_new\/de\/wp-json\/wp\/v2\/news-destination?post=8018"},{"taxonomy":"news-source","embeddable":true,"href":"https:\/\/www.gardaseezeitung.it\/gardaseezeitung_new\/de\/wp-json\/wp\/v2\/news-source?post=8018"},{"taxonomy":"is_homepage","embeddable":true,"href":"https:\/\/www.gardaseezeitung.it\/gardaseezeitung_new\/de\/wp-json\/wp\/v2\/is_homepage?post=8018"},{"taxonomy":"ta_other","embeddable":true,"href":"https:\/\/www.gardaseezeitung.it\/gardaseezeitung_new\/de\/wp-json\/wp\/v2\/ta_other?post=8018"}],"curies":[{"name":"wp","href":"https:\/\/api.w.org\/{rel}","templated":true}]}}