{"id":8142,"date":"2021-11-17T15:15:08","date_gmt":"2021-11-17T14:15:08","guid":{"rendered":"http:\/\/euwp08.newsmemory.com\/gardaseezeitung_new\/de\/2021\/11\/17\/erdbeben-gardasee-keine-verletzten-oder-schaeden-verzeichnet\/"},"modified":"2021-11-17T15:15:09","modified_gmt":"2021-06-20T15:15:09","slug":"erdbeben-gardasee-keine-verletzten-oder-schaeden-verzeichnet","status":"publish","type":"post","link":"https:\/\/www.gardaseezeitung.it\/2021\/11\/17\/erdbeben-gardasee-keine-verletzten-oder-schaeden-verzeichnet\/","title":{"rendered":"Erdbeben am Gardasee: keine Verletzten oder Sch\u00e4den verzeichnet"},"content":{"rendered":"<p>&nbsp;<\/p>\n<p>Das Beben der St\u00e4rke ML 3,0 ereignete sich um 8.54 Uhr in einer Tiefe von neun Kilometern (geografische Koordinaten: 45,633 Breitengrad, 10,662 L\u00e4ngengrad). Sowohl in Torri als auch in anderen D\u00f6rfern am See und im Landesinneren gab es mehrere Berichte \u00fcber das Erdbeben. Derzeit gibt es jedoch keine Berichte \u00fcber Verletzungen oder Sch\u00e4den.<\/p>\n<p>&nbsp;<\/p>\n","protected":false},"excerpt":{"rendered":"<p>Epizentrum in der Mitte des Gardasees, drei Kilometer nordwestlich von Torri del Ben\u00e0co<\/p>\n","protected":false},"author":9,"featured_media":8141,"comment_status":"open","ping_status":"open","sticky":false,"template":"","format":"standard","meta":[],"categories":[2],"tags":[1636,1637,32],"news-destination":[],"news-source":[],"is_homepage":[],"ta_other":[],"featured_media_details":{"width":768,"height":493,"file":"2021\/11\/terremoto-oggi-verona-brescia-768x693.jpg","sizes":{"thumbnail":{"file":"terremoto-oggi-verona-brescia-768x693-150x150.jpg","width":150,"height":150,"mime-type":"image\/jpeg","source_url":"https:\/\/www.gardaseezeitung.it\/gardaseezeitung_new\/de\/wp-content\/uploads\/sites\/2\/2021\/11\/terremoto-oggi-verona-brescia-768x693-150x150.jpg"},"medium":{"file":"terremoto-oggi-verona-brescia-768x693-300x193.jpg","width":300,"height":193,"mime-type":"image\/jpeg","source_url":"https:\/\/www.gardaseezeitung.it\/gardaseezeitung_new\/de\/wp-content\/uploads\/sites\/2\/2021\/11\/terremoto-oggi-verona-brescia-768x693-300x193.jpg"},"medium_large":{"file":"terremoto-oggi-verona-brescia-768x693-768x493.jpg","width":768,"height":493,"mime-type":"image\/jpeg","source_url":"https:\/\/www.gardaseezeitung.it\/gardaseezeitung_new\/de\/wp-content\/uploads\/sites\/2\/2021\/11\/terremoto-oggi-verona-brescia-768x693-768x493.jpg"},"big_image":{"file":"terremoto-oggi-verona-brescia-768x693-750x481.jpg","width":750,"height":481,"mime-type":"image\/jpeg","source_url":"https:\/\/www.gardaseezeitung.it\/gardaseezeitung_new\/de\/wp-content\/uploads\/sites\/2\/2021\/11\/terremoto-oggi-verona-brescia-768x693-750x481.jpg"},"guest-author-32":{"file":"terremoto-oggi-verona-brescia-768x693-32x32.jpg","width":32,"height":32,"mime-type":"image\/jpeg","source_url":"https:\/\/www.gardaseezeitung.it\/gardaseezeitung_new\/de\/wp-content\/uploads\/sites\/2\/2021\/11\/terremoto-oggi-verona-brescia-768x693-32x32.jpg"},"guest-author-50":{"file":"terremoto-oggi-verona-brescia-768x693-50x50.jpg","width":50,"height":50,"mime-type":"image\/jpeg","source_url":"https:\/\/www.gardaseezeitung.it\/gardaseezeitung_new\/de\/wp-content\/uploads\/sites\/2\/2021\/11\/terremoto-oggi-verona-brescia-768x693-50x50.jpg"},"guest-author-64":{"file":"terremoto-oggi-verona-brescia-768x693-64x64.jpg","width":64,"height":64,"mime-type":"image\/jpeg","source_url":"https:\/\/www.gardaseezeitung.it\/gardaseezeitung_new\/de\/wp-content\/uploads\/sites\/2\/2021\/11\/terremoto-oggi-verona-brescia-768x693-64x64.jpg"},"guest-author-96":{"file":"terremoto-oggi-verona-brescia-768x693-96x96.jpg","width":96,"height":96,"mime-type":"image\/jpeg","source_url":"https:\/\/www.gardaseezeitung.it\/gardaseezeitung_new\/de\/wp-content\/uploads\/sites\/2\/2021\/11\/terremoto-oggi-verona-brescia-768x693-96x96.jpg"},"guest-author-128":{"file":"terremoto-oggi-verona-brescia-768x693-128x128.jpg","width":128,"height":128,"mime-type":"image\/jpeg","source_url":"https:\/\/www.gardaseezeitung.it\/gardaseezeitung_new\/de\/wp-content\/uploads\/sites\/2\/2021\/11\/terremoto-oggi-verona-brescia-768x693-128x128.jpg"},"full":{"file":"terremoto-oggi-verona-brescia-768x693.jpg","width":768,"height":493,"mime_type":"","source_url":"https:\/\/www.gardaseezeitung.it\/gardaseezeitung_new\/de\/wp-content\/uploads\/sites\/2\/2021\/11\/terremoto-oggi-verona-brescia-768x693.jpg"}},"image_meta":{"aperture":"0","credit":"","camera":"","caption":"","created_timestamp":"0","copyright":"","focal_length":"0","iso":"0","shutter_speed":"0","title":"","orientation":"1","keywords":[]}},"_links":{"self":[{"href":"https:\/\/www.gardaseezeitung.it\/gardaseezeitung_new\/de\/wp-json\/wp\/v2\/posts\/8142"}],"collection":[{"href":"https:\/\/www.gardaseezeitung.it\/gardaseezeitung_new\/de\/wp-json\/wp\/v2\/posts"}],"about":[{"href":"https:\/\/www.gardaseezeitung.it\/gardaseezeitung_new\/de\/wp-json\/wp\/v2\/types\/post"}],"author":[{"embeddable":true,"href":"https:\/\/www.gardaseezeitung.it\/gardaseezeitung_new\/de\/wp-json\/wp\/v2\/users\/9"}],"replies":[{"embeddable":true,"href":"https:\/\/www.gardaseezeitung.it\/gardaseezeitung_new\/de\/wp-json\/wp\/v2\/comments?post=8142"}],"version-history":[{"count":1,"href":"https:\/\/www.gardaseezeitung.it\/gardaseezeitung_new\/de\/wp-json\/wp\/v2\/posts\/8142\/revisions"}],"predecessor-version":[{"id":8143,"href":"https:\/\/www.gardaseezeitung.it\/gardaseezeitung_new\/de\/wp-json\/wp\/v2\/posts\/8142\/revisions\/8143"}],"wp:featuredmedia":[{"embeddable":true,"href":"https:\/\/www.gardaseezeitung.it\/gardaseezeitung_new\/de\/wp-json\/wp\/v2\/media\/8141"}],"wp:attachment":[{"href":"https:\/\/www.gardaseezeitung.it\/gardaseezeitung_new\/de\/wp-json\/wp\/v2\/media?parent=8142"}],"wp:term":[{"taxonomy":"category","embeddable":true,"href":"https:\/\/www.gardaseezeitung.it\/gardaseezeitung_new\/de\/wp-json\/wp\/v2\/categories?post=8142"},{"taxonomy":"post_tag","embeddable":true,"href":"https:\/\/www.gardaseezeitung.it\/gardaseezeitung_new\/de\/wp-json\/wp\/v2\/tags?post=8142"},{"taxonomy":"news-destination","embeddable":true,"href":"https:\/\/www.gardaseezeitung.it\/gardaseezeitung_new\/de\/wp-json\/wp\/v2\/news-destination?post=8142"},{"taxonomy":"news-source","embeddable":true,"href":"https:\/\/www.gardaseezeitung.it\/gardaseezeitung_new\/de\/wp-json\/wp\/v2\/news-source?post=8142"},{"taxonomy":"is_homepage","embeddable":true,"href":"https:\/\/www.gardaseezeitung.it\/gardaseezeitung_new\/de\/wp-json\/wp\/v2\/is_homepage?post=8142"},{"taxonomy":"ta_other","embeddable":true,"href":"https:\/\/www.gardaseezeitung.it\/gardaseezeitung_new\/de\/wp-json\/wp\/v2\/ta_other?post=8142"}],"curies":[{"name":"wp","href":"https:\/\/api.w.org\/{rel}","templated":true}]}}