{"id":8477,"date":"2021-11-26T12:30:06","date_gmt":"2021-11-26T11:30:06","guid":{"rendered":"http:\/\/euwp08.newsmemory.com\/gardaseezeitung_new\/de\/2021\/11\/26\/verona-teatro-filarmonico-sonntag-musik-mit-cocteau-und-menotti\/"},"modified":"2021-11-26T12:30:41","modified_gmt":"2021-06-29T12:30:41","slug":"verona-teatro-filarmonico-sonntag-musik-mit-cocteau-und-menotti","status":"publish","type":"post","link":"https:\/\/www.gardaseezeitung.it\/2021\/11\/26\/verona-teatro-filarmonico-sonntag-musik-mit-cocteau-und-menotti\/","title":{"rendered":"Verona, Teatro Filarmonico: Sonntag in Musik mit Poulenc, Cocteau und Menotti"},"content":{"rendered":"<p>&nbsp;<\/p>\n<p>Die k\u00fcnstlerische Saison 2021 der Fondazione Arena di Verona im Teatro Filarmonico endet mit zwei Vorstellungen, die sich um das Telefon drehen. Die Sopranistin Lavinia Bini spielt in der musikalischen Adaption von Poulenc eines ber\u00fchmten St\u00fccks von Jean Cocteau <em>La Voix humaine\u00a0<\/em>eine Frau, die von einem schmerzhaften Abschied verzweifelt ist. Gegen\u00fcber, aber erg\u00e4nzend, ist <em>Das Telefon<\/em>, eine kurze komische Oper von Gian Carlo Menotti, die nie in Verona aufgef\u00fchrt wurde: Daniela Cappiello und Francesco Verna spielen Lucy und Ben. Das Orchester der Fondazione Arena wird von Francesco Lanzillotta dirigiert, w\u00e4hrend die neue Inszenierung unter der Regie von Federica Zagatti Wolf-Ferrari steht. Das B\u00fchnenbild stammt von Maria Spazzi, die Kost\u00fcme von Lorena Marin und die Beleuchtung von Paolo Mazzon.\u00a0Wiederholungen:<br \/>\nDienstag, 30. November um 19.00 Uhr<br \/>\nDonnerstag, 2. Dezember um 20.00 Uhr<br \/>\nSonntag, 5. Dezember um 15.30 Uhr.<\/p>\n<p>Infos: www.arena.it<\/p>\n<p>&nbsp;<\/p>\n","protected":false},"excerpt":{"rendered":"<p>Sonntag, 28. November um 15.30 Uhr auf der B\u00fchne &#8222;La Voix humaine&#8220; und &#8222;Das Telefon&#8220;<\/p>\n","protected":false},"author":9,"featured_media":8476,"comment_status":"open","ping_status":"open","sticky":false,"template":"","format":"standard","meta":[],"categories":[2,4,5,6],"tags":[1668,1669,1780,1781,1670,23,1672,1673,1782,1783,1784,1785,1786,277,1787,38],"news-destination":[],"news-source":[],"is_homepage":[],"ta_other":[],"featured_media_details":{"width":3600,"height":2400,"file":"2021\/11\/La-Voix-Humaine-_Ennevifoto_FondazioneArena_DSCF9584.jpg","sizes":{"thumbnail":{"file":"La-Voix-Humaine-_Ennevifoto_FondazioneArena_DSCF9584-150x150.jpg","width":150,"height":150,"mime-type":"image\/jpeg","source_url":"https:\/\/www.gardaseezeitung.it\/gardaseezeitung_new\/de\/wp-content\/uploads\/sites\/2\/2021\/11\/La-Voix-Humaine-_Ennevifoto_FondazioneArena_DSCF9584-150x150.jpg"},"medium":{"file":"La-Voix-Humaine-_Ennevifoto_FondazioneArena_DSCF9584-300x200.jpg","width":300,"height":200,"mime-type":"image\/jpeg","source_url":"https:\/\/www.gardaseezeitung.it\/gardaseezeitung_new\/de\/wp-content\/uploads\/sites\/2\/2021\/11\/La-Voix-Humaine-_Ennevifoto_FondazioneArena_DSCF9584-300x200.jpg"},"medium_large":{"file":"La-Voix-Humaine-_Ennevifoto_FondazioneArena_DSCF9584-768x512.jpg","width":768,"height":512,"mime-type":"image\/jpeg","source_url":"https:\/\/www.gardaseezeitung.it\/gardaseezeitung_new\/de\/wp-content\/uploads\/sites\/2\/2021\/11\/La-Voix-Humaine-_Ennevifoto_FondazioneArena_DSCF9584-768x512.jpg"},"large":{"file":"La-Voix-Humaine-_Ennevifoto_FondazioneArena_DSCF9584-1024x683.jpg","width":1024,"height":683,"mime-type":"image\/jpeg","source_url":"https:\/\/www.gardaseezeitung.it\/gardaseezeitung_new\/de\/wp-content\/uploads\/sites\/2\/2021\/11\/La-Voix-Humaine-_Ennevifoto_FondazioneArena_DSCF9584-1024x683.jpg"},"big_image":{"file":"La-Voix-Humaine-_Ennevifoto_FondazioneArena_DSCF9584-750x500.jpg","width":750,"height":500,"mime-type":"image\/jpeg","source_url":"https:\/\/www.gardaseezeitung.it\/gardaseezeitung_new\/de\/wp-content\/uploads\/sites\/2\/2021\/11\/La-Voix-Humaine-_Ennevifoto_FondazioneArena_DSCF9584-750x500.jpg"},"guest-author-32":{"file":"La-Voix-Humaine-_Ennevifoto_FondazioneArena_DSCF9584-32x32.jpg","width":32,"height":32,"mime-type":"image\/jpeg","source_url":"https:\/\/www.gardaseezeitung.it\/gardaseezeitung_new\/de\/wp-content\/uploads\/sites\/2\/2021\/11\/La-Voix-Humaine-_Ennevifoto_FondazioneArena_DSCF9584-32x32.jpg"},"guest-author-50":{"file":"La-Voix-Humaine-_Ennevifoto_FondazioneArena_DSCF9584-50x50.jpg","width":50,"height":50,"mime-type":"image\/jpeg","source_url":"https:\/\/www.gardaseezeitung.it\/gardaseezeitung_new\/de\/wp-content\/uploads\/sites\/2\/2021\/11\/La-Voix-Humaine-_Ennevifoto_FondazioneArena_DSCF9584-50x50.jpg"},"guest-author-64":{"file":"La-Voix-Humaine-_Ennevifoto_FondazioneArena_DSCF9584-64x64.jpg","width":64,"height":64,"mime-type":"image\/jpeg","source_url":"https:\/\/www.gardaseezeitung.it\/gardaseezeitung_new\/de\/wp-content\/uploads\/sites\/2\/2021\/11\/La-Voix-Humaine-_Ennevifoto_FondazioneArena_DSCF9584-64x64.jpg"},"guest-author-96":{"file":"La-Voix-Humaine-_Ennevifoto_FondazioneArena_DSCF9584-96x96.jpg","width":96,"height":96,"mime-type":"image\/jpeg","source_url":"https:\/\/www.gardaseezeitung.it\/gardaseezeitung_new\/de\/wp-content\/uploads\/sites\/2\/2021\/11\/La-Voix-Humaine-_Ennevifoto_FondazioneArena_DSCF9584-96x96.jpg"},"guest-author-128":{"file":"La-Voix-Humaine-_Ennevifoto_FondazioneArena_DSCF9584-128x128.jpg","width":128,"height":128,"mime-type":"image\/jpeg","source_url":"https:\/\/www.gardaseezeitung.it\/gardaseezeitung_new\/de\/wp-content\/uploads\/sites\/2\/2021\/11\/La-Voix-Humaine-_Ennevifoto_FondazioneArena_DSCF9584-128x128.jpg"},"full":{"file":"La-Voix-Humaine-_Ennevifoto_FondazioneArena_DSCF9584.jpg","width":3600,"height":2400,"mime_type":"","source_url":"https:\/\/www.gardaseezeitung.it\/gardaseezeitung_new\/de\/wp-content\/uploads\/sites\/2\/2021\/11\/La-Voix-Humaine-_Ennevifoto_FondazioneArena_DSCF9584.jpg"}},"image_meta":{"aperture":"1","credit":"","camera":"","caption":"","created_timestamp":"1637695817","copyright":"","focal_length":"9.0909090909091","iso":"2000","shutter_speed":"1","title":"","orientation":"1","keywords":[]}},"_links":{"self":[{"href":"https:\/\/www.gardaseezeitung.it\/gardaseezeitung_new\/de\/wp-json\/wp\/v2\/posts\/8477"}],"collection":[{"href":"https:\/\/www.gardaseezeitung.it\/gardaseezeitung_new\/de\/wp-json\/wp\/v2\/posts"}],"about":[{"href":"https:\/\/www.gardaseezeitung.it\/gardaseezeitung_new\/de\/wp-json\/wp\/v2\/types\/post"}],"author":[{"embeddable":true,"href":"https:\/\/www.gardaseezeitung.it\/gardaseezeitung_new\/de\/wp-json\/wp\/v2\/users\/9"}],"replies":[{"embeddable":true,"href":"https:\/\/www.gardaseezeitung.it\/gardaseezeitung_new\/de\/wp-json\/wp\/v2\/comments?post=8477"}],"version-history":[{"count":2,"href":"https:\/\/www.gardaseezeitung.it\/gardaseezeitung_new\/de\/wp-json\/wp\/v2\/posts\/8477\/revisions"}],"predecessor-version":[{"id":8479,"href":"https:\/\/www.gardaseezeitung.it\/gardaseezeitung_new\/de\/wp-json\/wp\/v2\/posts\/8477\/revisions\/8479"}],"wp:featuredmedia":[{"embeddable":true,"href":"https:\/\/www.gardaseezeitung.it\/gardaseezeitung_new\/de\/wp-json\/wp\/v2\/media\/8476"}],"wp:attachment":[{"href":"https:\/\/www.gardaseezeitung.it\/gardaseezeitung_new\/de\/wp-json\/wp\/v2\/media?parent=8477"}],"wp:term":[{"taxonomy":"category","embeddable":true,"href":"https:\/\/www.gardaseezeitung.it\/gardaseezeitung_new\/de\/wp-json\/wp\/v2\/categories?post=8477"},{"taxonomy":"post_tag","embeddable":true,"href":"https:\/\/www.gardaseezeitung.it\/gardaseezeitung_new\/de\/wp-json\/wp\/v2\/tags?post=8477"},{"taxonomy":"news-destination","embeddable":true,"href":"https:\/\/www.gardaseezeitung.it\/gardaseezeitung_new\/de\/wp-json\/wp\/v2\/news-destination?post=8477"},{"taxonomy":"news-source","embeddable":true,"href":"https:\/\/www.gardaseezeitung.it\/gardaseezeitung_new\/de\/wp-json\/wp\/v2\/news-source?post=8477"},{"taxonomy":"is_homepage","embeddable":true,"href":"https:\/\/www.gardaseezeitung.it\/gardaseezeitung_new\/de\/wp-json\/wp\/v2\/is_homepage?post=8477"},{"taxonomy":"ta_other","embeddable":true,"href":"https:\/\/www.gardaseezeitung.it\/gardaseezeitung_new\/de\/wp-json\/wp\/v2\/ta_other?post=8477"}],"curies":[{"name":"wp","href":"https:\/\/api.w.org\/{rel}","templated":true}]}}