{"id":8484,"date":"2021-11-29T09:45:18","date_gmt":"2021-11-29T08:45:18","guid":{"rendered":"http:\/\/euwp08.newsmemory.com\/gardaseezeitung_new\/de\/2021\/11\/29\/denkmalsanlage-san-martino-della-battaglia-kann-auch-im-winter-besichtigt-werden\/"},"modified":"2021-11-29T10:43:42","modified_gmt":"2021-07-02T10:43:42","slug":"denkmalsanlage-san-martino-della-battaglia-kann-auch-im-winter-besichtigt-werden","status":"publish","type":"post","link":"https:\/\/www.gardaseezeitung.it\/2021\/11\/29\/denkmalsanlage-san-martino-della-battaglia-kann-auch-im-winter-besichtigt-werden\/","title":{"rendered":"Denkmalsanlage San Martino della Battaglia kann auch im Winter besichtigt werden"},"content":{"rendered":"<p>&nbsp;<\/p>\n<p>Die Verwalter der Anlage gaben vor Kurzem die neuen \u00d6ffnungszeiten bekannt. Bis zum 8. Dezember sind der Turm und das Museum von San Martino von dienstags bis sonntags ge\u00f6ffnet. Ausnahmsweise bleibt die Anlage auch am Montag, des 6. Dezember ge\u00f6ffnet. Nach dem 8. Dezember ist die Anlage dann nur an den Wochenenden ge\u00f6ffnet: am 11. und 12. Dezember sowie am 18. und 19. Dezember. Am Weihnachtswochenende (24. und 25. Dezember) bleibt die Museumsanlage geschlossen, w\u00e4hrend sie an den darauffolgenden Tagen vom 26. Dezember bis zum 6. Januar t\u00e4glich ge\u00f6ffnet ist (mit Ausnahme der Montage). Vom 8. Januar bis Mitte M\u00e4rz kann man den Turm und das nahegelegene Museum nur an den Wochenenden besichtigen. \u00d6ffnungszeiten: 9 bis 12.30 Uhr und 14 bis 17.30 Uhr.<\/p>\n<p>&nbsp;<\/p>\n","protected":false},"excerpt":{"rendered":"<p>Die Denkmalsanlage von San Martino della Battaglia kann auch im Dezember und im Laufe der Weihnachtsfeiertage besichtigt werden<\/p>\n","protected":false},"author":9,"featured_media":8490,"comment_status":"open","ping_status":"open","sticky":false,"template":"","format":"standard","meta":[],"categories":[4,6],"tags":[23,26,1788,1789],"news-destination":[],"news-source":[],"is_homepage":[],"ta_other":[],"featured_media_details":{"width":851,"height":315,"file":"2021\/11\/b2e4d7588efac6ffac0fd1819e61b743ae41a6e7-1.jpeg","sizes":{"thumbnail":{"file":"b2e4d7588efac6ffac0fd1819e61b743ae41a6e7-1-150x150.jpeg","width":150,"height":150,"mime-type":"image\/jpeg","source_url":"https:\/\/www.gardaseezeitung.it\/gardaseezeitung_new\/de\/wp-content\/uploads\/sites\/2\/2021\/11\/b2e4d7588efac6ffac0fd1819e61b743ae41a6e7-1-150x150.jpeg"},"medium":{"file":"b2e4d7588efac6ffac0fd1819e61b743ae41a6e7-1-300x111.jpeg","width":300,"height":111,"mime-type":"image\/jpeg","source_url":"https:\/\/www.gardaseezeitung.it\/gardaseezeitung_new\/de\/wp-content\/uploads\/sites\/2\/2021\/11\/b2e4d7588efac6ffac0fd1819e61b743ae41a6e7-1-300x111.jpeg"},"medium_large":{"file":"b2e4d7588efac6ffac0fd1819e61b743ae41a6e7-1-768x284.jpeg","width":768,"height":284,"mime-type":"image\/jpeg","source_url":"https:\/\/www.gardaseezeitung.it\/gardaseezeitung_new\/de\/wp-content\/uploads\/sites\/2\/2021\/11\/b2e4d7588efac6ffac0fd1819e61b743ae41a6e7-1-768x284.jpeg"},"big_image":{"file":"b2e4d7588efac6ffac0fd1819e61b743ae41a6e7-1-750x278.jpeg","width":750,"height":278,"mime-type":"image\/jpeg","source_url":"https:\/\/www.gardaseezeitung.it\/gardaseezeitung_new\/de\/wp-content\/uploads\/sites\/2\/2021\/11\/b2e4d7588efac6ffac0fd1819e61b743ae41a6e7-1-750x278.jpeg"},"guest-author-32":{"file":"b2e4d7588efac6ffac0fd1819e61b743ae41a6e7-1-32x32.jpeg","width":32,"height":32,"mime-type":"image\/jpeg","source_url":"https:\/\/www.gardaseezeitung.it\/gardaseezeitung_new\/de\/wp-content\/uploads\/sites\/2\/2021\/11\/b2e4d7588efac6ffac0fd1819e61b743ae41a6e7-1-32x32.jpeg"},"guest-author-50":{"file":"b2e4d7588efac6ffac0fd1819e61b743ae41a6e7-1-50x50.jpeg","width":50,"height":50,"mime-type":"image\/jpeg","source_url":"https:\/\/www.gardaseezeitung.it\/gardaseezeitung_new\/de\/wp-content\/uploads\/sites\/2\/2021\/11\/b2e4d7588efac6ffac0fd1819e61b743ae41a6e7-1-50x50.jpeg"},"guest-author-64":{"file":"b2e4d7588efac6ffac0fd1819e61b743ae41a6e7-1-64x64.jpeg","width":64,"height":64,"mime-type":"image\/jpeg","source_url":"https:\/\/www.gardaseezeitung.it\/gardaseezeitung_new\/de\/wp-content\/uploads\/sites\/2\/2021\/11\/b2e4d7588efac6ffac0fd1819e61b743ae41a6e7-1-64x64.jpeg"},"guest-author-96":{"file":"b2e4d7588efac6ffac0fd1819e61b743ae41a6e7-1-96x96.jpeg","width":96,"height":96,"mime-type":"image\/jpeg","source_url":"https:\/\/www.gardaseezeitung.it\/gardaseezeitung_new\/de\/wp-content\/uploads\/sites\/2\/2021\/11\/b2e4d7588efac6ffac0fd1819e61b743ae41a6e7-1-96x96.jpeg"},"guest-author-128":{"file":"b2e4d7588efac6ffac0fd1819e61b743ae41a6e7-1-128x128.jpeg","width":128,"height":128,"mime-type":"image\/jpeg","source_url":"https:\/\/www.gardaseezeitung.it\/gardaseezeitung_new\/de\/wp-content\/uploads\/sites\/2\/2021\/11\/b2e4d7588efac6ffac0fd1819e61b743ae41a6e7-1-128x128.jpeg"},"full":{"file":"b2e4d7588efac6ffac0fd1819e61b743ae41a6e7-1.jpeg","width":851,"height":315,"mime_type":"","source_url":"https:\/\/www.gardaseezeitung.it\/gardaseezeitung_new\/de\/wp-content\/uploads\/sites\/2\/2021\/11\/b2e4d7588efac6ffac0fd1819e61b743ae41a6e7-1.jpeg"}},"image_meta":{"aperture":"0","credit":"","camera":"","caption":"","created_timestamp":"0","copyright":"","focal_length":"0","iso":"0","shutter_speed":"0","title":"","orientation":"0","keywords":[]}},"_links":{"self":[{"href":"https:\/\/www.gardaseezeitung.it\/gardaseezeitung_new\/de\/wp-json\/wp\/v2\/posts\/8484"}],"collection":[{"href":"https:\/\/www.gardaseezeitung.it\/gardaseezeitung_new\/de\/wp-json\/wp\/v2\/posts"}],"about":[{"href":"https:\/\/www.gardaseezeitung.it\/gardaseezeitung_new\/de\/wp-json\/wp\/v2\/types\/post"}],"author":[{"embeddable":true,"href":"https:\/\/www.gardaseezeitung.it\/gardaseezeitung_new\/de\/wp-json\/wp\/v2\/users\/9"}],"replies":[{"embeddable":true,"href":"https:\/\/www.gardaseezeitung.it\/gardaseezeitung_new\/de\/wp-json\/wp\/v2\/comments?post=8484"}],"version-history":[{"count":1,"href":"https:\/\/www.gardaseezeitung.it\/gardaseezeitung_new\/de\/wp-json\/wp\/v2\/posts\/8484\/revisions"}],"predecessor-version":[{"id":8485,"href":"https:\/\/www.gardaseezeitung.it\/gardaseezeitung_new\/de\/wp-json\/wp\/v2\/posts\/8484\/revisions\/8485"}],"wp:featuredmedia":[{"embeddable":true,"href":"https:\/\/www.gardaseezeitung.it\/gardaseezeitung_new\/de\/wp-json\/wp\/v2\/media\/8490"}],"wp:attachment":[{"href":"https:\/\/www.gardaseezeitung.it\/gardaseezeitung_new\/de\/wp-json\/wp\/v2\/media?parent=8484"}],"wp:term":[{"taxonomy":"category","embeddable":true,"href":"https:\/\/www.gardaseezeitung.it\/gardaseezeitung_new\/de\/wp-json\/wp\/v2\/categories?post=8484"},{"taxonomy":"post_tag","embeddable":true,"href":"https:\/\/www.gardaseezeitung.it\/gardaseezeitung_new\/de\/wp-json\/wp\/v2\/tags?post=8484"},{"taxonomy":"news-destination","embeddable":true,"href":"https:\/\/www.gardaseezeitung.it\/gardaseezeitung_new\/de\/wp-json\/wp\/v2\/news-destination?post=8484"},{"taxonomy":"news-source","embeddable":true,"href":"https:\/\/www.gardaseezeitung.it\/gardaseezeitung_new\/de\/wp-json\/wp\/v2\/news-source?post=8484"},{"taxonomy":"is_homepage","embeddable":true,"href":"https:\/\/www.gardaseezeitung.it\/gardaseezeitung_new\/de\/wp-json\/wp\/v2\/is_homepage?post=8484"},{"taxonomy":"ta_other","embeddable":true,"href":"https:\/\/www.gardaseezeitung.it\/gardaseezeitung_new\/de\/wp-json\/wp\/v2\/ta_other?post=8484"}],"curies":[{"name":"wp","href":"https:\/\/api.w.org\/{rel}","templated":true}]}}