{"id":8537,"date":"2021-12-03T17:57:05","date_gmt":"2021-12-03T16:57:05","guid":{"rendered":"http:\/\/euwp08.newsmemory.com\/gardaseezeitung_new\/de\/2021\/12\/03\/silvester-kreuzfahrt-auf-dem-suedlichen-teil-des-sees-mit-der-navigarda\/"},"modified":"2021-12-03T17:57:19","modified_gmt":"2021-07-06T17:57:19","slug":"silvester-kreuzfahrt-auf-dem-suedlichen-teil-des-sees-mit-der-navigarda","status":"publish","type":"post","link":"https:\/\/www.gardaseezeitung.it\/2021\/12\/03\/silvester-kreuzfahrt-auf-dem-suedlichen-teil-des-sees-mit-der-navigarda\/","title":{"rendered":"Silvester-Kreuzfahrt auf dem s\u00fcdlichen Teil des Sees mit der Navigarda"},"content":{"rendered":"<p>&nbsp;<\/p>\n<p>Das \u00f6ffentliche Schifffahrtsunternehmen Navigarda l\u00e4dt nach der Zwangspause im vergangenen Jahr in diesem Jahr wieder zu einem ganz besonderen Silvesterabend. Am 31. Dezember wird eine Kreuzfahrt auf dem s\u00fcdlichen Teil des Sees organisiert. Man kann so vom Schiff aus den Feuerwerken beiwohnen. Zur Teilnahme an der Kreuzfahrt auf der Tonale wird der Green Pass ben\u00f6tigt. Der Vorverkauf l\u00e4uft auf der Website navigazionelaghi.it, telefonisch unter 030.9149511 oder per E-Mail an infogarda@navigazionelaghi.it. Das Schiff legt um 21.00 Uhr in Desenzano ab. Nat\u00fcrlich wird auch f\u00fcr das leibliche Wohl gesorgt: w\u00e4hrend der Fahrt werden ein Antipasto (Parmaschinken und Salat mit Radicchio, Gefl\u00fcgelfleisch und Walln\u00fcssen sowie ein Gratin-T\u00f6rtchen), zwei erste G\u00e4nge (Ein Risotto und ein Pasta-Gericht), ein zweiter Gang mit Beilage (Rindfleischgericht mit Polenta und Kartoffeln) sowie ein Dessert (Pistazien-Nuss-Mousse), Wein (Groppello und Lugana) und Sekt serviert. Auch f\u00fcr musikalische Unterhaltung ist gesorgt. Die R\u00fcckkehr nach Desenzano ist f\u00fcr 1.30 Uhr vorgesehen, doch die Feierlichkeiten an Bord werden bis 2.30 Uhr fortgesetzt. \u201eDie Neujahrskreuzfahrt soll ein Zeichen der Ermutigung und guten Hoffnung f\u00fcr das kommende Jahr sein\u201c, so Direktor Mafale. \u201eUm die gesundheitliche Sicherheit zu gew\u00e4hrleisten, haben wir das \u00fcbliche Angebot an Restaurantpl\u00e4tzen an Bord deutlich reduziert.\u201c Der Ticketpreis bel\u00e4uft sich auf 145 Euro f\u00fcr Erwachsene und 100 Euro f\u00fcr Kinder (4-11 Jahre). Jeder Teilnehmer erh\u00e4lt auch ein Voucher f\u00fcr ein Tagesticket der Navigarda, das bis zum 31. Dezember 2022 genutzt werden kann.<\/p>\n<p>&nbsp;<\/p>\n","protected":false},"excerpt":{"rendered":"<p>Das Schiff legt um 21.00 Uhr in Desenzano ab<\/p>\n","protected":false},"author":9,"featured_media":8536,"comment_status":"open","ping_status":"open","sticky":false,"template":"","format":"standard","meta":[],"categories":[2,5,3],"tags":[23,26,1827,815,128,1828,1829],"news-destination":[],"news-source":[],"is_homepage":[],"ta_other":[],"featured_media_details":{"width":1024,"height":677,"file":"2021\/12\/Screenshot-2021-12-02-at-17.01.53.png","sizes":{"thumbnail":{"file":"Screenshot-2021-12-02-at-17.01.53-150x150.png","width":150,"height":150,"mime-type":"image\/png","source_url":"https:\/\/www.gardaseezeitung.it\/gardaseezeitung_new\/de\/wp-content\/uploads\/sites\/2\/2021\/12\/Screenshot-2021-12-02-at-17.01.53-150x150.png"},"medium":{"file":"Screenshot-2021-12-02-at-17.01.53-300x198.png","width":300,"height":198,"mime-type":"image\/png","source_url":"https:\/\/www.gardaseezeitung.it\/gardaseezeitung_new\/de\/wp-content\/uploads\/sites\/2\/2021\/12\/Screenshot-2021-12-02-at-17.01.53-300x198.png"},"medium_large":{"file":"Screenshot-2021-12-02-at-17.01.53-768x508.png","width":768,"height":508,"mime-type":"image\/png","source_url":"https:\/\/www.gardaseezeitung.it\/gardaseezeitung_new\/de\/wp-content\/uploads\/sites\/2\/2021\/12\/Screenshot-2021-12-02-at-17.01.53-768x508.png"},"large":{"file":"Screenshot-2021-12-02-at-17.01.53-1024x677.png","width":1024,"height":677,"mime-type":"image\/png","source_url":"https:\/\/www.gardaseezeitung.it\/gardaseezeitung_new\/de\/wp-content\/uploads\/sites\/2\/2021\/12\/Screenshot-2021-12-02-at-17.01.53-1024x677.png"},"big_image":{"file":"Screenshot-2021-12-02-at-17.01.53-750x496.png","width":750,"height":496,"mime-type":"image\/png","source_url":"https:\/\/www.gardaseezeitung.it\/gardaseezeitung_new\/de\/wp-content\/uploads\/sites\/2\/2021\/12\/Screenshot-2021-12-02-at-17.01.53-750x496.png"},"guest-author-32":{"file":"Screenshot-2021-12-02-at-17.01.53-32x32.png","width":32,"height":32,"mime-type":"image\/png","source_url":"https:\/\/www.gardaseezeitung.it\/gardaseezeitung_new\/de\/wp-content\/uploads\/sites\/2\/2021\/12\/Screenshot-2021-12-02-at-17.01.53-32x32.png"},"guest-author-50":{"file":"Screenshot-2021-12-02-at-17.01.53-50x50.png","width":50,"height":50,"mime-type":"image\/png","source_url":"https:\/\/www.gardaseezeitung.it\/gardaseezeitung_new\/de\/wp-content\/uploads\/sites\/2\/2021\/12\/Screenshot-2021-12-02-at-17.01.53-50x50.png"},"guest-author-64":{"file":"Screenshot-2021-12-02-at-17.01.53-64x64.png","width":64,"height":64,"mime-type":"image\/png","source_url":"https:\/\/www.gardaseezeitung.it\/gardaseezeitung_new\/de\/wp-content\/uploads\/sites\/2\/2021\/12\/Screenshot-2021-12-02-at-17.01.53-64x64.png"},"guest-author-96":{"file":"Screenshot-2021-12-02-at-17.01.53-96x96.png","width":96,"height":96,"mime-type":"image\/png","source_url":"https:\/\/www.gardaseezeitung.it\/gardaseezeitung_new\/de\/wp-content\/uploads\/sites\/2\/2021\/12\/Screenshot-2021-12-02-at-17.01.53-96x96.png"},"guest-author-128":{"file":"Screenshot-2021-12-02-at-17.01.53-128x128.png","width":128,"height":128,"mime-type":"image\/png","source_url":"https:\/\/www.gardaseezeitung.it\/gardaseezeitung_new\/de\/wp-content\/uploads\/sites\/2\/2021\/12\/Screenshot-2021-12-02-at-17.01.53-128x128.png"},"full":{"file":"Screenshot-2021-12-02-at-17.01.53.png","width":1024,"height":677,"mime_type":"","source_url":"https:\/\/www.gardaseezeitung.it\/gardaseezeitung_new\/de\/wp-content\/uploads\/sites\/2\/2021\/12\/Screenshot-2021-12-02-at-17.01.53.png"}},"image_meta":{"aperture":"0","credit":"","camera":"","caption":"","created_timestamp":"0","copyright":"","focal_length":"0","iso":"0","shutter_speed":"0","title":"","orientation":"0","keywords":[]}},"_links":{"self":[{"href":"https:\/\/www.gardaseezeitung.it\/gardaseezeitung_new\/de\/wp-json\/wp\/v2\/posts\/8537"}],"collection":[{"href":"https:\/\/www.gardaseezeitung.it\/gardaseezeitung_new\/de\/wp-json\/wp\/v2\/posts"}],"about":[{"href":"https:\/\/www.gardaseezeitung.it\/gardaseezeitung_new\/de\/wp-json\/wp\/v2\/types\/post"}],"author":[{"embeddable":true,"href":"https:\/\/www.gardaseezeitung.it\/gardaseezeitung_new\/de\/wp-json\/wp\/v2\/users\/9"}],"replies":[{"embeddable":true,"href":"https:\/\/www.gardaseezeitung.it\/gardaseezeitung_new\/de\/wp-json\/wp\/v2\/comments?post=8537"}],"version-history":[{"count":1,"href":"https:\/\/www.gardaseezeitung.it\/gardaseezeitung_new\/de\/wp-json\/wp\/v2\/posts\/8537\/revisions"}],"predecessor-version":[{"id":8538,"href":"https:\/\/www.gardaseezeitung.it\/gardaseezeitung_new\/de\/wp-json\/wp\/v2\/posts\/8537\/revisions\/8538"}],"wp:featuredmedia":[{"embeddable":true,"href":"https:\/\/www.gardaseezeitung.it\/gardaseezeitung_new\/de\/wp-json\/wp\/v2\/media\/8536"}],"wp:attachment":[{"href":"https:\/\/www.gardaseezeitung.it\/gardaseezeitung_new\/de\/wp-json\/wp\/v2\/media?parent=8537"}],"wp:term":[{"taxonomy":"category","embeddable":true,"href":"https:\/\/www.gardaseezeitung.it\/gardaseezeitung_new\/de\/wp-json\/wp\/v2\/categories?post=8537"},{"taxonomy":"post_tag","embeddable":true,"href":"https:\/\/www.gardaseezeitung.it\/gardaseezeitung_new\/de\/wp-json\/wp\/v2\/tags?post=8537"},{"taxonomy":"news-destination","embeddable":true,"href":"https:\/\/www.gardaseezeitung.it\/gardaseezeitung_new\/de\/wp-json\/wp\/v2\/news-destination?post=8537"},{"taxonomy":"news-source","embeddable":true,"href":"https:\/\/www.gardaseezeitung.it\/gardaseezeitung_new\/de\/wp-json\/wp\/v2\/news-source?post=8537"},{"taxonomy":"is_homepage","embeddable":true,"href":"https:\/\/www.gardaseezeitung.it\/gardaseezeitung_new\/de\/wp-json\/wp\/v2\/is_homepage?post=8537"},{"taxonomy":"ta_other","embeddable":true,"href":"https:\/\/www.gardaseezeitung.it\/gardaseezeitung_new\/de\/wp-json\/wp\/v2\/ta_other?post=8537"}],"curies":[{"name":"wp","href":"https:\/\/api.w.org\/{rel}","templated":true}]}}