{"id":9035,"date":"2021-12-06T11:56:32","date_gmt":"2021-12-06T10:56:32","guid":{"rendered":"http:\/\/euwp08.newsmemory.com\/gardaseezeitung_new\/de\/2021\/12\/06\/weihnachtsstimmung-bis-zum-9-januar-gibt-es-gardaland-magic-winter\/"},"modified":"2021-12-06T11:56:27","modified_gmt":"2021-07-09T11:56:27","slug":"weihnachtsstimmung-bis-zum-9-januar-gibt-es-gardaland-magic-winter","status":"publish","type":"post","link":"https:\/\/www.gardaseezeitung.it\/2021\/12\/06\/weihnachtsstimmung-bis-zum-9-januar-gibt-es-gardaland-magic-winter\/","title":{"rendered":"Weihnachtsstimmung: bis zum 9. Januar gibt es Gardaland Magic Winter"},"content":{"rendered":"<p>&nbsp;<\/p>\n<p>Gardaland Magic Winter wurde eingeweiht, die Winterveranstaltung, bei der stimmungsvolle Dekorationen, thematische Shows und besondere Aktivit\u00e4ten den Park in einen magischen Ort verwandeln, an dem man das Weihnachtsfest genie\u00dfen kann. Gardaland ist vom 4. bis 8. Dezember ge\u00f6ffnet; die Veranstaltung wird dann an den Wochenenden vom 11. bis 12., 18. bis 19. und 23. und 24. Dezember fortgesetzt. Ab dem 26. Dezember wird der Park bis zum 9. Januar 2022 t\u00e4glich ununterbrochen ge\u00f6ffnet bleiben.Prezzemolo, begleitet von T\u00e4nzern, begr\u00fc\u00dft die Besucher mit dem &#8222;Welcome to Magic Winter&#8220; auf den Noten des Weihnachtsliedes; entlang der Stra\u00dfen des Parks versetzen dann wundersch\u00f6ne Weihnachtsb\u00e4ume, niedliche Schneem\u00e4nner, kuriose Lebkuchenm\u00e4nner und funkelnde Lichter die Besucher in Weihnachtsstimmung.<\/p>\n<p>W\u00e4hrend des gesamten Zeitraums stehen die Hauptattraktionen zur Verf\u00fcgung &#8211; von den Attraktionen f\u00fcr die Kleinsten wie Transgardaland Express \u00fcber Familienattraktionen wie Mammut bis hin zu den eher adrenalingeladenen Attraktionen wie Raptor -, aber der Besuch wird auch durch die vielen spannenden Ausstellungen und Animationen bereichert, die die Besucher den ganzen Tag \u00fcber begleiten.<\/p>\n<p>Und das ist noch nicht alles: Es gibt auch eine Eislaufbahn, die &#8211; statt von schneebedeckten Bergen &#8211; von einem typisch arabischen Souk umgeben ist. Nicht verpassen sollte man auch den Winter Express mit Meisterwerken der Modelleisenbahn und Gardaland Memorabilia, die wundersch\u00f6ne Ausstellung von Modellen, die Gardaland&#8217;s kultigste Attraktionen und einige einzigartige St\u00fccke aus der Geschichte des Parks darstellen.<\/p>\n<p>Auch das Miniland, der gro\u00dfe Bereich im LEGOLAND Wasserpark Gardaland, in dem die ber\u00fchmtesten Monumente des italienischen Territoriums mit LEGO Steinen nachgebaut wurden, kann w\u00e4hrend des Gardaland Magic Winters weiterhin besucht werden.\u2028W\u00e4hrend der Weihnachtsfeiertage spielt gutes Essen in den italienischen Haushalten die Hauptrolle, und Gardaland steht dem in nichts nach: K\u00fcrt\u0151skal\u00e1cs, Weihnachtspl\u00e4tzchen, in hei\u00dfe Schokolade getauchte Marshmallows und viele andere Leckereien locken die Besucher zu einer k\u00f6stlichen Pause. Es besteht auch die M\u00f6glichkeit, an einer Schokoladenverkostung teilzunehmen.Au\u00dferdem gibt es zahlreiche Themenshows, die Sie in die festliche Atmosph\u00e4re eintauchen lassen.\u2028Im Gardaland Theater wird &#8222;Il favoloso emporio di Natale (Das fabelhafte Weihnachtsimperium)&#8220; aufgef\u00fchrt, ein originelles und faszinierendes M\u00e4rchen in Form eines Live-Musicals mit \u00fcberraschenden Balletten, aufregenden Liedern, fabelhaften Kost\u00fcmen, stimmungsvollen Kulissen und spektakul\u00e4ren akrobatischen Nummern. Ein absolutes Novum ist die Anwesenheit eines Live-Orchesters, das sich aus 14 Elementen zusammensetzt, zus\u00e4tzlich zu einem kindlichen Protagonisten der Show und 4 talentierten Turnerinnen. Gardaland, das seit jeher mit der Welt des Kinos verbunden ist, hat zwischen Shows und besonderen Attraktionen eine besondere Ausstellung f\u00fcr Magic Winter geschaffen: Fans von Kino, Oldtimern und Modellautos k\u00f6nnen im Foyer des Gardaland Theatre eine Sammlung von Statuen von Filmschauspielern bewundern, darunter Humprey Bogart, Ingrid Bergman und Steve McQueen.<\/p>\n<p>Das gro\u00dfe Finale der m\u00e4rchenhaften Tage von Gardaland Magic Winter ist die Parade, die sich durch die Stra\u00dfen des Parks entwickelt und dann das Fantasy Kingdom erreicht, wo um 18 Uhr die spektakul\u00e4re Beleuchtung des Petersilienbaums stattfindet, der zu diesem Anlass mit Tausenden von pr\u00e4chtigen Lichtern geschm\u00fcckt wird, und die mit der Ankunft des Weihnachtsmanns unter einem stimmungsvollen Schneefall ihren H\u00f6hepunkt findet.<\/p>\n<p>InformationenW\u00e4hrend des Gardaland Magic Winters ist ein Kombiticket f\u00fcr 25 Euro f\u00fcr Erwachsene und 22 Euro f\u00fcr Erm\u00e4\u00dfigte erh\u00e4ltlich, das Gardaland Park, Miniland und auch das Gardaland SEA LIFE Aquarium umfasst.Der Park und das Gardaland SEA LIFE Aquarium sind vom 4. bis 8. Dezember von 10.30 Uhr bis 18.00 Uhr ge\u00f6ffnet, an den Wochenenden des 11. und 12. Dezembers, des 18. und 19. Dezembers, des 23. und 24. Dezembers und dann ununterbrochen vom 26. Dezember bis zum 9. Januar 2022.<\/p>\n<p>Anl\u00e4sslich von Silvester und Neujahr wurde stattdessen ein Ad-hoc-Paket f\u00fcr Aufenthalte zwischen dem 30. Dezember und dem 1. Januar geschn\u00fcrt, das zwei \u00dcbernachtungen, zwei Eintritte in den Gardaland Park und einen Eintritt in das Gardaland SEA LIFE Aquarium beinhaltet. Im Paket inbegriffen ist auch das gro\u00dfe Kino-Themenabendessen am 31. Dezember mit Animation, Tischunterhaltung und einem reichhaltigen Men\u00fc.<\/p>\n<p>Weitere Informationen \u00fcber Pauschalangebote und \u00d6ffnungszeiten finden Sie unter gardaland.it<\/p>\n<p>&nbsp;<\/p>\n","protected":false},"excerpt":{"rendered":"<p>Bis zum 9. Januar Dekorationen, thematische Shows und viele Aktivit\u00e4ten, um den Zauber von Weihnachten zu erleben<\/p>\n","protected":false},"author":9,"featured_media":9034,"comment_status":"open","ping_status":"open","sticky":false,"template":"","format":"standard","meta":[],"categories":[2,4,5],"tags":[1840,116,1241,1841,233,23,26,1243,1646],"news-destination":[],"news-source":[],"is_homepage":[],"ta_other":[],"featured_media_details":{"width":1024,"height":682,"file":"2021\/12\/GMW.png","sizes":{"thumbnail":{"file":"GMW-150x150.png","width":150,"height":150,"mime-type":"image\/png","source_url":"https:\/\/www.gardaseezeitung.it\/gardaseezeitung_new\/de\/wp-content\/uploads\/sites\/2\/2021\/12\/GMW-150x150.png"},"medium":{"file":"GMW-300x200.png","width":300,"height":200,"mime-type":"image\/png","source_url":"https:\/\/www.gardaseezeitung.it\/gardaseezeitung_new\/de\/wp-content\/uploads\/sites\/2\/2021\/12\/GMW-300x200.png"},"medium_large":{"file":"GMW-768x512.png","width":768,"height":512,"mime-type":"image\/png","source_url":"https:\/\/www.gardaseezeitung.it\/gardaseezeitung_new\/de\/wp-content\/uploads\/sites\/2\/2021\/12\/GMW-768x512.png"},"large":{"file":"GMW-1024x682.png","width":1024,"height":682,"mime-type":"image\/png","source_url":"https:\/\/www.gardaseezeitung.it\/gardaseezeitung_new\/de\/wp-content\/uploads\/sites\/2\/2021\/12\/GMW-1024x682.png"},"big_image":{"file":"GMW-750x500.png","width":750,"height":500,"mime-type":"image\/png","source_url":"https:\/\/www.gardaseezeitung.it\/gardaseezeitung_new\/de\/wp-content\/uploads\/sites\/2\/2021\/12\/GMW-750x500.png"},"guest-author-32":{"file":"GMW-32x32.png","width":32,"height":32,"mime-type":"image\/png","source_url":"https:\/\/www.gardaseezeitung.it\/gardaseezeitung_new\/de\/wp-content\/uploads\/sites\/2\/2021\/12\/GMW-32x32.png"},"guest-author-50":{"file":"GMW-50x50.png","width":50,"height":50,"mime-type":"image\/png","source_url":"https:\/\/www.gardaseezeitung.it\/gardaseezeitung_new\/de\/wp-content\/uploads\/sites\/2\/2021\/12\/GMW-50x50.png"},"guest-author-64":{"file":"GMW-64x64.png","width":64,"height":64,"mime-type":"image\/png","source_url":"https:\/\/www.gardaseezeitung.it\/gardaseezeitung_new\/de\/wp-content\/uploads\/sites\/2\/2021\/12\/GMW-64x64.png"},"guest-author-96":{"file":"GMW-96x96.png","width":96,"height":96,"mime-type":"image\/png","source_url":"https:\/\/www.gardaseezeitung.it\/gardaseezeitung_new\/de\/wp-content\/uploads\/sites\/2\/2021\/12\/GMW-96x96.png"},"guest-author-128":{"file":"GMW-128x128.png","width":128,"height":128,"mime-type":"image\/png","source_url":"https:\/\/www.gardaseezeitung.it\/gardaseezeitung_new\/de\/wp-content\/uploads\/sites\/2\/2021\/12\/GMW-128x128.png"},"full":{"file":"GMW.png","width":1024,"height":682,"mime_type":"","source_url":"https:\/\/www.gardaseezeitung.it\/gardaseezeitung_new\/de\/wp-content\/uploads\/sites\/2\/2021\/12\/GMW.png"}},"image_meta":{"aperture":"0","credit":"","camera":"","caption":"","created_timestamp":"0","copyright":"","focal_length":"0","iso":"0","shutter_speed":"0","title":"","orientation":"0","keywords":[]}},"_links":{"self":[{"href":"https:\/\/www.gardaseezeitung.it\/gardaseezeitung_new\/de\/wp-json\/wp\/v2\/posts\/9035"}],"collection":[{"href":"https:\/\/www.gardaseezeitung.it\/gardaseezeitung_new\/de\/wp-json\/wp\/v2\/posts"}],"about":[{"href":"https:\/\/www.gardaseezeitung.it\/gardaseezeitung_new\/de\/wp-json\/wp\/v2\/types\/post"}],"author":[{"embeddable":true,"href":"https:\/\/www.gardaseezeitung.it\/gardaseezeitung_new\/de\/wp-json\/wp\/v2\/users\/9"}],"replies":[{"embeddable":true,"href":"https:\/\/www.gardaseezeitung.it\/gardaseezeitung_new\/de\/wp-json\/wp\/v2\/comments?post=9035"}],"version-history":[{"count":1,"href":"https:\/\/www.gardaseezeitung.it\/gardaseezeitung_new\/de\/wp-json\/wp\/v2\/posts\/9035\/revisions"}],"predecessor-version":[{"id":9036,"href":"https:\/\/www.gardaseezeitung.it\/gardaseezeitung_new\/de\/wp-json\/wp\/v2\/posts\/9035\/revisions\/9036"}],"wp:featuredmedia":[{"embeddable":true,"href":"https:\/\/www.gardaseezeitung.it\/gardaseezeitung_new\/de\/wp-json\/wp\/v2\/media\/9034"}],"wp:attachment":[{"href":"https:\/\/www.gardaseezeitung.it\/gardaseezeitung_new\/de\/wp-json\/wp\/v2\/media?parent=9035"}],"wp:term":[{"taxonomy":"category","embeddable":true,"href":"https:\/\/www.gardaseezeitung.it\/gardaseezeitung_new\/de\/wp-json\/wp\/v2\/categories?post=9035"},{"taxonomy":"post_tag","embeddable":true,"href":"https:\/\/www.gardaseezeitung.it\/gardaseezeitung_new\/de\/wp-json\/wp\/v2\/tags?post=9035"},{"taxonomy":"news-destination","embeddable":true,"href":"https:\/\/www.gardaseezeitung.it\/gardaseezeitung_new\/de\/wp-json\/wp\/v2\/news-destination?post=9035"},{"taxonomy":"news-source","embeddable":true,"href":"https:\/\/www.gardaseezeitung.it\/gardaseezeitung_new\/de\/wp-json\/wp\/v2\/news-source?post=9035"},{"taxonomy":"is_homepage","embeddable":true,"href":"https:\/\/www.gardaseezeitung.it\/gardaseezeitung_new\/de\/wp-json\/wp\/v2\/is_homepage?post=9035"},{"taxonomy":"ta_other","embeddable":true,"href":"https:\/\/www.gardaseezeitung.it\/gardaseezeitung_new\/de\/wp-json\/wp\/v2\/ta_other?post=9035"}],"curies":[{"name":"wp","href":"https:\/\/api.w.org\/{rel}","templated":true}]}}