{"id":9045,"date":"2021-12-06T23:41:27","date_gmt":"2021-12-06T22:41:27","guid":{"rendered":"http:\/\/euwp08.newsmemory.com\/gardaseezeitung_new\/de\/2021\/12\/06\/zeit-die-magischste-zeit-des-jahres-im-nicolis-museum-zu-feiern\/"},"modified":"2021-12-07T11:50:09","modified_gmt":"2021-07-10T11:50:09","slug":"zeit-die-magischste-zeit-des-jahres-im-nicolis-museum-zu-feiern","status":"publish","type":"post","link":"https:\/\/www.gardaseezeitung.it\/2021\/12\/06\/zeit-die-magischste-zeit-des-jahres-im-nicolis-museum-zu-feiern\/","title":{"rendered":"Zeit, die magischste Zeit des Jahres im Nicolis-Museum zu feiern"},"content":{"rendered":"<p>&nbsp;<\/p>\n<p>Die zauberhafteste Zeit des Jahres steht vor der T\u00fcr und das Nicolis-Museum ist bereit, sie geb\u00fchrend zu feiern. Zu den Weihnachtsfeiertagen empf\u00e4ngt das Museum f\u00fcr Autos, Technik und Mechanik seine Besucher mit au\u00dfergew\u00f6hnlichen Er\u00f6ffnungen und Sonderaktionen.<\/p>\n<p>Den Anfang macht der 8. Dezember, der Tag der Unbefleckten Empf\u00e4ngnis: Die Nicolis ist ausnahmsweise von 10.00 bis 18.00 Uhr ge\u00f6ffnet, und um 15.00 Uhr findet eine kostenlose F\u00fchrung statt, die man nicht verpassen sollte. Die Teilnehmer erhalten eine Erm\u00e4\u00dfigung auf den vollen Eintrittspreis und eine Freikarte f\u00fcr Kinder bis zu 10 Jahren. Es ist ein aufregendes Eintauchen in die Vergangenheit zwischen Traumautos und wundersch\u00f6nen Oldtimerobjekten; eine einzigartige Gelegenheit f\u00fcr Erwachsene und Kinder.<\/p>\n<p>Am Donnerstag, den 9. Dezember, findet au\u00dferdem eine au\u00dfergew\u00f6hnliche Vernissage statt, bei der die seltenen mechanischen Meisterwerke, die der Gr\u00fcnder Luciano Nicolis mit Leidenschaft gesammelt und restauriert hat, vorgestellt werden. Das Museum ist wie gewohnt am Freitag, den 10., Samstag, den 11. und Sonntag, den 12. sowie am Freitag, den 17., Samstag, den 18. und Sonntag, den 19. ge\u00f6ffnet, jeweils von 10.00 bis 18.00 Uhr, durchgehend.<\/p>\n<p>In der Weihnachtswoche empf\u00e4ngt das Nicolis am Dienstag, 21., Mittwoch, 22. und Donnerstag, 23. Am zweiten Weihnachtsfeiertag, Sonntag, dem 26. Dezember, findet um 15.00 Uhr eine kostenlose F\u00fchrung statt, bei der der volle Eintrittspreis erm\u00e4\u00dfigt wird und Kinder bis zu 10 Jahren freien Eintritt haben.<\/p>\n<p>Die G\u00e4ste k\u00f6nnen den Zauber der Festtage erleben, indem sie die Geschichte und die Kuriosit\u00e4ten des Automobils entdecken. Eine Reise durch das 20. Jahrhundert, die die grundlegenden Etappen des Fahrzeugs nachzeichnet, das die Gesellschaft und das Leben der Menschheit am meisten ver\u00e4ndert hat: vom ersten Benzinverbrennungsmotor, der von Enrico Bernardi aus Verona patentiert wurde, bis zum legend\u00e4ren Delorean DMC 12, der durch den Film &#8222;Zur\u00fcck in die Zukunft&#8220; ber\u00fchmt wurde.Zur Er\u00f6ffnung des neuen Kulturjahres ist das Museum ausnahmsweise auch am Samstag, dem 1. Januar, von 14.00 bis 18.00 Uhr ge\u00f6ffnet; am Sonntag, dem 2. Januar, ist es regul\u00e4r von 10.00 bis 18.00 Uhr sowie von Donnerstag, dem 6. bis Sonntag, dem 9. Januar, ge\u00f6ffnet.Wer an der F\u00fchrung am Mittwoch, den 8. und Sonntag, den 26. Dezember teilnehmen m\u00f6chte, kann sich unter der Telefonnummer +39 045 63 03 289 oder per E-Mail an info@museonicolis.com anmelden.<\/p>\n<p>Nicolis Museum | Villafranca di Verona | Viale Postumia, 71.<br \/>\nEintrittskarten: Vollpreis 14 \u20ac | Erm\u00e4\u00dfigt 12 \u20ac | Kinder 6-10 Jahre: 6 \u20ac | 0-5 Jahre: frei<\/p>\n<p>&nbsp;<\/p>\n","protected":false},"excerpt":{"rendered":"<p>In Villafranca das Nicolis-Museum zur Weihnachtszeit ge\u00f6ffnet<\/p>\n","protected":false},"author":9,"featured_media":9044,"comment_status":"open","ping_status":"open","sticky":false,"template":"","format":"standard","meta":[],"categories":[2,4,6],"tags":[1849,23,26,463,1357,530,1850],"news-destination":[],"news-source":[],"is_homepage":[],"ta_other":[],"featured_media_details":{"width":1024,"height":683,"file":"2021\/12\/Museo-Nicolis-ph.-Comparotto-5.jpg","sizes":{"thumbnail":{"file":"Museo-Nicolis-ph.-Comparotto-5-150x150.jpg","width":150,"height":150,"mime-type":"image\/jpeg","source_url":"https:\/\/www.gardaseezeitung.it\/gardaseezeitung_new\/de\/wp-content\/uploads\/sites\/2\/2021\/12\/Museo-Nicolis-ph.-Comparotto-5-150x150.jpg"},"medium":{"file":"Museo-Nicolis-ph.-Comparotto-5-300x200.jpg","width":300,"height":200,"mime-type":"image\/jpeg","source_url":"https:\/\/www.gardaseezeitung.it\/gardaseezeitung_new\/de\/wp-content\/uploads\/sites\/2\/2021\/12\/Museo-Nicolis-ph.-Comparotto-5-300x200.jpg"},"medium_large":{"file":"Museo-Nicolis-ph.-Comparotto-5-768x512.jpg","width":768,"height":512,"mime-type":"image\/jpeg","source_url":"https:\/\/www.gardaseezeitung.it\/gardaseezeitung_new\/de\/wp-content\/uploads\/sites\/2\/2021\/12\/Museo-Nicolis-ph.-Comparotto-5-768x512.jpg"},"large":{"file":"Museo-Nicolis-ph.-Comparotto-5-1024x683.jpg","width":1024,"height":683,"mime-type":"image\/jpeg","source_url":"https:\/\/www.gardaseezeitung.it\/gardaseezeitung_new\/de\/wp-content\/uploads\/sites\/2\/2021\/12\/Museo-Nicolis-ph.-Comparotto-5-1024x683.jpg"},"big_image":{"file":"Museo-Nicolis-ph.-Comparotto-5-750x500.jpg","width":750,"height":500,"mime-type":"image\/jpeg","source_url":"https:\/\/www.gardaseezeitung.it\/gardaseezeitung_new\/de\/wp-content\/uploads\/sites\/2\/2021\/12\/Museo-Nicolis-ph.-Comparotto-5-750x500.jpg"},"guest-author-32":{"file":"Museo-Nicolis-ph.-Comparotto-5-32x32.jpg","width":32,"height":32,"mime-type":"image\/jpeg","source_url":"https:\/\/www.gardaseezeitung.it\/gardaseezeitung_new\/de\/wp-content\/uploads\/sites\/2\/2021\/12\/Museo-Nicolis-ph.-Comparotto-5-32x32.jpg"},"guest-author-50":{"file":"Museo-Nicolis-ph.-Comparotto-5-50x50.jpg","width":50,"height":50,"mime-type":"image\/jpeg","source_url":"https:\/\/www.gardaseezeitung.it\/gardaseezeitung_new\/de\/wp-content\/uploads\/sites\/2\/2021\/12\/Museo-Nicolis-ph.-Comparotto-5-50x50.jpg"},"guest-author-64":{"file":"Museo-Nicolis-ph.-Comparotto-5-64x64.jpg","width":64,"height":64,"mime-type":"image\/jpeg","source_url":"https:\/\/www.gardaseezeitung.it\/gardaseezeitung_new\/de\/wp-content\/uploads\/sites\/2\/2021\/12\/Museo-Nicolis-ph.-Comparotto-5-64x64.jpg"},"guest-author-96":{"file":"Museo-Nicolis-ph.-Comparotto-5-96x96.jpg","width":96,"height":96,"mime-type":"image\/jpeg","source_url":"https:\/\/www.gardaseezeitung.it\/gardaseezeitung_new\/de\/wp-content\/uploads\/sites\/2\/2021\/12\/Museo-Nicolis-ph.-Comparotto-5-96x96.jpg"},"guest-author-128":{"file":"Museo-Nicolis-ph.-Comparotto-5-128x128.jpg","width":128,"height":128,"mime-type":"image\/jpeg","source_url":"https:\/\/www.gardaseezeitung.it\/gardaseezeitung_new\/de\/wp-content\/uploads\/sites\/2\/2021\/12\/Museo-Nicolis-ph.-Comparotto-5-128x128.jpg"},"full":{"file":"Museo-Nicolis-ph.-Comparotto-5.jpg","width":1024,"height":683,"mime_type":"","source_url":"https:\/\/www.gardaseezeitung.it\/gardaseezeitung_new\/de\/wp-content\/uploads\/sites\/2\/2021\/12\/Museo-Nicolis-ph.-Comparotto-5.jpg"}},"image_meta":{"aperture":"2.8","credit":"federico alessandro galli","camera":"Canon EOS 5D Mark III","caption":"","created_timestamp":"1517244881","copyright":"federico galli filmaker","focal_length":"85","iso":"2000","shutter_speed":"0.00625","title":"","orientation":"1","keywords":[]}},"_links":{"self":[{"href":"https:\/\/www.gardaseezeitung.it\/gardaseezeitung_new\/de\/wp-json\/wp\/v2\/posts\/9045"}],"collection":[{"href":"https:\/\/www.gardaseezeitung.it\/gardaseezeitung_new\/de\/wp-json\/wp\/v2\/posts"}],"about":[{"href":"https:\/\/www.gardaseezeitung.it\/gardaseezeitung_new\/de\/wp-json\/wp\/v2\/types\/post"}],"author":[{"embeddable":true,"href":"https:\/\/www.gardaseezeitung.it\/gardaseezeitung_new\/de\/wp-json\/wp\/v2\/users\/9"}],"replies":[{"embeddable":true,"href":"https:\/\/www.gardaseezeitung.it\/gardaseezeitung_new\/de\/wp-json\/wp\/v2\/comments?post=9045"}],"version-history":[{"count":2,"href":"https:\/\/www.gardaseezeitung.it\/gardaseezeitung_new\/de\/wp-json\/wp\/v2\/posts\/9045\/revisions"}],"predecessor-version":[{"id":9114,"href":"https:\/\/www.gardaseezeitung.it\/gardaseezeitung_new\/de\/wp-json\/wp\/v2\/posts\/9045\/revisions\/9114"}],"wp:featuredmedia":[{"embeddable":true,"href":"https:\/\/www.gardaseezeitung.it\/gardaseezeitung_new\/de\/wp-json\/wp\/v2\/media\/9044"}],"wp:attachment":[{"href":"https:\/\/www.gardaseezeitung.it\/gardaseezeitung_new\/de\/wp-json\/wp\/v2\/media?parent=9045"}],"wp:term":[{"taxonomy":"category","embeddable":true,"href":"https:\/\/www.gardaseezeitung.it\/gardaseezeitung_new\/de\/wp-json\/wp\/v2\/categories?post=9045"},{"taxonomy":"post_tag","embeddable":true,"href":"https:\/\/www.gardaseezeitung.it\/gardaseezeitung_new\/de\/wp-json\/wp\/v2\/tags?post=9045"},{"taxonomy":"news-destination","embeddable":true,"href":"https:\/\/www.gardaseezeitung.it\/gardaseezeitung_new\/de\/wp-json\/wp\/v2\/news-destination?post=9045"},{"taxonomy":"news-source","embeddable":true,"href":"https:\/\/www.gardaseezeitung.it\/gardaseezeitung_new\/de\/wp-json\/wp\/v2\/news-source?post=9045"},{"taxonomy":"is_homepage","embeddable":true,"href":"https:\/\/www.gardaseezeitung.it\/gardaseezeitung_new\/de\/wp-json\/wp\/v2\/is_homepage?post=9045"},{"taxonomy":"ta_other","embeddable":true,"href":"https:\/\/www.gardaseezeitung.it\/gardaseezeitung_new\/de\/wp-json\/wp\/v2\/ta_other?post=9045"}],"curies":[{"name":"wp","href":"https:\/\/api.w.org\/{rel}","templated":true}]}}