{"id":9160,"date":"2021-12-16T10:48:19","date_gmt":"2021-12-16T09:48:19","guid":{"rendered":"http:\/\/euwp08.newsmemory.com\/gardaseezeitung_new\/de\/2021\/12\/16\/18-dezember-ein-abend-gesellschaft-von-winzern-aus-dem-dorf-volano\/"},"modified":"2021-12-16T10:48:24","modified_gmt":"2021-07-19T10:48:24","slug":"18-dezember-ein-abend-gesellschaft-von-winzern-aus-dem-dorf-volano","status":"publish","type":"post","link":"https:\/\/www.gardaseezeitung.it\/2021\/12\/16\/18-dezember-ein-abend-gesellschaft-von-winzern-aus-dem-dorf-volano\/","title":{"rendered":"Am 18. Dezember ein Abend in Gesellschaft von Winzern aus dem Dorf Volano"},"content":{"rendered":"<p>&nbsp;<\/p>\n<p>Volano liegt im Zentrum eines ganz besonderen Gebiets, das &#8222;dei Ziresi&#8220; genannt wird, ein kleiner Landstrich, der seit jeher f\u00fcr die Herstellung von Marzemino, einem rubinroten Wein mit intensiven Aromen, genutzt wird. An diesem Abend \u00f6ffnen Bruno und Michele Matt\u00e9 die T\u00fcren ihrer Weinkellerei f\u00fcr ein ausf\u00fchrliches Gespr\u00e4ch \u00fcber diesen symboltr\u00e4chtigen Wein des Vallagarina, an dem auch die Winzerkollegen Eugenio Rosi und Giuseppina di Maso Salengo teilnehmen. Jeder von ihnen wird seine eigene Geschichte erz\u00e4hlen und die Teilnehmer durch eine Verkostung auf der Suche nach den verschiedenen Nuancen ihrer Marzemino-Weine f\u00fchren, begleitet von einer kleinen Auswahl an lokalen gastronomischen Produkten. Zu verkostende Weine:<br \/>\n&#8222;Krea&#8220; Marzemino &#8211; Azienda Agricola Matt\u00e9<br \/>\n&#8222;Poiema&#8220; Marzemino &#8211; Eugenio Rosi Societ\u00e0 Agricola Semplice<br \/>\n&#8222;Marzemino dei Ziresi&#8220; &#8211; Bauernhof Maso Salengo<br \/>\nF\u00fcr die Teilnahme an der Veranstaltung ist der Besitz des Gr\u00fcnen Passes erforderlich.<br \/>\nInfo: Apt Rovereto und Vallagarina 0464430363 &#8211; 0464435528. Kosten f\u00fcr die Teilnahme: 20 \u20ac pro Person einschlie\u00dflich einer gef\u00fchrten Verkostung von 3 Weinen und einer kleinen Begleitverpflegung. Anzahl der Teilnehmer: mindestens 2, maximal 11 Personen.<\/p>\n<p>&nbsp;<\/p>\n","protected":false},"excerpt":{"rendered":"<p>Von 18 bis 20 Uhr, Geschichten von Weinen und Winzern in der N\u00e4he von Riva del Garda<\/p>\n","protected":false},"author":9,"featured_media":9159,"comment_status":"open","ping_status":"open","sticky":false,"template":"","format":"standard","meta":[],"categories":[4,5,6],"tags":[1892,1893,1894,23,26,1895,1896,1897,1898],"news-destination":[],"news-source":[],"is_homepage":[],"ta_other":[],"featured_media_details":{"width":990,"height":545,"file":"2021\/12\/storie-di-vini-e-vignaioli_41241656_3.jpg","sizes":{"thumbnail":{"file":"storie-di-vini-e-vignaioli_41241656_3-150x150.jpg","width":150,"height":150,"mime-type":"image\/jpeg","source_url":"https:\/\/www.gardaseezeitung.it\/gardaseezeitung_new\/de\/wp-content\/uploads\/sites\/2\/2021\/12\/storie-di-vini-e-vignaioli_41241656_3-150x150.jpg"},"medium":{"file":"storie-di-vini-e-vignaioli_41241656_3-300x165.jpg","width":300,"height":165,"mime-type":"image\/jpeg","source_url":"https:\/\/www.gardaseezeitung.it\/gardaseezeitung_new\/de\/wp-content\/uploads\/sites\/2\/2021\/12\/storie-di-vini-e-vignaioli_41241656_3-300x165.jpg"},"medium_large":{"file":"storie-di-vini-e-vignaioli_41241656_3-768x423.jpg","width":768,"height":423,"mime-type":"image\/jpeg","source_url":"https:\/\/www.gardaseezeitung.it\/gardaseezeitung_new\/de\/wp-content\/uploads\/sites\/2\/2021\/12\/storie-di-vini-e-vignaioli_41241656_3-768x423.jpg"},"big_image":{"file":"storie-di-vini-e-vignaioli_41241656_3-750x413.jpg","width":750,"height":413,"mime-type":"image\/jpeg","source_url":"https:\/\/www.gardaseezeitung.it\/gardaseezeitung_new\/de\/wp-content\/uploads\/sites\/2\/2021\/12\/storie-di-vini-e-vignaioli_41241656_3-750x413.jpg"},"guest-author-32":{"file":"storie-di-vini-e-vignaioli_41241656_3-32x32.jpg","width":32,"height":32,"mime-type":"image\/jpeg","source_url":"https:\/\/www.gardaseezeitung.it\/gardaseezeitung_new\/de\/wp-content\/uploads\/sites\/2\/2021\/12\/storie-di-vini-e-vignaioli_41241656_3-32x32.jpg"},"guest-author-50":{"file":"storie-di-vini-e-vignaioli_41241656_3-50x50.jpg","width":50,"height":50,"mime-type":"image\/jpeg","source_url":"https:\/\/www.gardaseezeitung.it\/gardaseezeitung_new\/de\/wp-content\/uploads\/sites\/2\/2021\/12\/storie-di-vini-e-vignaioli_41241656_3-50x50.jpg"},"guest-author-64":{"file":"storie-di-vini-e-vignaioli_41241656_3-64x64.jpg","width":64,"height":64,"mime-type":"image\/jpeg","source_url":"https:\/\/www.gardaseezeitung.it\/gardaseezeitung_new\/de\/wp-content\/uploads\/sites\/2\/2021\/12\/storie-di-vini-e-vignaioli_41241656_3-64x64.jpg"},"guest-author-96":{"file":"storie-di-vini-e-vignaioli_41241656_3-96x96.jpg","width":96,"height":96,"mime-type":"image\/jpeg","source_url":"https:\/\/www.gardaseezeitung.it\/gardaseezeitung_new\/de\/wp-content\/uploads\/sites\/2\/2021\/12\/storie-di-vini-e-vignaioli_41241656_3-96x96.jpg"},"guest-author-128":{"file":"storie-di-vini-e-vignaioli_41241656_3-128x128.jpg","width":128,"height":128,"mime-type":"image\/jpeg","source_url":"https:\/\/www.gardaseezeitung.it\/gardaseezeitung_new\/de\/wp-content\/uploads\/sites\/2\/2021\/12\/storie-di-vini-e-vignaioli_41241656_3-128x128.jpg"},"full":{"file":"storie-di-vini-e-vignaioli_41241656_3.jpg","width":990,"height":545,"mime_type":"","source_url":"https:\/\/www.gardaseezeitung.it\/gardaseezeitung_new\/de\/wp-content\/uploads\/sites\/2\/2021\/12\/storie-di-vini-e-vignaioli_41241656_3.jpg"}},"image_meta":{"aperture":"0","credit":"","camera":"","caption":"","created_timestamp":"0","copyright":"","focal_length":"0","iso":"0","shutter_speed":"0","title":"","orientation":"0","keywords":[]}},"_links":{"self":[{"href":"https:\/\/www.gardaseezeitung.it\/gardaseezeitung_new\/de\/wp-json\/wp\/v2\/posts\/9160"}],"collection":[{"href":"https:\/\/www.gardaseezeitung.it\/gardaseezeitung_new\/de\/wp-json\/wp\/v2\/posts"}],"about":[{"href":"https:\/\/www.gardaseezeitung.it\/gardaseezeitung_new\/de\/wp-json\/wp\/v2\/types\/post"}],"author":[{"embeddable":true,"href":"https:\/\/www.gardaseezeitung.it\/gardaseezeitung_new\/de\/wp-json\/wp\/v2\/users\/9"}],"replies":[{"embeddable":true,"href":"https:\/\/www.gardaseezeitung.it\/gardaseezeitung_new\/de\/wp-json\/wp\/v2\/comments?post=9160"}],"version-history":[{"count":1,"href":"https:\/\/www.gardaseezeitung.it\/gardaseezeitung_new\/de\/wp-json\/wp\/v2\/posts\/9160\/revisions"}],"predecessor-version":[{"id":9161,"href":"https:\/\/www.gardaseezeitung.it\/gardaseezeitung_new\/de\/wp-json\/wp\/v2\/posts\/9160\/revisions\/9161"}],"wp:featuredmedia":[{"embeddable":true,"href":"https:\/\/www.gardaseezeitung.it\/gardaseezeitung_new\/de\/wp-json\/wp\/v2\/media\/9159"}],"wp:attachment":[{"href":"https:\/\/www.gardaseezeitung.it\/gardaseezeitung_new\/de\/wp-json\/wp\/v2\/media?parent=9160"}],"wp:term":[{"taxonomy":"category","embeddable":true,"href":"https:\/\/www.gardaseezeitung.it\/gardaseezeitung_new\/de\/wp-json\/wp\/v2\/categories?post=9160"},{"taxonomy":"post_tag","embeddable":true,"href":"https:\/\/www.gardaseezeitung.it\/gardaseezeitung_new\/de\/wp-json\/wp\/v2\/tags?post=9160"},{"taxonomy":"news-destination","embeddable":true,"href":"https:\/\/www.gardaseezeitung.it\/gardaseezeitung_new\/de\/wp-json\/wp\/v2\/news-destination?post=9160"},{"taxonomy":"news-source","embeddable":true,"href":"https:\/\/www.gardaseezeitung.it\/gardaseezeitung_new\/de\/wp-json\/wp\/v2\/news-source?post=9160"},{"taxonomy":"is_homepage","embeddable":true,"href":"https:\/\/www.gardaseezeitung.it\/gardaseezeitung_new\/de\/wp-json\/wp\/v2\/is_homepage?post=9160"},{"taxonomy":"ta_other","embeddable":true,"href":"https:\/\/www.gardaseezeitung.it\/gardaseezeitung_new\/de\/wp-json\/wp\/v2\/ta_other?post=9160"}],"curies":[{"name":"wp","href":"https:\/\/api.w.org\/{rel}","templated":true}]}}