{"id":9174,"date":"2021-12-22T11:49:59","date_gmt":"2021-12-22T10:49:59","guid":{"rendered":"http:\/\/euwp08.newsmemory.com\/gardaseezeitung_new\/de\/2021\/12\/22\/riva-del-garda-der-amicizia-klettersteig-geschlossen\/"},"modified":"2021-12-22T11:50:03","modified_gmt":"2021-07-25T11:50:03","slug":"riva-del-garda-der-amicizia-klettersteig-geschlossen","status":"publish","type":"post","link":"https:\/\/www.gardaseezeitung.it\/2021\/12\/22\/riva-del-garda-der-amicizia-klettersteig-geschlossen\/","title":{"rendered":"Riva del Garda, der Amicizia-Klettersteig geschlossen"},"content":{"rendered":"<p>&nbsp;<\/p>\n<p>In der Saison 2021 war der Weg wegen einer \u00f6ffentlichen Bauma\u00dfnahme nicht zug\u00e4nglich. Die Firma Sat, die f\u00fcr die Instandhaltung der Wanderwege zust\u00e4ndig ist, hatte daher keine M\u00f6glichkeit, die Nutzbarkeit des Klettersteigs zu \u00fcberpr\u00fcfen, insbesondere was den Wartungszustand der festen Einrichtungen betrifft. Au\u00dferdem wird die Klettersteigausr\u00fcstung am Ende des Winters, sobald es die Temperaturen und die Witterungsbedingungen zulassen, auf jeden Fall einer geplanten vollst\u00e4ndigen Renovierung unterzogen. Daher die Schlie\u00dfung, die zur Gew\u00e4hrleistung der \u00f6ffentlichen Sicherheit notwendig ist.Genauer gesagt betrifft der Abschluss den Abschnitt von einer H\u00f6he von 608 m, Baita dei WF (B. O404), bis zu einer H\u00f6he von 1235 m, auf der Ostseite der Cima Rocchetta (B. O418).Die Anordnung hat sofortige Wirkung; der Klettersteig wird nach Abschluss der Arbeiten wieder freigegeben.<\/p>\n<p>&nbsp;<\/p>\n","protected":false},"excerpt":{"rendered":"<p>Der B\u00fcrgermeister von Riva hat den Zugang zum Weg Nr. O404B, Via ferrata dell&#8217;Amicizia, auf dem Berg Rocchetta verboten<\/p>\n","protected":false},"author":9,"featured_media":9173,"comment_status":"open","ping_status":"open","sticky":false,"template":"","format":"standard","meta":[],"categories":[2,4,6],"tags":[1902,1903,23,26,1904,221],"news-destination":[],"news-source":[],"is_homepage":[],"ta_other":[],"featured_media_details":{"width":750,"height":430,"file":"2021\/12\/Chiusa-la-ferrata-dell-Amicizia_imagefull-750x430.jpg","sizes":{"thumbnail":{"file":"Chiusa-la-ferrata-dell-Amicizia_imagefull-750x430-150x150.jpg","width":150,"height":150,"mime-type":"image\/jpeg","source_url":"https:\/\/www.gardaseezeitung.it\/gardaseezeitung_new\/de\/wp-content\/uploads\/sites\/2\/2021\/12\/Chiusa-la-ferrata-dell-Amicizia_imagefull-750x430-150x150.jpg"},"medium":{"file":"Chiusa-la-ferrata-dell-Amicizia_imagefull-750x430-300x172.jpg","width":300,"height":172,"mime-type":"image\/jpeg","source_url":"https:\/\/www.gardaseezeitung.it\/gardaseezeitung_new\/de\/wp-content\/uploads\/sites\/2\/2021\/12\/Chiusa-la-ferrata-dell-Amicizia_imagefull-750x430-300x172.jpg"},"big_image":{"file":"Chiusa-la-ferrata-dell-Amicizia_imagefull-750x430-750x430.jpg","width":750,"height":430,"mime-type":"image\/jpeg","source_url":"https:\/\/www.gardaseezeitung.it\/gardaseezeitung_new\/de\/wp-content\/uploads\/sites\/2\/2021\/12\/Chiusa-la-ferrata-dell-Amicizia_imagefull-750x430-750x430.jpg"},"guest-author-32":{"file":"Chiusa-la-ferrata-dell-Amicizia_imagefull-750x430-32x32.jpg","width":32,"height":32,"mime-type":"image\/jpeg","source_url":"https:\/\/www.gardaseezeitung.it\/gardaseezeitung_new\/de\/wp-content\/uploads\/sites\/2\/2021\/12\/Chiusa-la-ferrata-dell-Amicizia_imagefull-750x430-32x32.jpg"},"guest-author-50":{"file":"Chiusa-la-ferrata-dell-Amicizia_imagefull-750x430-50x50.jpg","width":50,"height":50,"mime-type":"image\/jpeg","source_url":"https:\/\/www.gardaseezeitung.it\/gardaseezeitung_new\/de\/wp-content\/uploads\/sites\/2\/2021\/12\/Chiusa-la-ferrata-dell-Amicizia_imagefull-750x430-50x50.jpg"},"guest-author-64":{"file":"Chiusa-la-ferrata-dell-Amicizia_imagefull-750x430-64x64.jpg","width":64,"height":64,"mime-type":"image\/jpeg","source_url":"https:\/\/www.gardaseezeitung.it\/gardaseezeitung_new\/de\/wp-content\/uploads\/sites\/2\/2021\/12\/Chiusa-la-ferrata-dell-Amicizia_imagefull-750x430-64x64.jpg"},"guest-author-96":{"file":"Chiusa-la-ferrata-dell-Amicizia_imagefull-750x430-96x96.jpg","width":96,"height":96,"mime-type":"image\/jpeg","source_url":"https:\/\/www.gardaseezeitung.it\/gardaseezeitung_new\/de\/wp-content\/uploads\/sites\/2\/2021\/12\/Chiusa-la-ferrata-dell-Amicizia_imagefull-750x430-96x96.jpg"},"guest-author-128":{"file":"Chiusa-la-ferrata-dell-Amicizia_imagefull-750x430-128x128.jpg","width":128,"height":128,"mime-type":"image\/jpeg","source_url":"https:\/\/www.gardaseezeitung.it\/gardaseezeitung_new\/de\/wp-content\/uploads\/sites\/2\/2021\/12\/Chiusa-la-ferrata-dell-Amicizia_imagefull-750x430-128x128.jpg"},"full":{"file":"Chiusa-la-ferrata-dell-Amicizia_imagefull-750x430.jpg","width":750,"height":430,"mime_type":"","source_url":"https:\/\/www.gardaseezeitung.it\/gardaseezeitung_new\/de\/wp-content\/uploads\/sites\/2\/2021\/12\/Chiusa-la-ferrata-dell-Amicizia_imagefull-750x430.jpg"}},"image_meta":{"aperture":"0","credit":"","camera":"","caption":"","created_timestamp":"0","copyright":"","focal_length":"0","iso":"0","shutter_speed":"0","title":"","orientation":"0","keywords":[]}},"_links":{"self":[{"href":"https:\/\/www.gardaseezeitung.it\/gardaseezeitung_new\/de\/wp-json\/wp\/v2\/posts\/9174"}],"collection":[{"href":"https:\/\/www.gardaseezeitung.it\/gardaseezeitung_new\/de\/wp-json\/wp\/v2\/posts"}],"about":[{"href":"https:\/\/www.gardaseezeitung.it\/gardaseezeitung_new\/de\/wp-json\/wp\/v2\/types\/post"}],"author":[{"embeddable":true,"href":"https:\/\/www.gardaseezeitung.it\/gardaseezeitung_new\/de\/wp-json\/wp\/v2\/users\/9"}],"replies":[{"embeddable":true,"href":"https:\/\/www.gardaseezeitung.it\/gardaseezeitung_new\/de\/wp-json\/wp\/v2\/comments?post=9174"}],"version-history":[{"count":1,"href":"https:\/\/www.gardaseezeitung.it\/gardaseezeitung_new\/de\/wp-json\/wp\/v2\/posts\/9174\/revisions"}],"predecessor-version":[{"id":9175,"href":"https:\/\/www.gardaseezeitung.it\/gardaseezeitung_new\/de\/wp-json\/wp\/v2\/posts\/9174\/revisions\/9175"}],"wp:featuredmedia":[{"embeddable":true,"href":"https:\/\/www.gardaseezeitung.it\/gardaseezeitung_new\/de\/wp-json\/wp\/v2\/media\/9173"}],"wp:attachment":[{"href":"https:\/\/www.gardaseezeitung.it\/gardaseezeitung_new\/de\/wp-json\/wp\/v2\/media?parent=9174"}],"wp:term":[{"taxonomy":"category","embeddable":true,"href":"https:\/\/www.gardaseezeitung.it\/gardaseezeitung_new\/de\/wp-json\/wp\/v2\/categories?post=9174"},{"taxonomy":"post_tag","embeddable":true,"href":"https:\/\/www.gardaseezeitung.it\/gardaseezeitung_new\/de\/wp-json\/wp\/v2\/tags?post=9174"},{"taxonomy":"news-destination","embeddable":true,"href":"https:\/\/www.gardaseezeitung.it\/gardaseezeitung_new\/de\/wp-json\/wp\/v2\/news-destination?post=9174"},{"taxonomy":"news-source","embeddable":true,"href":"https:\/\/www.gardaseezeitung.it\/gardaseezeitung_new\/de\/wp-json\/wp\/v2\/news-source?post=9174"},{"taxonomy":"is_homepage","embeddable":true,"href":"https:\/\/www.gardaseezeitung.it\/gardaseezeitung_new\/de\/wp-json\/wp\/v2\/is_homepage?post=9174"},{"taxonomy":"ta_other","embeddable":true,"href":"https:\/\/www.gardaseezeitung.it\/gardaseezeitung_new\/de\/wp-json\/wp\/v2\/ta_other?post=9174"}],"curies":[{"name":"wp","href":"https:\/\/api.w.org\/{rel}","templated":true}]}}