{"id":9177,"date":"2021-12-22T19:03:07","date_gmt":"2021-12-22T18:03:07","guid":{"rendered":"http:\/\/euwp08.newsmemory.com\/gardaseezeitung_new\/de\/2021\/12\/22\/die-sieger-des-sirmione-fotomarathons-und-der-gardasee-foto-challenge\/"},"modified":"2021-12-22T19:03:18","modified_gmt":"2021-07-25T19:03:18","slug":"die-sieger-des-sirmione-fotomarathons-und-der-gardasee-foto-challenge","status":"publish","type":"post","link":"https:\/\/www.gardaseezeitung.it\/2021\/12\/22\/die-sieger-des-sirmione-fotomarathons-und-der-gardasee-foto-challenge\/","title":{"rendered":"Die Sieger des Sirmione-Fotomarathons und der Gardasee-Foto-Challenge"},"content":{"rendered":"<p>&nbsp;<\/p>\n<p>Ludovica Pellegatta, Business Development Manager von Magnum Photos, war als Ehrengast anwesend, um das Publikum \u00fcber die gro\u00dfe Neuigkeit der Ausgabe 2022 des Sirmione Award for Photography zu informieren: die Sirmione Photo Residency, ein Fotoprojekt, an dem sie zusammen mit Andr\u00e9a Holzherr, Global Exhibitions Director von Magnum Photos, teilnehmen wird und das dem ausgew\u00e4hlten Fotografen die M\u00f6glichkeit bietet, w\u00e4hrend der fotografischen Residency ein originelles und unver\u00f6ffentlichtes Projekt zu entwickeln (Infos auf www.sirmionefotografia.it).<\/p>\n<p>Die Finalisten der beiden Wettbewerbe wurden auf der B\u00fchne vorgestellt: der Fotomarathon von Sirmione, der am 10. Oktober stattfand und an dem 172 Teilnehmer mit 658 Bildern teilnahmen, und der Fotowettbewerb vom Gardasee mit seinen drei Kategorien, an dem dieses Jahr 230 Teilnehmer mit insgesamt 822 Bildern teilnahmen. Neben den Preisen wurden auch einige besondere Auszeichnungen vergeben, insbesondere an die 5 &#8222;Junior-Fotografen&#8220;, Kinder und Jugendliche zwischen 7 und 15 Jahren, die durch ihr K\u00f6nnen, ihre Interpretation und ihre Kreativit\u00e4t \u00fcberzeugten.<\/p>\n<p>Alle Gewinnerfotos sind unter folgendem Link zu finden: https:\/\/bit.ly\/3lX7dlj<\/p>\n<p>Hier ist die Liste der Gewinner und ihrer Preise:<\/p>\n<p>GARDASEE FOTO HERAUSFORDERUNG<br \/>\nThema &#8222;Sirmione&#8220;<br \/>\n1. Platz &#8211; Gianfranco Salsi (Gattatico, RE) 2. Platz &#8211; Nicola Baruffaldi (Castelnuovo del Garda, VR) 3. Platz &#8211; Alexs Pasqualone (Torrevecchia Teatina, CH)<br \/>\nThema &#8222;Gardasee&#8220;<br \/>\n1. Platz &#8211; Valentina Poddi (Legnago, VR) 2. Platz &#8211; Alberto Boselli (Vobarno, BS) 3. Platz &#8211; Osley P\u00e9rez (Miami Beach, FLORIDA, USA)<br \/>\nThema &#8222;Arien vom Gardasee&#8220;<br \/>\n1. Platz &#8211; Marco Cattani (Reggio Emilia, RE) 2. Platz &#8211; Carlo Coco (Calcinato, BS) 3. Platz &#8211; Sisto Perina (Povegliano Veronese, VR)<br \/>\nSonderpreis Historisches und arch\u00e4ologisches Erbe:\u00a0Alex Bergamini (Suzzara, MN)<br \/>\nSIRMIONE-FOTOMARATHON<br \/>\n1. Platz &#8211; Simone Matti (Torbole Casaglia, BS) 2. Platz &#8211; Luca Antelmi (Brescia) 3. Platz &#8211; Renato Luca Mor (Desenzano del Garda, BS)<br \/>\nThema &#8222;Das Museum der Welt&#8220;<br \/>\n1. Platz &#8211; Chiara Menegatti (Vigasio, VR)<br \/>\nThema &#8222;Hinter der T\u00fcr&#8220;<br \/>\n1. Platz &#8211; Ambra Mariani (Asola, MN)<br \/>\nThema &#8222;Die Regel des Gleichgewichts&#8220;<br \/>\n1. Platz &#8211; Andrea Pagliari (Rodigo, MN)<br \/>\nThema &#8222;Einer, keiner und hunderttausend&#8220;<br \/>\n1. Preis &#8211; Nikolay Kalugerov (Sirmione, BS)<\/p>\n<p>Sirmione Photo Marathon und Gardasee Photo Challenge, besondere Erw\u00e4hnungen der Jury Marta Fortini (Offanengo, CR) Ginevra Ghiroldi (San Giovanni in Croce, CR) Nicol\u00f2 Rota (Lonato del Garda, BS) Gloria Bigi (Castelnuovo di Sotto, RE) Fabio Roncallo (Castiglione delle Stiviere, MN) Davide Bedogni (Reggiolo, RE) Mauro Zorer (Vigolo Vattaro, TN) Marta Crotti (Kaino, BS) Massimiliano Morgante (Mailand, Italien) Brigitte Lackner (Salzburg, AUSTRIA) Andrea Ferrarese (Verona)<\/p>\n<p>Die heutige Preisverleihung war auch eine Gelegenheit, die Gewinner der beiden bereits abgeschlossenen Wettbewerbe dieser 12. Ausgabe zu w\u00fcrdigen und zu begl\u00fcckw\u00fcnschen: den Sirmione 10% Photo Marathon und den Block Notes Photo Contest.<\/p>\n<p>&nbsp;<\/p>\n","protected":false},"excerpt":{"rendered":"<p>Die Preisverleihung des 12. Sirmione-Preises f\u00fcr Fotografie fand in Sirmione statt. Eine \u00d6sterreicherin war unter den Gewinnern <\/p>\n","protected":false},"author":9,"featured_media":9176,"comment_status":"open","ping_status":"open","sticky":false,"template":"","format":"standard","meta":[],"categories":[3],"tags":[1905,23,26,1906,1907,180,31,565,566,181],"news-destination":[],"news-source":[],"is_homepage":[],"ta_other":[],"featured_media_details":{"width":826,"height":465,"file":"2021\/12\/510-LPC-MENZIONE-Lackner-Brigitte-826x465.jpg","sizes":{"thumbnail":{"file":"510-LPC-MENZIONE-Lackner-Brigitte-826x465-150x150.jpg","width":150,"height":150,"mime-type":"image\/jpeg","source_url":"https:\/\/www.gardaseezeitung.it\/gardaseezeitung_new\/de\/wp-content\/uploads\/sites\/2\/2021\/12\/510-LPC-MENZIONE-Lackner-Brigitte-826x465-150x150.jpg"},"medium":{"file":"510-LPC-MENZIONE-Lackner-Brigitte-826x465-300x169.jpg","width":300,"height":169,"mime-type":"image\/jpeg","source_url":"https:\/\/www.gardaseezeitung.it\/gardaseezeitung_new\/de\/wp-content\/uploads\/sites\/2\/2021\/12\/510-LPC-MENZIONE-Lackner-Brigitte-826x465-300x169.jpg"},"medium_large":{"file":"510-LPC-MENZIONE-Lackner-Brigitte-826x465-768x432.jpg","width":768,"height":432,"mime-type":"image\/jpeg","source_url":"https:\/\/www.gardaseezeitung.it\/gardaseezeitung_new\/de\/wp-content\/uploads\/sites\/2\/2021\/12\/510-LPC-MENZIONE-Lackner-Brigitte-826x465-768x432.jpg"},"big_image":{"file":"510-LPC-MENZIONE-Lackner-Brigitte-826x465-750x422.jpg","width":750,"height":422,"mime-type":"image\/jpeg","source_url":"https:\/\/www.gardaseezeitung.it\/gardaseezeitung_new\/de\/wp-content\/uploads\/sites\/2\/2021\/12\/510-LPC-MENZIONE-Lackner-Brigitte-826x465-750x422.jpg"},"guest-author-32":{"file":"510-LPC-MENZIONE-Lackner-Brigitte-826x465-32x32.jpg","width":32,"height":32,"mime-type":"image\/jpeg","source_url":"https:\/\/www.gardaseezeitung.it\/gardaseezeitung_new\/de\/wp-content\/uploads\/sites\/2\/2021\/12\/510-LPC-MENZIONE-Lackner-Brigitte-826x465-32x32.jpg"},"guest-author-50":{"file":"510-LPC-MENZIONE-Lackner-Brigitte-826x465-50x50.jpg","width":50,"height":50,"mime-type":"image\/jpeg","source_url":"https:\/\/www.gardaseezeitung.it\/gardaseezeitung_new\/de\/wp-content\/uploads\/sites\/2\/2021\/12\/510-LPC-MENZIONE-Lackner-Brigitte-826x465-50x50.jpg"},"guest-author-64":{"file":"510-LPC-MENZIONE-Lackner-Brigitte-826x465-64x64.jpg","width":64,"height":64,"mime-type":"image\/jpeg","source_url":"https:\/\/www.gardaseezeitung.it\/gardaseezeitung_new\/de\/wp-content\/uploads\/sites\/2\/2021\/12\/510-LPC-MENZIONE-Lackner-Brigitte-826x465-64x64.jpg"},"guest-author-96":{"file":"510-LPC-MENZIONE-Lackner-Brigitte-826x465-96x96.jpg","width":96,"height":96,"mime-type":"image\/jpeg","source_url":"https:\/\/www.gardaseezeitung.it\/gardaseezeitung_new\/de\/wp-content\/uploads\/sites\/2\/2021\/12\/510-LPC-MENZIONE-Lackner-Brigitte-826x465-96x96.jpg"},"guest-author-128":{"file":"510-LPC-MENZIONE-Lackner-Brigitte-826x465-128x128.jpg","width":128,"height":128,"mime-type":"image\/jpeg","source_url":"https:\/\/www.gardaseezeitung.it\/gardaseezeitung_new\/de\/wp-content\/uploads\/sites\/2\/2021\/12\/510-LPC-MENZIONE-Lackner-Brigitte-826x465-128x128.jpg"},"full":{"file":"510-LPC-MENZIONE-Lackner-Brigitte-826x465.jpg","width":826,"height":465,"mime_type":"","source_url":"https:\/\/www.gardaseezeitung.it\/gardaseezeitung_new\/de\/wp-content\/uploads\/sites\/2\/2021\/12\/510-LPC-MENZIONE-Lackner-Brigitte-826x465.jpg"}},"image_meta":{"aperture":"0","credit":"","camera":"","caption":"","created_timestamp":"0","copyright":"","focal_length":"0","iso":"0","shutter_speed":"0","title":"","orientation":"0","keywords":[]}},"_links":{"self":[{"href":"https:\/\/www.gardaseezeitung.it\/gardaseezeitung_new\/de\/wp-json\/wp\/v2\/posts\/9177"}],"collection":[{"href":"https:\/\/www.gardaseezeitung.it\/gardaseezeitung_new\/de\/wp-json\/wp\/v2\/posts"}],"about":[{"href":"https:\/\/www.gardaseezeitung.it\/gardaseezeitung_new\/de\/wp-json\/wp\/v2\/types\/post"}],"author":[{"embeddable":true,"href":"https:\/\/www.gardaseezeitung.it\/gardaseezeitung_new\/de\/wp-json\/wp\/v2\/users\/9"}],"replies":[{"embeddable":true,"href":"https:\/\/www.gardaseezeitung.it\/gardaseezeitung_new\/de\/wp-json\/wp\/v2\/comments?post=9177"}],"version-history":[{"count":1,"href":"https:\/\/www.gardaseezeitung.it\/gardaseezeitung_new\/de\/wp-json\/wp\/v2\/posts\/9177\/revisions"}],"predecessor-version":[{"id":9178,"href":"https:\/\/www.gardaseezeitung.it\/gardaseezeitung_new\/de\/wp-json\/wp\/v2\/posts\/9177\/revisions\/9178"}],"wp:featuredmedia":[{"embeddable":true,"href":"https:\/\/www.gardaseezeitung.it\/gardaseezeitung_new\/de\/wp-json\/wp\/v2\/media\/9176"}],"wp:attachment":[{"href":"https:\/\/www.gardaseezeitung.it\/gardaseezeitung_new\/de\/wp-json\/wp\/v2\/media?parent=9177"}],"wp:term":[{"taxonomy":"category","embeddable":true,"href":"https:\/\/www.gardaseezeitung.it\/gardaseezeitung_new\/de\/wp-json\/wp\/v2\/categories?post=9177"},{"taxonomy":"post_tag","embeddable":true,"href":"https:\/\/www.gardaseezeitung.it\/gardaseezeitung_new\/de\/wp-json\/wp\/v2\/tags?post=9177"},{"taxonomy":"news-destination","embeddable":true,"href":"https:\/\/www.gardaseezeitung.it\/gardaseezeitung_new\/de\/wp-json\/wp\/v2\/news-destination?post=9177"},{"taxonomy":"news-source","embeddable":true,"href":"https:\/\/www.gardaseezeitung.it\/gardaseezeitung_new\/de\/wp-json\/wp\/v2\/news-source?post=9177"},{"taxonomy":"is_homepage","embeddable":true,"href":"https:\/\/www.gardaseezeitung.it\/gardaseezeitung_new\/de\/wp-json\/wp\/v2\/is_homepage?post=9177"},{"taxonomy":"ta_other","embeddable":true,"href":"https:\/\/www.gardaseezeitung.it\/gardaseezeitung_new\/de\/wp-json\/wp\/v2\/ta_other?post=9177"}],"curies":[{"name":"wp","href":"https:\/\/api.w.org\/{rel}","templated":true}]}}