{"id":9199,"date":"2021-12-26T00:30:35","date_gmt":"2021-12-25T23:30:35","guid":{"rendered":"http:\/\/euwp08.newsmemory.com\/gardaseezeitung_new\/de\/2021\/12\/26\/malcesine-die-maerkte-die-eislaufbahn-und-das-weihnachtsmanndorf\/"},"modified":"2021-12-26T00:30:52","modified_gmt":"2021-07-29T00:30:52","slug":"malcesine-die-maerkte-die-eislaufbahn-und-das-weihnachtsmanndorf","status":"publish","type":"post","link":"https:\/\/www.gardaseezeitung.it\/2021\/12\/26\/malcesine-die-maerkte-die-eislaufbahn-und-das-weihnachtsmanndorf\/","title":{"rendered":"In Malcesine die M\u00e4rkte, die Eislaufbahn und das Weihnachtsmanndorf"},"content":{"rendered":"<p>&nbsp;<\/p>\n<p>In Malcesine k\u00f6nnen Sie sogar den Elfen helfen, magische Gegenst\u00e4nde im verzauberten Dorf des Weihnachtsmanns zu bauen, das von vielen anderen Attraktionen f\u00fcr Kinder, Live-Musik und Ausstellungen belebt wird. Das Zentrum der Veranstaltung befindet sich auf der Piazza Statuto vor dem Rathaus, wo bis zum 6. Januar t\u00e4glich ein Markt mit f\u00fcnfzehn kleinen H\u00e4usern stattfindet, in denen verschiedene Lebensmittel, Weine und Handwerksprodukte angeboten werden. Das Tragen einer Maske ist beim Betreten des Ausstellungsbereichs obligatorisch. Au\u00dferdem gibt es einen Spielplatz mit einer Eislaufbahn (kostenloser Eintritt) und einem Raupenkarussell sowie das verzauberte Dorf des Weihnachtsmanns, das jeden Tag ge\u00f6ffnet ist, wo man den Elfen, Schneidern und Mechanikern begegnen und an besonderen Tagen sogar beim Bau von magischen Gegenst\u00e4nden in den Werkst\u00e4tten helfen kann. Ebenfalls werden bis zum 6. Januar t\u00e4glich von 15.00 bis 19.00 Uhr (am ersten Weihnachtstag geschlossen) Aktivit\u00e4ten f\u00fcr Kinder organisiert. In der Mehrzweckhalle und auf dem Spielplatz in der N\u00e4he des Rathauses gibt es B\u00fchnenbilder und Spiele zur Unterhaltung der Kinder, und an den \u00d6ffnungstagen des Parks finden Auff\u00fchrungen statt.<\/p>\n<p>&nbsp;<\/p>\n","protected":false},"excerpt":{"rendered":"<p>F\u00fcnfzehn kleine H\u00e4user mit verschiedenen Produkten, und ab heute gibt es bis zum 6. Januar jeden Tag ein Unterhaltungsprogramm f\u00fcr KinderI<\/p>\n","protected":false},"author":9,"featured_media":9198,"comment_status":"open","ping_status":"open","sticky":false,"template":"","format":"standard","meta":[],"categories":[2,5,6,3],"tags":[1840,1634,23,26,170,1646,1635,1941],"news-destination":[],"news-source":[],"is_homepage":[],"ta_other":[],"featured_media_details":{"width":1200,"height":800,"file":"2021\/12\/malcesine-natale.jpg","sizes":{"thumbnail":{"file":"malcesine-natale-150x150.jpg","width":150,"height":150,"mime-type":"image\/jpeg","source_url":"https:\/\/www.gardaseezeitung.it\/gardaseezeitung_new\/de\/wp-content\/uploads\/sites\/2\/2021\/12\/malcesine-natale-150x150.jpg"},"medium":{"file":"malcesine-natale-300x200.jpg","width":300,"height":200,"mime-type":"image\/jpeg","source_url":"https:\/\/www.gardaseezeitung.it\/gardaseezeitung_new\/de\/wp-content\/uploads\/sites\/2\/2021\/12\/malcesine-natale-300x200.jpg"},"medium_large":{"file":"malcesine-natale-768x512.jpg","width":768,"height":512,"mime-type":"image\/jpeg","source_url":"https:\/\/www.gardaseezeitung.it\/gardaseezeitung_new\/de\/wp-content\/uploads\/sites\/2\/2021\/12\/malcesine-natale-768x512.jpg"},"large":{"file":"malcesine-natale-1024x683.jpg","width":1024,"height":683,"mime-type":"image\/jpeg","source_url":"https:\/\/www.gardaseezeitung.it\/gardaseezeitung_new\/de\/wp-content\/uploads\/sites\/2\/2021\/12\/malcesine-natale-1024x683.jpg"},"big_image":{"file":"malcesine-natale-750x500.jpg","width":750,"height":500,"mime-type":"image\/jpeg","source_url":"https:\/\/www.gardaseezeitung.it\/gardaseezeitung_new\/de\/wp-content\/uploads\/sites\/2\/2021\/12\/malcesine-natale-750x500.jpg"},"guest-author-32":{"file":"malcesine-natale-32x32.jpg","width":32,"height":32,"mime-type":"image\/jpeg","source_url":"https:\/\/www.gardaseezeitung.it\/gardaseezeitung_new\/de\/wp-content\/uploads\/sites\/2\/2021\/12\/malcesine-natale-32x32.jpg"},"guest-author-50":{"file":"malcesine-natale-50x50.jpg","width":50,"height":50,"mime-type":"image\/jpeg","source_url":"https:\/\/www.gardaseezeitung.it\/gardaseezeitung_new\/de\/wp-content\/uploads\/sites\/2\/2021\/12\/malcesine-natale-50x50.jpg"},"guest-author-64":{"file":"malcesine-natale-64x64.jpg","width":64,"height":64,"mime-type":"image\/jpeg","source_url":"https:\/\/www.gardaseezeitung.it\/gardaseezeitung_new\/de\/wp-content\/uploads\/sites\/2\/2021\/12\/malcesine-natale-64x64.jpg"},"guest-author-96":{"file":"malcesine-natale-96x96.jpg","width":96,"height":96,"mime-type":"image\/jpeg","source_url":"https:\/\/www.gardaseezeitung.it\/gardaseezeitung_new\/de\/wp-content\/uploads\/sites\/2\/2021\/12\/malcesine-natale-96x96.jpg"},"guest-author-128":{"file":"malcesine-natale-128x128.jpg","width":128,"height":128,"mime-type":"image\/jpeg","source_url":"https:\/\/www.gardaseezeitung.it\/gardaseezeitung_new\/de\/wp-content\/uploads\/sites\/2\/2021\/12\/malcesine-natale-128x128.jpg"},"full":{"file":"malcesine-natale.jpg","width":1200,"height":800,"mime_type":"","source_url":"https:\/\/www.gardaseezeitung.it\/gardaseezeitung_new\/de\/wp-content\/uploads\/sites\/2\/2021\/12\/malcesine-natale.jpg"}},"image_meta":{"aperture":"0","credit":"","camera":"","caption":"","created_timestamp":"0","copyright":"","focal_length":"0","iso":"0","shutter_speed":"0","title":"","orientation":"0","keywords":[]}},"_links":{"self":[{"href":"https:\/\/www.gardaseezeitung.it\/gardaseezeitung_new\/de\/wp-json\/wp\/v2\/posts\/9199"}],"collection":[{"href":"https:\/\/www.gardaseezeitung.it\/gardaseezeitung_new\/de\/wp-json\/wp\/v2\/posts"}],"about":[{"href":"https:\/\/www.gardaseezeitung.it\/gardaseezeitung_new\/de\/wp-json\/wp\/v2\/types\/post"}],"author":[{"embeddable":true,"href":"https:\/\/www.gardaseezeitung.it\/gardaseezeitung_new\/de\/wp-json\/wp\/v2\/users\/9"}],"replies":[{"embeddable":true,"href":"https:\/\/www.gardaseezeitung.it\/gardaseezeitung_new\/de\/wp-json\/wp\/v2\/comments?post=9199"}],"version-history":[{"count":1,"href":"https:\/\/www.gardaseezeitung.it\/gardaseezeitung_new\/de\/wp-json\/wp\/v2\/posts\/9199\/revisions"}],"predecessor-version":[{"id":9200,"href":"https:\/\/www.gardaseezeitung.it\/gardaseezeitung_new\/de\/wp-json\/wp\/v2\/posts\/9199\/revisions\/9200"}],"wp:featuredmedia":[{"embeddable":true,"href":"https:\/\/www.gardaseezeitung.it\/gardaseezeitung_new\/de\/wp-json\/wp\/v2\/media\/9198"}],"wp:attachment":[{"href":"https:\/\/www.gardaseezeitung.it\/gardaseezeitung_new\/de\/wp-json\/wp\/v2\/media?parent=9199"}],"wp:term":[{"taxonomy":"category","embeddable":true,"href":"https:\/\/www.gardaseezeitung.it\/gardaseezeitung_new\/de\/wp-json\/wp\/v2\/categories?post=9199"},{"taxonomy":"post_tag","embeddable":true,"href":"https:\/\/www.gardaseezeitung.it\/gardaseezeitung_new\/de\/wp-json\/wp\/v2\/tags?post=9199"},{"taxonomy":"news-destination","embeddable":true,"href":"https:\/\/www.gardaseezeitung.it\/gardaseezeitung_new\/de\/wp-json\/wp\/v2\/news-destination?post=9199"},{"taxonomy":"news-source","embeddable":true,"href":"https:\/\/www.gardaseezeitung.it\/gardaseezeitung_new\/de\/wp-json\/wp\/v2\/news-source?post=9199"},{"taxonomy":"is_homepage","embeddable":true,"href":"https:\/\/www.gardaseezeitung.it\/gardaseezeitung_new\/de\/wp-json\/wp\/v2\/is_homepage?post=9199"},{"taxonomy":"ta_other","embeddable":true,"href":"https:\/\/www.gardaseezeitung.it\/gardaseezeitung_new\/de\/wp-json\/wp\/v2\/ta_other?post=9199"}],"curies":[{"name":"wp","href":"https:\/\/api.w.org\/{rel}","templated":true}]}}