{"id":9213,"date":"2021-12-27T23:29:31","date_gmt":"2021-12-27T22:29:31","guid":{"rendered":"http:\/\/euwp08.newsmemory.com\/gardaseezeitung_new\/de\/2021\/12\/27\/die-garda-dolomites-apt-waehlt-die-garda-ranger-die-hueter-des-outdoor-parks\/"},"modified":"2021-12-27T23:31:21","modified_gmt":"2021-07-30T23:31:21","slug":"die-garda-dolomites-apt-waehlt-die-garda-ranger-die-hueter-des-outdoor-parks","status":"publish","type":"post","link":"https:\/\/www.gardaseezeitung.it\/2021\/12\/27\/die-garda-dolomites-apt-waehlt-die-garda-ranger-die-hueter-des-outdoor-parks\/","title":{"rendered":"Die Garda Dolomites Apt w\u00e4hlt die Garda Ranger, die H\u00fcter des Outdoor-Parks"},"content":{"rendered":"<p>&nbsp;<\/p>\n<p>Die Region Garda Trentino ist ein hervorragendes Umfeld f\u00fcr alle, die das ganze Jahr \u00fcber jung und aktiv bleiben wollen: Der Fremdenverkehrsverband hat beschlossen, die ersten Schritte zu unternehmen, um eine der grundlegenden S\u00e4ulen, auf denen die Entwicklung des Tourismus in der Region beruht, umzusetzen, n\u00e4mlich das Konzept &#8222;Keep moving&#8220;.Dies ist der Grund f\u00fcr die neue Ank\u00fcndigung, die darauf abzielt, ein Team von qualifizierten Personen zu schaffen, das sich der Kontrolle und Instandhaltung des Wanderwegenetzes, der Mountainbike-Routen, der Felsen und der Klettersteige des Trentino Garda widmet. Die Garda Ranger k\u00fcmmern sich n\u00e4mlich um das Naturerbe des Gebiets, um den Radfahrern, Kletterern und Wanderern, die es als Urlaubsziel w\u00e4hlen, ein einzigartiges Erlebnis zu bieten. Das Team wird das gesamte Netz der Wanderwege und Mountainbikes in der Region mindestens zweimal im Jahr inspizieren, um den Zustand der Begehbarkeit und der Beschilderung zu \u00fcberpr\u00fcfen, den Boden zu s\u00e4ubern, die Vegetation zu schneiden, die Rinnen zu s\u00e4ubern und kleinere Anpassungen vorzunehmen; alle sechs Monate die Klettersteige des Outdoor-Park-Projekts zu \u00fcberpr\u00fcfen; die Felsen j\u00e4hrlich mit visuellen und manuellen Kontrollen zu \u00fcberpr\u00fcfen; au\u00dferordentliche Wartungsarbeiten zu erledigen, die zu Beginn des Jahres oder aufgrund von Bed\u00fcrfnissen, die sich im Laufe der Saison ergeben, festgelegt werden.Foto von Giampaolo Calz\u00e0 auf der Facebook-Seite von Garda Trentino. Die Garda Ranger, die in Teams von mindestens drei Personen arbeiten, werden auf der Grundlage bestimmter, bereits erworbener F\u00e4higkeiten ausgew\u00e4hlt, wie z. B. einer Ausbildung in grundlegender Sicherheit und spezifischen Risiken bei der Arbeit sowie einer Ausbildung in Forstwirtschaft, Bauwesen und Freilegung; Wegebau; Instandsetzung von Trockenmauern und Pflasterung; Instandsetzung von Wegen und Umweltsanierung mit naturalistischer Technik, kleine Tischlerarbeiten. Das Einsatzteam wird mit der f\u00fcr die Durchf\u00fchrung der erforderlichen Ma\u00dfnahmen notwendigen Ausr\u00fcstung (z. B. Kettens\u00e4ge, Bohrmaschine, Rechen usw.), einem Pick-up und drei E-MTBs mit Werkzeugwagen ausgestattet. Die Bewerbungsfrist endet am Freitag, den 28. Januar 2022, sp\u00e4testens um 12 Uhr mittags.<\/p>\n<p>Infos: https:\/\/partner.gardatrentino.it\/it\/news\/garda-rangers-i-custodi-dell-outdoor-park_1195<\/p>\n<p>&nbsp;<\/p>\n","protected":false},"excerpt":{"rendered":"<p>Es wurde eine Ausschreibung f\u00fcr die Instandhaltung von Wegen, Mountainbikestrecken, Felsen, Klettersteigen und Infrastrukturen im Garda Trentino ver\u00f6ffentlicht<\/p>\n","protected":false},"author":9,"featured_media":9212,"comment_status":"open","ping_status":"open","sticky":false,"template":"","format":"standard","meta":[],"categories":[2,6],"tags":[1978,1979,23,26,1980,1981,1982,1983],"news-destination":[],"news-source":[],"is_homepage":[],"ta_other":[],"featured_media_details":{"width":750,"height":430,"file":"2021\/12\/garda-trentino-bike-1-750x430.jpg","sizes":{"thumbnail":{"file":"garda-trentino-bike-1-750x430-150x150.jpg","width":150,"height":150,"mime-type":"image\/jpeg","source_url":"https:\/\/www.gardaseezeitung.it\/gardaseezeitung_new\/de\/wp-content\/uploads\/sites\/2\/2021\/12\/garda-trentino-bike-1-750x430-150x150.jpg"},"medium":{"file":"garda-trentino-bike-1-750x430-300x172.jpg","width":300,"height":172,"mime-type":"image\/jpeg","source_url":"https:\/\/www.gardaseezeitung.it\/gardaseezeitung_new\/de\/wp-content\/uploads\/sites\/2\/2021\/12\/garda-trentino-bike-1-750x430-300x172.jpg"},"big_image":{"file":"garda-trentino-bike-1-750x430-750x430.jpg","width":750,"height":430,"mime-type":"image\/jpeg","source_url":"https:\/\/www.gardaseezeitung.it\/gardaseezeitung_new\/de\/wp-content\/uploads\/sites\/2\/2021\/12\/garda-trentino-bike-1-750x430-750x430.jpg"},"guest-author-32":{"file":"garda-trentino-bike-1-750x430-32x32.jpg","width":32,"height":32,"mime-type":"image\/jpeg","source_url":"https:\/\/www.gardaseezeitung.it\/gardaseezeitung_new\/de\/wp-content\/uploads\/sites\/2\/2021\/12\/garda-trentino-bike-1-750x430-32x32.jpg"},"guest-author-50":{"file":"garda-trentino-bike-1-750x430-50x50.jpg","width":50,"height":50,"mime-type":"image\/jpeg","source_url":"https:\/\/www.gardaseezeitung.it\/gardaseezeitung_new\/de\/wp-content\/uploads\/sites\/2\/2021\/12\/garda-trentino-bike-1-750x430-50x50.jpg"},"guest-author-64":{"file":"garda-trentino-bike-1-750x430-64x64.jpg","width":64,"height":64,"mime-type":"image\/jpeg","source_url":"https:\/\/www.gardaseezeitung.it\/gardaseezeitung_new\/de\/wp-content\/uploads\/sites\/2\/2021\/12\/garda-trentino-bike-1-750x430-64x64.jpg"},"guest-author-96":{"file":"garda-trentino-bike-1-750x430-96x96.jpg","width":96,"height":96,"mime-type":"image\/jpeg","source_url":"https:\/\/www.gardaseezeitung.it\/gardaseezeitung_new\/de\/wp-content\/uploads\/sites\/2\/2021\/12\/garda-trentino-bike-1-750x430-96x96.jpg"},"guest-author-128":{"file":"garda-trentino-bike-1-750x430-128x128.jpg","width":128,"height":128,"mime-type":"image\/jpeg","source_url":"https:\/\/www.gardaseezeitung.it\/gardaseezeitung_new\/de\/wp-content\/uploads\/sites\/2\/2021\/12\/garda-trentino-bike-1-750x430-128x128.jpg"},"full":{"file":"garda-trentino-bike-1-750x430.jpg","width":750,"height":430,"mime_type":"","source_url":"https:\/\/www.gardaseezeitung.it\/gardaseezeitung_new\/de\/wp-content\/uploads\/sites\/2\/2021\/12\/garda-trentino-bike-1-750x430.jpg"}},"image_meta":{"aperture":"0","credit":"","camera":"","caption":"","created_timestamp":"0","copyright":"","focal_length":"0","iso":"0","shutter_speed":"0","title":"","orientation":"0","keywords":[]}},"_links":{"self":[{"href":"https:\/\/www.gardaseezeitung.it\/gardaseezeitung_new\/de\/wp-json\/wp\/v2\/posts\/9213"}],"collection":[{"href":"https:\/\/www.gardaseezeitung.it\/gardaseezeitung_new\/de\/wp-json\/wp\/v2\/posts"}],"about":[{"href":"https:\/\/www.gardaseezeitung.it\/gardaseezeitung_new\/de\/wp-json\/wp\/v2\/types\/post"}],"author":[{"embeddable":true,"href":"https:\/\/www.gardaseezeitung.it\/gardaseezeitung_new\/de\/wp-json\/wp\/v2\/users\/9"}],"replies":[{"embeddable":true,"href":"https:\/\/www.gardaseezeitung.it\/gardaseezeitung_new\/de\/wp-json\/wp\/v2\/comments?post=9213"}],"version-history":[{"count":1,"href":"https:\/\/www.gardaseezeitung.it\/gardaseezeitung_new\/de\/wp-json\/wp\/v2\/posts\/9213\/revisions"}],"predecessor-version":[{"id":9214,"href":"https:\/\/www.gardaseezeitung.it\/gardaseezeitung_new\/de\/wp-json\/wp\/v2\/posts\/9213\/revisions\/9214"}],"wp:featuredmedia":[{"embeddable":true,"href":"https:\/\/www.gardaseezeitung.it\/gardaseezeitung_new\/de\/wp-json\/wp\/v2\/media\/9212"}],"wp:attachment":[{"href":"https:\/\/www.gardaseezeitung.it\/gardaseezeitung_new\/de\/wp-json\/wp\/v2\/media?parent=9213"}],"wp:term":[{"taxonomy":"category","embeddable":true,"href":"https:\/\/www.gardaseezeitung.it\/gardaseezeitung_new\/de\/wp-json\/wp\/v2\/categories?post=9213"},{"taxonomy":"post_tag","embeddable":true,"href":"https:\/\/www.gardaseezeitung.it\/gardaseezeitung_new\/de\/wp-json\/wp\/v2\/tags?post=9213"},{"taxonomy":"news-destination","embeddable":true,"href":"https:\/\/www.gardaseezeitung.it\/gardaseezeitung_new\/de\/wp-json\/wp\/v2\/news-destination?post=9213"},{"taxonomy":"news-source","embeddable":true,"href":"https:\/\/www.gardaseezeitung.it\/gardaseezeitung_new\/de\/wp-json\/wp\/v2\/news-source?post=9213"},{"taxonomy":"is_homepage","embeddable":true,"href":"https:\/\/www.gardaseezeitung.it\/gardaseezeitung_new\/de\/wp-json\/wp\/v2\/is_homepage?post=9213"},{"taxonomy":"ta_other","embeddable":true,"href":"https:\/\/www.gardaseezeitung.it\/gardaseezeitung_new\/de\/wp-json\/wp\/v2\/ta_other?post=9213"}],"curies":[{"name":"wp","href":"https:\/\/api.w.org\/{rel}","templated":true}]}}