{"id":9215,"date":"2021-12-29T12:52:39","date_gmt":"2021-12-29T11:52:39","guid":{"rendered":"http:\/\/euwp08.newsmemory.com\/gardaseezeitung_new\/de\/2021\/12\/29\/valeggio-sul-mincio-wird-zum-borgo-dog-hundedorf-italiens\/"},"modified":"2021-12-29T12:52:41","modified_gmt":"2021-08-01T12:52:41","slug":"valeggio-sul-mincio-wird-zum-borgo-dog-hundedorf-italiens","status":"publish","type":"post","link":"https:\/\/www.gardaseezeitung.it\/2021\/12\/29\/valeggio-sul-mincio-wird-zum-borgo-dog-hundedorf-italiens\/","title":{"rendered":"Valeggio sul Mincio wird zum Borgo-Dog (Hundedorf) Italiens"},"content":{"rendered":"<p>&nbsp;<\/p>\n<p>Seit April letzten Jahres sammelt das Team von Borghi Dog n\u00fctzliche Informationen f\u00fcr alle, die mit einem vierbeinigen Freund (Hund oder Katze) reisen, um ihren Urlaub optimal zu planen und gleichzeitig das verborgene Italien mit seinen fantastischen kleinen D\u00f6rfern zu entdecken, die reich an Geschichte, Kunst und Kultur in jeder Region Italiens sind. Valeggio sul Mincio, im nat\u00fcrlichen Amphitheater der Mor\u00e4nenh\u00fcgel \u00fcber der Poebene gelegen, ist das zweite Borgo-Dog in der Region Venetien.<\/p>\n<p>Sie wurde vor kurzem vom italienischen Touring Club mit der Orangenen Flagge ausgezeichnet und bietet das ganze Jahr \u00fcber ein bezauberndes Panorama, sonnige Radwege, frische und luftige Parks und die M\u00f6glichkeit, zahlreiche Aktivit\u00e4ten und Sportarten im Freien auszu\u00fcben.<\/p>\n<p>&nbsp;<\/p>\n","protected":false},"excerpt":{"rendered":"<p>Das Netz der Borgo Dog hat zum Ziel, den haustierfreundlichen Tourismus in italienischen D\u00f6rfern f\u00fcr Hunde- und Katzenbesitzer zu f\u00f6rdern<\/p>\n","protected":false},"author":9,"featured_media":3272,"comment_status":"open","ping_status":"open","sticky":false,"template":"","format":"standard","meta":[],"categories":[4,6],"tags":[1984,174,23,26,1985,1084,1986,268,269],"news-destination":[],"news-source":[],"is_homepage":[],"ta_other":[],"featured_media_details":{"width":1024,"height":768,"file":"2020\/08\/65651871e0b11d340d97419669814cbb.jpg","sizes":{"thumbnail":{"file":"65651871e0b11d340d97419669814cbb-150x150.jpg","width":150,"height":150,"mime-type":"image\/jpeg","source_url":"https:\/\/www.gardaseezeitung.it\/gardaseezeitung_new\/de\/wp-content\/uploads\/sites\/2\/2019\/10\/65651871e0b11d340d97419669814cbb-150x150.jpg"},"medium":{"file":"65651871e0b11d340d97419669814cbb-300x225.jpg","width":300,"height":225,"mime-type":"image\/jpeg","source_url":"https:\/\/www.gardaseezeitung.it\/gardaseezeitung_new\/de\/wp-content\/uploads\/sites\/2\/2019\/10\/65651871e0b11d340d97419669814cbb-300x225.jpg"},"medium_large":{"file":"65651871e0b11d340d97419669814cbb-768x576.jpg","width":768,"height":576,"mime-type":"image\/jpeg","source_url":"https:\/\/www.gardaseezeitung.it\/gardaseezeitung_new\/de\/wp-content\/uploads\/sites\/2\/2019\/10\/65651871e0b11d340d97419669814cbb-768x576.jpg"},"large":{"file":"65651871e0b11d340d97419669814cbb-1024x768.jpg","width":1024,"height":768,"mime-type":"image\/jpeg","source_url":"https:\/\/www.gardaseezeitung.it\/gardaseezeitung_new\/de\/wp-content\/uploads\/sites\/2\/2019\/10\/65651871e0b11d340d97419669814cbb-1024x768.jpg"},"big_image":{"file":"65651871e0b11d340d97419669814cbb-750x563.jpg","width":750,"height":563,"mime-type":"image\/jpeg","source_url":"https:\/\/www.gardaseezeitung.it\/gardaseezeitung_new\/de\/wp-content\/uploads\/sites\/2\/2019\/10\/65651871e0b11d340d97419669814cbb-750x563.jpg"},"guest-author-32":{"file":"65651871e0b11d340d97419669814cbb-32x32.jpg","width":32,"height":32,"mime-type":"image\/jpeg","source_url":"https:\/\/www.gardaseezeitung.it\/gardaseezeitung_new\/de\/wp-content\/uploads\/sites\/2\/2019\/10\/65651871e0b11d340d97419669814cbb-32x32.jpg"},"guest-author-50":{"file":"65651871e0b11d340d97419669814cbb-50x50.jpg","width":50,"height":50,"mime-type":"image\/jpeg","source_url":"https:\/\/www.gardaseezeitung.it\/gardaseezeitung_new\/de\/wp-content\/uploads\/sites\/2\/2019\/10\/65651871e0b11d340d97419669814cbb-50x50.jpg"},"guest-author-64":{"file":"65651871e0b11d340d97419669814cbb-64x64.jpg","width":64,"height":64,"mime-type":"image\/jpeg","source_url":"https:\/\/www.gardaseezeitung.it\/gardaseezeitung_new\/de\/wp-content\/uploads\/sites\/2\/2019\/10\/65651871e0b11d340d97419669814cbb-64x64.jpg"},"guest-author-96":{"file":"65651871e0b11d340d97419669814cbb-96x96.jpg","width":96,"height":96,"mime-type":"image\/jpeg","source_url":"https:\/\/www.gardaseezeitung.it\/gardaseezeitung_new\/de\/wp-content\/uploads\/sites\/2\/2019\/10\/65651871e0b11d340d97419669814cbb-96x96.jpg"},"guest-author-128":{"file":"65651871e0b11d340d97419669814cbb-128x128.jpg","width":128,"height":128,"mime-type":"image\/jpeg","source_url":"https:\/\/www.gardaseezeitung.it\/gardaseezeitung_new\/de\/wp-content\/uploads\/sites\/2\/2019\/10\/65651871e0b11d340d97419669814cbb-128x128.jpg"},"full":{"file":"65651871e0b11d340d97419669814cbb.jpg","width":1024,"height":768,"mime_type":"","source_url":"https:\/\/www.gardaseezeitung.it\/gardaseezeitung_new\/de\/wp-content\/uploads\/sites\/2\/2019\/10\/65651871e0b11d340d97419669814cbb.jpg"}},"image_meta":{"aperture":"0","credit":"","camera":"","caption":"","created_timestamp":"0","copyright":"","focal_length":"0","iso":"0","shutter_speed":"0","title":"","orientation":"0","keywords":[]}},"_links":{"self":[{"href":"https:\/\/www.gardaseezeitung.it\/gardaseezeitung_new\/de\/wp-json\/wp\/v2\/posts\/9215"}],"collection":[{"href":"https:\/\/www.gardaseezeitung.it\/gardaseezeitung_new\/de\/wp-json\/wp\/v2\/posts"}],"about":[{"href":"https:\/\/www.gardaseezeitung.it\/gardaseezeitung_new\/de\/wp-json\/wp\/v2\/types\/post"}],"author":[{"embeddable":true,"href":"https:\/\/www.gardaseezeitung.it\/gardaseezeitung_new\/de\/wp-json\/wp\/v2\/users\/9"}],"replies":[{"embeddable":true,"href":"https:\/\/www.gardaseezeitung.it\/gardaseezeitung_new\/de\/wp-json\/wp\/v2\/comments?post=9215"}],"version-history":[{"count":1,"href":"https:\/\/www.gardaseezeitung.it\/gardaseezeitung_new\/de\/wp-json\/wp\/v2\/posts\/9215\/revisions"}],"predecessor-version":[{"id":9216,"href":"https:\/\/www.gardaseezeitung.it\/gardaseezeitung_new\/de\/wp-json\/wp\/v2\/posts\/9215\/revisions\/9216"}],"wp:featuredmedia":[{"embeddable":true,"href":"https:\/\/www.gardaseezeitung.it\/gardaseezeitung_new\/de\/wp-json\/wp\/v2\/media\/3272"}],"wp:attachment":[{"href":"https:\/\/www.gardaseezeitung.it\/gardaseezeitung_new\/de\/wp-json\/wp\/v2\/media?parent=9215"}],"wp:term":[{"taxonomy":"category","embeddable":true,"href":"https:\/\/www.gardaseezeitung.it\/gardaseezeitung_new\/de\/wp-json\/wp\/v2\/categories?post=9215"},{"taxonomy":"post_tag","embeddable":true,"href":"https:\/\/www.gardaseezeitung.it\/gardaseezeitung_new\/de\/wp-json\/wp\/v2\/tags?post=9215"},{"taxonomy":"news-destination","embeddable":true,"href":"https:\/\/www.gardaseezeitung.it\/gardaseezeitung_new\/de\/wp-json\/wp\/v2\/news-destination?post=9215"},{"taxonomy":"news-source","embeddable":true,"href":"https:\/\/www.gardaseezeitung.it\/gardaseezeitung_new\/de\/wp-json\/wp\/v2\/news-source?post=9215"},{"taxonomy":"is_homepage","embeddable":true,"href":"https:\/\/www.gardaseezeitung.it\/gardaseezeitung_new\/de\/wp-json\/wp\/v2\/is_homepage?post=9215"},{"taxonomy":"ta_other","embeddable":true,"href":"https:\/\/www.gardaseezeitung.it\/gardaseezeitung_new\/de\/wp-json\/wp\/v2\/ta_other?post=9215"}],"curies":[{"name":"wp","href":"https:\/\/api.w.org\/{rel}","templated":true}]}}