{"id":9220,"date":"2021-12-30T10:05:02","date_gmt":"2021-12-30T09:05:02","guid":{"rendered":"http:\/\/euwp08.newsmemory.com\/gardaseezeitung_new\/de\/2021\/12\/30\/garda-bike-der-garda-radweg-ist-kurz-vor-der-fertigstellung\/"},"modified":"2021-12-30T10:06:09","modified_gmt":"2021-08-02T10:06:09","slug":"garda-bike-der-garda-radweg-ist-kurz-vor-der-fertigstellung","status":"publish","type":"post","link":"https:\/\/www.gardaseezeitung.it\/2021\/12\/30\/garda-bike-der-garda-radweg-ist-kurz-vor-der-fertigstellung\/","title":{"rendered":"Garda by Bike, der Garda-Radweg, ist kurz vor der Fertigstellung"},"content":{"rendered":"<p>&nbsp;<\/p>\n<p>Nach der Nachricht \u00fcber die Finanzierung von 30 Millionen Euro durch die italienische Regierung macht der Garda-Radweg &#8211; von vielen wegen der atemberaubenden Landschaft, die er zu bewundern erlaubt, als Traumradweg bezeichnet &#8211; einen weiteren Schritt in Richtung seiner Fertigstellung. In Peschiera del Garda wurde eine Programmvereinbarung zwischen den beteiligten Stellen f\u00fcr die endg\u00fcltige Gestaltung des Abschnitts des Rad- und Fu\u00dfg\u00e4ngerwegs in der Gemeinde Torri del Benaco unterzeichnet. Der bereits teilweise fertiggestellte Rundweg ist ein wichtiges Projekt zur Aufwertung des Gardasees und der umliegenden Gebiete und kann zu Fu\u00df oder mit dem Fahrrad durch Torri del Benaco sowie Peschiera del Garda, Castelnuovo, Lazise, Bardolino, Garda, Brenzone und Malcesine auf insgesamt 69 Kilometern im Raum Verona und insgesamt 140 Kilometern um den See herum befahren werden.<\/p>\n<p>&nbsp;<\/p>\n","protected":false},"excerpt":{"rendered":"<p>Die Infrastruktur durchquert die Gebiete von Venetien, Trentino-S\u00fcdtirol und der Lombardei<\/p>\n","protected":false},"author":9,"featured_media":9219,"comment_status":"open","ping_status":"open","sticky":false,"template":"","format":"standard","meta":[],"categories":[2,5,3],"tags":[50,476,520,1987,177,23,26,343,170,765,1988,32],"news-destination":[],"news-source":[],"is_homepage":[],"ta_other":[],"featured_media_details":{"width":4032,"height":2268,"file":"2021\/12\/70-19.jpg","sizes":{"thumbnail":{"file":"70-19-150x150.jpg","width":150,"height":150,"mime-type":"image\/jpeg","source_url":"https:\/\/www.gardaseezeitung.it\/gardaseezeitung_new\/de\/wp-content\/uploads\/sites\/2\/2021\/12\/70-19-150x150.jpg"},"medium":{"file":"70-19-300x169.jpg","width":300,"height":169,"mime-type":"image\/jpeg","source_url":"https:\/\/www.gardaseezeitung.it\/gardaseezeitung_new\/de\/wp-content\/uploads\/sites\/2\/2021\/12\/70-19-300x169.jpg"},"medium_large":{"file":"70-19-768x432.jpg","width":768,"height":432,"mime-type":"image\/jpeg","source_url":"https:\/\/www.gardaseezeitung.it\/gardaseezeitung_new\/de\/wp-content\/uploads\/sites\/2\/2021\/12\/70-19-768x432.jpg"},"large":{"file":"70-19-1024x576.jpg","width":1024,"height":576,"mime-type":"image\/jpeg","source_url":"https:\/\/www.gardaseezeitung.it\/gardaseezeitung_new\/de\/wp-content\/uploads\/sites\/2\/2021\/12\/70-19-1024x576.jpg"},"big_image":{"file":"70-19-750x422.jpg","width":750,"height":422,"mime-type":"image\/jpeg","source_url":"https:\/\/www.gardaseezeitung.it\/gardaseezeitung_new\/de\/wp-content\/uploads\/sites\/2\/2021\/12\/70-19-750x422.jpg"},"guest-author-32":{"file":"70-19-32x32.jpg","width":32,"height":32,"mime-type":"image\/jpeg","source_url":"https:\/\/www.gardaseezeitung.it\/gardaseezeitung_new\/de\/wp-content\/uploads\/sites\/2\/2021\/12\/70-19-32x32.jpg"},"guest-author-50":{"file":"70-19-50x50.jpg","width":50,"height":50,"mime-type":"image\/jpeg","source_url":"https:\/\/www.gardaseezeitung.it\/gardaseezeitung_new\/de\/wp-content\/uploads\/sites\/2\/2021\/12\/70-19-50x50.jpg"},"guest-author-64":{"file":"70-19-64x64.jpg","width":64,"height":64,"mime-type":"image\/jpeg","source_url":"https:\/\/www.gardaseezeitung.it\/gardaseezeitung_new\/de\/wp-content\/uploads\/sites\/2\/2021\/12\/70-19-64x64.jpg"},"guest-author-96":{"file":"70-19-96x96.jpg","width":96,"height":96,"mime-type":"image\/jpeg","source_url":"https:\/\/www.gardaseezeitung.it\/gardaseezeitung_new\/de\/wp-content\/uploads\/sites\/2\/2021\/12\/70-19-96x96.jpg"},"guest-author-128":{"file":"70-19-128x128.jpg","width":128,"height":128,"mime-type":"image\/jpeg","source_url":"https:\/\/www.gardaseezeitung.it\/gardaseezeitung_new\/de\/wp-content\/uploads\/sites\/2\/2021\/12\/70-19-128x128.jpg"},"full":{"file":"70-19.jpg","width":4032,"height":2268,"mime_type":"","source_url":"https:\/\/www.gardaseezeitung.it\/gardaseezeitung_new\/de\/wp-content\/uploads\/sites\/2\/2021\/12\/70-19.jpg"}},"image_meta":{"aperture":"1.7","credit":"","camera":"SM-G950F","caption":"","created_timestamp":"1527846472","copyright":"","focal_length":"4.2","iso":"40","shutter_speed":"0.0003125","title":"","orientation":"0","keywords":[]}},"_links":{"self":[{"href":"https:\/\/www.gardaseezeitung.it\/gardaseezeitung_new\/de\/wp-json\/wp\/v2\/posts\/9220"}],"collection":[{"href":"https:\/\/www.gardaseezeitung.it\/gardaseezeitung_new\/de\/wp-json\/wp\/v2\/posts"}],"about":[{"href":"https:\/\/www.gardaseezeitung.it\/gardaseezeitung_new\/de\/wp-json\/wp\/v2\/types\/post"}],"author":[{"embeddable":true,"href":"https:\/\/www.gardaseezeitung.it\/gardaseezeitung_new\/de\/wp-json\/wp\/v2\/users\/9"}],"replies":[{"embeddable":true,"href":"https:\/\/www.gardaseezeitung.it\/gardaseezeitung_new\/de\/wp-json\/wp\/v2\/comments?post=9220"}],"version-history":[{"count":1,"href":"https:\/\/www.gardaseezeitung.it\/gardaseezeitung_new\/de\/wp-json\/wp\/v2\/posts\/9220\/revisions"}],"predecessor-version":[{"id":9221,"href":"https:\/\/www.gardaseezeitung.it\/gardaseezeitung_new\/de\/wp-json\/wp\/v2\/posts\/9220\/revisions\/9221"}],"wp:featuredmedia":[{"embeddable":true,"href":"https:\/\/www.gardaseezeitung.it\/gardaseezeitung_new\/de\/wp-json\/wp\/v2\/media\/9219"}],"wp:attachment":[{"href":"https:\/\/www.gardaseezeitung.it\/gardaseezeitung_new\/de\/wp-json\/wp\/v2\/media?parent=9220"}],"wp:term":[{"taxonomy":"category","embeddable":true,"href":"https:\/\/www.gardaseezeitung.it\/gardaseezeitung_new\/de\/wp-json\/wp\/v2\/categories?post=9220"},{"taxonomy":"post_tag","embeddable":true,"href":"https:\/\/www.gardaseezeitung.it\/gardaseezeitung_new\/de\/wp-json\/wp\/v2\/tags?post=9220"},{"taxonomy":"news-destination","embeddable":true,"href":"https:\/\/www.gardaseezeitung.it\/gardaseezeitung_new\/de\/wp-json\/wp\/v2\/news-destination?post=9220"},{"taxonomy":"news-source","embeddable":true,"href":"https:\/\/www.gardaseezeitung.it\/gardaseezeitung_new\/de\/wp-json\/wp\/v2\/news-source?post=9220"},{"taxonomy":"is_homepage","embeddable":true,"href":"https:\/\/www.gardaseezeitung.it\/gardaseezeitung_new\/de\/wp-json\/wp\/v2\/is_homepage?post=9220"},{"taxonomy":"ta_other","embeddable":true,"href":"https:\/\/www.gardaseezeitung.it\/gardaseezeitung_new\/de\/wp-json\/wp\/v2\/ta_other?post=9220"}],"curies":[{"name":"wp","href":"https:\/\/api.w.org\/{rel}","templated":true}]}}