{"id":9232,"date":"2021-12-31T19:16:34","date_gmt":"2021-12-31T18:16:34","guid":{"rendered":"http:\/\/euwp08.newsmemory.com\/gardaseezeitung_new\/de\/2021\/12\/31\/weihnachten-unter-den-olivenbaeumen-garda-konzerte-und-shows-abgesagt\/"},"modified":"2021-12-31T19:16:36","modified_gmt":"2021-08-03T19:16:36","slug":"weihnachten-unter-den-olivenbaeumen-garda-konzerte-und-shows-abgesagt","status":"publish","type":"post","link":"https:\/\/www.gardaseezeitung.it\/2021\/12\/31\/weihnachten-unter-den-olivenbaeumen-garda-konzerte-und-shows-abgesagt\/","title":{"rendered":"Weihnachten unter den Olivenb\u00e4umen in Garda: Konzerte und Shows abgesagt"},"content":{"rendered":"<p>&nbsp;<\/p>\n<p>&#8222;Natale tra gli Olivi&#8220; ist ein Erfolg, wird aber nicht mit einem Knall enden. Wie in der Festverordnung der italienischen Regierung vorgesehen, wurden n\u00e4mlich Konzerte, Zaubershows f\u00fcr Kinder und das Befana-Feuer abgesagt. Der Weihnachtsmarkt, der elektrische Zug, die Gastronomie und die Krippe im Dorf bleiben erhalten. Die Stadtverwaltung von Garda teilt mit: &#8222;Aufgrund des Dekrets sind Partys im Freien verboten. Aus diesem Grund hat die Stadtverwaltung das heutige Konzert von The Family Acoustic Trio auf der Piazza del Municipio und viele andere Veranstaltungen abgesagt&#8220;. Es ist weiterhin m\u00f6glich, bis zum 9. Januar t\u00e4glich von 10 bis 18 Uhr auf dem Weihnachtsmarkt mit Maske am Ufer des Sees Regina Adelaide spazieren zu gehen, und am 1. Januar von 14 bis 18 Uhr. Im &#8222;Padiglione dei Sapori&#8220; (Pavillon der Geschm\u00e4cker) laufen die Herdplatten weiter und t\u00e4glich von 12 bis 15 Uhr und von 18 bis 22 Uhr werden Gerichte der Veroneser K\u00fcche zubereitet. Die Struktur, die Sie mit einem gr\u00fcnen Pass betreten k\u00f6nnen, erm\u00f6glicht es Ihnen, in einer gem\u00fctlichen, beheizten Umgebung zu sitzen und gleichzeitig Abstand zu halten, angefangen mit dem heutigen Abendessen. Am 1. Januar kann das Haus des Weihnachtsmanns besichtigt werden, wenn man sich vorsichtig jenseits des Eingangsseils aufh\u00e4lt. Die Comedy-Zaubershow, die Spiele und die Unterhaltung mit der Magierin Karen wurden abgesagt. Ebenfalls abgesagt wurden das Konzert am 2. Januar mit Malumida, das Dreik\u00f6nigsfeuer und die Verteilung von typischem San-Vigilio-Geb\u00e4ck und Gl\u00fchwein. Auch die Magierin Karen wird am 8. Januar nicht auftreten, was angesichts des Erfolgs ihrer Shows an Weihnachten und am zweiten Weihnachtsfeiertag sehr schade ist.<\/p>\n<p>&nbsp;<\/p>\n","protected":false},"excerpt":{"rendered":"<p>Markt, Zug, Abendessen und Spazierg\u00e4nge bleiben<\/p>\n","protected":false},"author":9,"featured_media":9192,"comment_status":"open","ping_status":"open","sticky":false,"template":"","format":"standard","meta":[],"categories":[2,5,3],"tags":[177,23,26,1991,1646],"news-destination":[],"news-source":[],"is_homepage":[],"ta_other":[],"featured_media_details":{"width":640,"height":427,"file":"2021\/12\/natale1.jpg","sizes":{"thumbnail":{"file":"natale1-150x150.jpg","width":150,"height":150,"mime-type":"image\/jpeg","source_url":"https:\/\/www.gardaseezeitung.it\/gardaseezeitung_new\/de\/wp-content\/uploads\/sites\/2\/2021\/12\/natale1-150x150.jpg"},"medium":{"file":"natale1-300x200.jpg","width":300,"height":200,"mime-type":"image\/jpeg","source_url":"https:\/\/www.gardaseezeitung.it\/gardaseezeitung_new\/de\/wp-content\/uploads\/sites\/2\/2021\/12\/natale1-300x200.jpg"},"guest-author-32":{"file":"natale1-32x32.jpg","width":32,"height":32,"mime-type":"image\/jpeg","source_url":"https:\/\/www.gardaseezeitung.it\/gardaseezeitung_new\/de\/wp-content\/uploads\/sites\/2\/2021\/12\/natale1-32x32.jpg"},"guest-author-50":{"file":"natale1-50x50.jpg","width":50,"height":50,"mime-type":"image\/jpeg","source_url":"https:\/\/www.gardaseezeitung.it\/gardaseezeitung_new\/de\/wp-content\/uploads\/sites\/2\/2021\/12\/natale1-50x50.jpg"},"guest-author-64":{"file":"natale1-64x64.jpg","width":64,"height":64,"mime-type":"image\/jpeg","source_url":"https:\/\/www.gardaseezeitung.it\/gardaseezeitung_new\/de\/wp-content\/uploads\/sites\/2\/2021\/12\/natale1-64x64.jpg"},"guest-author-96":{"file":"natale1-96x96.jpg","width":96,"height":96,"mime-type":"image\/jpeg","source_url":"https:\/\/www.gardaseezeitung.it\/gardaseezeitung_new\/de\/wp-content\/uploads\/sites\/2\/2021\/12\/natale1-96x96.jpg"},"guest-author-128":{"file":"natale1-128x128.jpg","width":128,"height":128,"mime-type":"image\/jpeg","source_url":"https:\/\/www.gardaseezeitung.it\/gardaseezeitung_new\/de\/wp-content\/uploads\/sites\/2\/2021\/12\/natale1-128x128.jpg"},"full":{"file":"natale1.jpg","width":640,"height":427,"mime_type":"","source_url":"https:\/\/www.gardaseezeitung.it\/gardaseezeitung_new\/de\/wp-content\/uploads\/sites\/2\/2021\/12\/natale1.jpg"}},"image_meta":{"aperture":"0","credit":"","camera":"","caption":"","created_timestamp":"0","copyright":"","focal_length":"0","iso":"0","shutter_speed":"0","title":"","orientation":"0","keywords":[]}},"_links":{"self":[{"href":"https:\/\/www.gardaseezeitung.it\/gardaseezeitung_new\/de\/wp-json\/wp\/v2\/posts\/9232"}],"collection":[{"href":"https:\/\/www.gardaseezeitung.it\/gardaseezeitung_new\/de\/wp-json\/wp\/v2\/posts"}],"about":[{"href":"https:\/\/www.gardaseezeitung.it\/gardaseezeitung_new\/de\/wp-json\/wp\/v2\/types\/post"}],"author":[{"embeddable":true,"href":"https:\/\/www.gardaseezeitung.it\/gardaseezeitung_new\/de\/wp-json\/wp\/v2\/users\/9"}],"replies":[{"embeddable":true,"href":"https:\/\/www.gardaseezeitung.it\/gardaseezeitung_new\/de\/wp-json\/wp\/v2\/comments?post=9232"}],"version-history":[{"count":1,"href":"https:\/\/www.gardaseezeitung.it\/gardaseezeitung_new\/de\/wp-json\/wp\/v2\/posts\/9232\/revisions"}],"predecessor-version":[{"id":9233,"href":"https:\/\/www.gardaseezeitung.it\/gardaseezeitung_new\/de\/wp-json\/wp\/v2\/posts\/9232\/revisions\/9233"}],"wp:featuredmedia":[{"embeddable":true,"href":"https:\/\/www.gardaseezeitung.it\/gardaseezeitung_new\/de\/wp-json\/wp\/v2\/media\/9192"}],"wp:attachment":[{"href":"https:\/\/www.gardaseezeitung.it\/gardaseezeitung_new\/de\/wp-json\/wp\/v2\/media?parent=9232"}],"wp:term":[{"taxonomy":"category","embeddable":true,"href":"https:\/\/www.gardaseezeitung.it\/gardaseezeitung_new\/de\/wp-json\/wp\/v2\/categories?post=9232"},{"taxonomy":"post_tag","embeddable":true,"href":"https:\/\/www.gardaseezeitung.it\/gardaseezeitung_new\/de\/wp-json\/wp\/v2\/tags?post=9232"},{"taxonomy":"news-destination","embeddable":true,"href":"https:\/\/www.gardaseezeitung.it\/gardaseezeitung_new\/de\/wp-json\/wp\/v2\/news-destination?post=9232"},{"taxonomy":"news-source","embeddable":true,"href":"https:\/\/www.gardaseezeitung.it\/gardaseezeitung_new\/de\/wp-json\/wp\/v2\/news-source?post=9232"},{"taxonomy":"is_homepage","embeddable":true,"href":"https:\/\/www.gardaseezeitung.it\/gardaseezeitung_new\/de\/wp-json\/wp\/v2\/is_homepage?post=9232"},{"taxonomy":"ta_other","embeddable":true,"href":"https:\/\/www.gardaseezeitung.it\/gardaseezeitung_new\/de\/wp-json\/wp\/v2\/ta_other?post=9232"}],"curies":[{"name":"wp","href":"https:\/\/api.w.org\/{rel}","templated":true}]}}