{"id":9237,"date":"2022-01-03T09:46:53","date_gmt":"2022-01-03T08:46:53","guid":{"rendered":"http:\/\/euwp08.newsmemory.com\/gardaseezeitung_new\/de\/2022\/01\/03\/castelnuovo-del-garda-wegen-covid-19-wird-das-befana-festival-abgesagt\/"},"modified":"2022-01-03T09:46:55","modified_gmt":"2021-08-06T09:46:55","slug":"castelnuovo-del-garda-wegen-covid-19-wird-das-befana-festival-abgesagt","status":"publish","type":"post","link":"https:\/\/www.gardaseezeitung.it\/2022\/01\/03\/castelnuovo-del-garda-wegen-covid-19-wird-das-befana-festival-abgesagt\/","title":{"rendered":"Castelnuovo del Garda: wegen Covid 19 wird das Befana-Festival abgesagt"},"content":{"rendered":"<p>&nbsp;<\/p>\n<p>Die meisten der von der Gemeinde und der Pro Loco von Castelnuovo del Garda geplanten Veranstaltungen wurden jedoch aufgrund der neuen Regierungsma\u00dfnahme vom 23. Dezember abgesagt. Von morgen bis zum 9. Januar war das Fest der Befana geplant: bis zum 6. Januar gab es in der Via Marconi und auf der Piazza della Libert\u00e0 M\u00e4rkte, Essens- und Weinst\u00e4nde, Musik und das Dreik\u00f6nigsfeuer, und bis zum 9. Januar wurde das Fest in der Via Marconi mit Kursen, Auff\u00fchrungen und anderen Initiativen fortgesetzt.<\/p>\n<p>&nbsp;<\/p>\n","protected":false},"excerpt":{"rendered":"<p>Es sollte morgen beginnen<\/p>\n","protected":false},"author":9,"featured_media":9138,"comment_status":"open","ping_status":"open","sticky":false,"template":"","format":"standard","meta":[],"categories":[2,4,5],"tags":[1993,115,23,26,1646],"news-destination":[],"news-source":[],"is_homepage":[],"ta_other":[],"featured_media_details":{"width":1200,"height":858,"file":"2021\/12\/albero.jpg","sizes":{"thumbnail":{"file":"albero-150x150.jpg","width":150,"height":150,"mime-type":"image\/jpeg","source_url":"https:\/\/www.gardaseezeitung.it\/gardaseezeitung_new\/de\/wp-content\/uploads\/sites\/2\/2021\/12\/albero-150x150.jpg"},"medium":{"file":"albero-300x215.jpg","width":300,"height":215,"mime-type":"image\/jpeg","source_url":"https:\/\/www.gardaseezeitung.it\/gardaseezeitung_new\/de\/wp-content\/uploads\/sites\/2\/2021\/12\/albero-300x215.jpg"},"medium_large":{"file":"albero-768x549.jpg","width":768,"height":549,"mime-type":"image\/jpeg","source_url":"https:\/\/www.gardaseezeitung.it\/gardaseezeitung_new\/de\/wp-content\/uploads\/sites\/2\/2021\/12\/albero-768x549.jpg"},"large":{"file":"albero-1024x732.jpg","width":1024,"height":732,"mime-type":"image\/jpeg","source_url":"https:\/\/www.gardaseezeitung.it\/gardaseezeitung_new\/de\/wp-content\/uploads\/sites\/2\/2021\/12\/albero-1024x732.jpg"},"big_image":{"file":"albero-750x536.jpg","width":750,"height":536,"mime-type":"image\/jpeg","source_url":"https:\/\/www.gardaseezeitung.it\/gardaseezeitung_new\/de\/wp-content\/uploads\/sites\/2\/2021\/12\/albero-750x536.jpg"},"guest-author-32":{"file":"albero-32x32.jpg","width":32,"height":32,"mime-type":"image\/jpeg","source_url":"https:\/\/www.gardaseezeitung.it\/gardaseezeitung_new\/de\/wp-content\/uploads\/sites\/2\/2021\/12\/albero-32x32.jpg"},"guest-author-50":{"file":"albero-50x50.jpg","width":50,"height":50,"mime-type":"image\/jpeg","source_url":"https:\/\/www.gardaseezeitung.it\/gardaseezeitung_new\/de\/wp-content\/uploads\/sites\/2\/2021\/12\/albero-50x50.jpg"},"guest-author-64":{"file":"albero-64x64.jpg","width":64,"height":64,"mime-type":"image\/jpeg","source_url":"https:\/\/www.gardaseezeitung.it\/gardaseezeitung_new\/de\/wp-content\/uploads\/sites\/2\/2021\/12\/albero-64x64.jpg"},"guest-author-96":{"file":"albero-96x96.jpg","width":96,"height":96,"mime-type":"image\/jpeg","source_url":"https:\/\/www.gardaseezeitung.it\/gardaseezeitung_new\/de\/wp-content\/uploads\/sites\/2\/2021\/12\/albero-96x96.jpg"},"guest-author-128":{"file":"albero-128x128.jpg","width":128,"height":128,"mime-type":"image\/jpeg","source_url":"https:\/\/www.gardaseezeitung.it\/gardaseezeitung_new\/de\/wp-content\/uploads\/sites\/2\/2021\/12\/albero-128x128.jpg"},"full":{"file":"albero.jpg","width":1200,"height":858,"mime_type":"","source_url":"https:\/\/www.gardaseezeitung.it\/gardaseezeitung_new\/de\/wp-content\/uploads\/sites\/2\/2021\/12\/albero.jpg"}},"image_meta":{"aperture":"0","credit":"","camera":"","caption":"","created_timestamp":"0","copyright":"","focal_length":"0","iso":"0","shutter_speed":"0","title":"","orientation":"0","keywords":[]}},"_links":{"self":[{"href":"https:\/\/www.gardaseezeitung.it\/gardaseezeitung_new\/de\/wp-json\/wp\/v2\/posts\/9237"}],"collection":[{"href":"https:\/\/www.gardaseezeitung.it\/gardaseezeitung_new\/de\/wp-json\/wp\/v2\/posts"}],"about":[{"href":"https:\/\/www.gardaseezeitung.it\/gardaseezeitung_new\/de\/wp-json\/wp\/v2\/types\/post"}],"author":[{"embeddable":true,"href":"https:\/\/www.gardaseezeitung.it\/gardaseezeitung_new\/de\/wp-json\/wp\/v2\/users\/9"}],"replies":[{"embeddable":true,"href":"https:\/\/www.gardaseezeitung.it\/gardaseezeitung_new\/de\/wp-json\/wp\/v2\/comments?post=9237"}],"version-history":[{"count":1,"href":"https:\/\/www.gardaseezeitung.it\/gardaseezeitung_new\/de\/wp-json\/wp\/v2\/posts\/9237\/revisions"}],"predecessor-version":[{"id":9238,"href":"https:\/\/www.gardaseezeitung.it\/gardaseezeitung_new\/de\/wp-json\/wp\/v2\/posts\/9237\/revisions\/9238"}],"wp:featuredmedia":[{"embeddable":true,"href":"https:\/\/www.gardaseezeitung.it\/gardaseezeitung_new\/de\/wp-json\/wp\/v2\/media\/9138"}],"wp:attachment":[{"href":"https:\/\/www.gardaseezeitung.it\/gardaseezeitung_new\/de\/wp-json\/wp\/v2\/media?parent=9237"}],"wp:term":[{"taxonomy":"category","embeddable":true,"href":"https:\/\/www.gardaseezeitung.it\/gardaseezeitung_new\/de\/wp-json\/wp\/v2\/categories?post=9237"},{"taxonomy":"post_tag","embeddable":true,"href":"https:\/\/www.gardaseezeitung.it\/gardaseezeitung_new\/de\/wp-json\/wp\/v2\/tags?post=9237"},{"taxonomy":"news-destination","embeddable":true,"href":"https:\/\/www.gardaseezeitung.it\/gardaseezeitung_new\/de\/wp-json\/wp\/v2\/news-destination?post=9237"},{"taxonomy":"news-source","embeddable":true,"href":"https:\/\/www.gardaseezeitung.it\/gardaseezeitung_new\/de\/wp-json\/wp\/v2\/news-source?post=9237"},{"taxonomy":"is_homepage","embeddable":true,"href":"https:\/\/www.gardaseezeitung.it\/gardaseezeitung_new\/de\/wp-json\/wp\/v2\/is_homepage?post=9237"},{"taxonomy":"ta_other","embeddable":true,"href":"https:\/\/www.gardaseezeitung.it\/gardaseezeitung_new\/de\/wp-json\/wp\/v2\/ta_other?post=9237"}],"curies":[{"name":"wp","href":"https:\/\/api.w.org\/{rel}","templated":true}]}}