{"id":9258,"date":"2022-01-06T00:47:22","date_gmt":"2022-01-05T23:47:22","guid":{"rendered":"http:\/\/euwp08.newsmemory.com\/gardaseezeitung_new\/de\/2022\/01\/06\/verkaufsstart-mantova-village-das-outlet-bagnolo-san-vito\/"},"modified":"2022-01-06T00:51:23","modified_gmt":"2021-08-09T00:51:23","slug":"verkaufsstart-mantova-village-das-outlet-bagnolo-san-vito","status":"publish","type":"post","link":"https:\/\/www.gardaseezeitung.it\/2022\/01\/06\/verkaufsstart-mantova-village-das-outlet-bagnolo-san-vito\/","title":{"rendered":"Sondernverkaufsstart in Mantova Village, das Outlet in Bagnolo San Vito"},"content":{"rendered":"<p>&nbsp;<\/p>\n<p>\u00dcberraschender erster Sondernverkaufstag im Mantova Village in Bagnolo San Vito. Das mit Spannung erwartete Silvester-Ereignis hat dank der vielen Modeliebhaber einen guten Start hingelegt, und das nicht nur, obwohl die Zeit noch stark vom Covid-19 betroffen ist. Schon am fr\u00fchen Morgen f\u00fcllte sich der Parkplatz mit Autos und Wohnmobilen von Touristen auf der Durchreise, die sich in disziplinierten Schlangen vor den verschiedenen Gesch\u00e4ften ins Village dr\u00e4ngten.&#8220;Wir waren uns sicher, dass wir einen guten Start hinlegen w\u00fcrden, aber die Beteiligung am fr\u00fchen Morgen hat uns positiv \u00fcberrascht. In den letzten Monaten&#8220;, so die Gesch\u00e4ftsleitung, &#8222;haben wir dank des Schwarzen Freitags und anderer Werbeaktionen f\u00fcr unsere treuen Kunden hervorragende Ergebnisse erzielt. Jetzt beginnen wir mit dem Ausverkauf, wobei in einigen Gesch\u00e4ften bereits erhebliche Rabatte von 50 % auf die Outlet-Preise gew\u00e4hrt werden, was in der Tat sehr g\u00fcnstig ist. Unsere Gesch\u00e4fte verf\u00fcgen nach wie vor \u00fcber ein gutes Produktsortiment, sowohl was die Artikel als auch was die Gr\u00f6\u00dfen betrifft, so dass wir ein breites Spektrum von Kunden zufrieden stellen k\u00f6nnen&#8220;.Im noch weihnachtlich geschm\u00fcckten Mantova Village herrscht gro\u00dfer Andrang in den Gesch\u00e4ften: Sowohl Freizeit- und Sportkleidung als auch formelle Kleidung f\u00fcr die R\u00fcckkehr ins B\u00fcro sind sehr gefragt. Auch Bars und Restaurants freuen sich \u00fcber den Start, nachdem sie k\u00fcrzlich ihr Angebot mit der Er\u00f6ffnung des Poke House erweitert haben. Die Winterschlussverkaufssaison l\u00e4uft bis Samstag, den 5. M\u00e4rz 2022. Info: www.mantovavillage.it und Tel. 0376 25041.<\/p>\n<p>&nbsp;<\/p>\n","protected":false},"excerpt":{"rendered":"<p>Das Einkaufszentrum befindet sich an der Ausfahrt Mantova Sud der Brennerautobahn<\/p>\n","protected":false},"author":9,"featured_media":9257,"comment_status":"open","ping_status":"open","sticky":false,"template":"","format":"standard","meta":[],"categories":[2,4,6],"tags":[2003,2004,23,26,1931,2005,1932,2006],"news-destination":[],"news-source":[],"is_homepage":[],"ta_other":[],"featured_media_details":{"width":1024,"height":683,"file":"2022\/01\/Mantova-MAU15595_1-1024x683.jpg","sizes":{"thumbnail":{"file":"Mantova-MAU15595_1-1024x683-150x150.jpg","width":150,"height":150,"mime-type":"image\/jpeg","source_url":"https:\/\/www.gardaseezeitung.it\/gardaseezeitung_new\/de\/wp-content\/uploads\/sites\/2\/2022\/01\/Mantova-MAU15595_1-1024x683-150x150.jpg"},"medium":{"file":"Mantova-MAU15595_1-1024x683-300x200.jpg","width":300,"height":200,"mime-type":"image\/jpeg","source_url":"https:\/\/www.gardaseezeitung.it\/gardaseezeitung_new\/de\/wp-content\/uploads\/sites\/2\/2022\/01\/Mantova-MAU15595_1-1024x683-300x200.jpg"},"medium_large":{"file":"Mantova-MAU15595_1-1024x683-768x512.jpg","width":768,"height":512,"mime-type":"image\/jpeg","source_url":"https:\/\/www.gardaseezeitung.it\/gardaseezeitung_new\/de\/wp-content\/uploads\/sites\/2\/2022\/01\/Mantova-MAU15595_1-1024x683-768x512.jpg"},"large":{"file":"Mantova-MAU15595_1-1024x683-1024x683.jpg","width":1024,"height":683,"mime-type":"image\/jpeg","source_url":"https:\/\/www.gardaseezeitung.it\/gardaseezeitung_new\/de\/wp-content\/uploads\/sites\/2\/2022\/01\/Mantova-MAU15595_1-1024x683-1024x683.jpg"},"big_image":{"file":"Mantova-MAU15595_1-1024x683-750x500.jpg","width":750,"height":500,"mime-type":"image\/jpeg","source_url":"https:\/\/www.gardaseezeitung.it\/gardaseezeitung_new\/de\/wp-content\/uploads\/sites\/2\/2022\/01\/Mantova-MAU15595_1-1024x683-750x500.jpg"},"guest-author-32":{"file":"Mantova-MAU15595_1-1024x683-32x32.jpg","width":32,"height":32,"mime-type":"image\/jpeg","source_url":"https:\/\/www.gardaseezeitung.it\/gardaseezeitung_new\/de\/wp-content\/uploads\/sites\/2\/2022\/01\/Mantova-MAU15595_1-1024x683-32x32.jpg"},"guest-author-50":{"file":"Mantova-MAU15595_1-1024x683-50x50.jpg","width":50,"height":50,"mime-type":"image\/jpeg","source_url":"https:\/\/www.gardaseezeitung.it\/gardaseezeitung_new\/de\/wp-content\/uploads\/sites\/2\/2022\/01\/Mantova-MAU15595_1-1024x683-50x50.jpg"},"guest-author-64":{"file":"Mantova-MAU15595_1-1024x683-64x64.jpg","width":64,"height":64,"mime-type":"image\/jpeg","source_url":"https:\/\/www.gardaseezeitung.it\/gardaseezeitung_new\/de\/wp-content\/uploads\/sites\/2\/2022\/01\/Mantova-MAU15595_1-1024x683-64x64.jpg"},"guest-author-96":{"file":"Mantova-MAU15595_1-1024x683-96x96.jpg","width":96,"height":96,"mime-type":"image\/jpeg","source_url":"https:\/\/www.gardaseezeitung.it\/gardaseezeitung_new\/de\/wp-content\/uploads\/sites\/2\/2022\/01\/Mantova-MAU15595_1-1024x683-96x96.jpg"},"guest-author-128":{"file":"Mantova-MAU15595_1-1024x683-128x128.jpg","width":128,"height":128,"mime-type":"image\/jpeg","source_url":"https:\/\/www.gardaseezeitung.it\/gardaseezeitung_new\/de\/wp-content\/uploads\/sites\/2\/2022\/01\/Mantova-MAU15595_1-1024x683-128x128.jpg"},"full":{"file":"Mantova-MAU15595_1-1024x683.jpg","width":1024,"height":683,"mime_type":"","source_url":"https:\/\/www.gardaseezeitung.it\/gardaseezeitung_new\/de\/wp-content\/uploads\/sites\/2\/2022\/01\/Mantova-MAU15595_1-1024x683.jpg"}},"image_meta":{"aperture":"0","credit":"","camera":"","caption":"","created_timestamp":"0","copyright":"","focal_length":"0","iso":"0","shutter_speed":"0","title":"","orientation":"1","keywords":[]}},"_links":{"self":[{"href":"https:\/\/www.gardaseezeitung.it\/gardaseezeitung_new\/de\/wp-json\/wp\/v2\/posts\/9258"}],"collection":[{"href":"https:\/\/www.gardaseezeitung.it\/gardaseezeitung_new\/de\/wp-json\/wp\/v2\/posts"}],"about":[{"href":"https:\/\/www.gardaseezeitung.it\/gardaseezeitung_new\/de\/wp-json\/wp\/v2\/types\/post"}],"author":[{"embeddable":true,"href":"https:\/\/www.gardaseezeitung.it\/gardaseezeitung_new\/de\/wp-json\/wp\/v2\/users\/9"}],"replies":[{"embeddable":true,"href":"https:\/\/www.gardaseezeitung.it\/gardaseezeitung_new\/de\/wp-json\/wp\/v2\/comments?post=9258"}],"version-history":[{"count":1,"href":"https:\/\/www.gardaseezeitung.it\/gardaseezeitung_new\/de\/wp-json\/wp\/v2\/posts\/9258\/revisions"}],"predecessor-version":[{"id":9259,"href":"https:\/\/www.gardaseezeitung.it\/gardaseezeitung_new\/de\/wp-json\/wp\/v2\/posts\/9258\/revisions\/9259"}],"wp:featuredmedia":[{"embeddable":true,"href":"https:\/\/www.gardaseezeitung.it\/gardaseezeitung_new\/de\/wp-json\/wp\/v2\/media\/9257"}],"wp:attachment":[{"href":"https:\/\/www.gardaseezeitung.it\/gardaseezeitung_new\/de\/wp-json\/wp\/v2\/media?parent=9258"}],"wp:term":[{"taxonomy":"category","embeddable":true,"href":"https:\/\/www.gardaseezeitung.it\/gardaseezeitung_new\/de\/wp-json\/wp\/v2\/categories?post=9258"},{"taxonomy":"post_tag","embeddable":true,"href":"https:\/\/www.gardaseezeitung.it\/gardaseezeitung_new\/de\/wp-json\/wp\/v2\/tags?post=9258"},{"taxonomy":"news-destination","embeddable":true,"href":"https:\/\/www.gardaseezeitung.it\/gardaseezeitung_new\/de\/wp-json\/wp\/v2\/news-destination?post=9258"},{"taxonomy":"news-source","embeddable":true,"href":"https:\/\/www.gardaseezeitung.it\/gardaseezeitung_new\/de\/wp-json\/wp\/v2\/news-source?post=9258"},{"taxonomy":"is_homepage","embeddable":true,"href":"https:\/\/www.gardaseezeitung.it\/gardaseezeitung_new\/de\/wp-json\/wp\/v2\/is_homepage?post=9258"},{"taxonomy":"ta_other","embeddable":true,"href":"https:\/\/www.gardaseezeitung.it\/gardaseezeitung_new\/de\/wp-json\/wp\/v2\/ta_other?post=9258"}],"curies":[{"name":"wp","href":"https:\/\/api.w.org\/{rel}","templated":true}]}}