{"id":9264,"date":"2022-01-11T17:38:39","date_gmt":"2022-01-11T16:38:39","guid":{"rendered":"http:\/\/euwp08.newsmemory.com\/gardaseezeitung_new\/de\/2022\/01\/11\/der-romeo-und-julia-halbmarathon-wird-auf-den-1-mai-verlegt\/"},"modified":"2022-01-11T17:38:42","modified_gmt":"2021-08-14T17:38:42","slug":"der-romeo-und-julia-halbmarathon-wird-auf-den-1-mai-verlegt","status":"publish","type":"post","link":"https:\/\/www.gardaseezeitung.it\/2022\/01\/11\/der-romeo-und-julia-halbmarathon-wird-auf-den-1-mai-verlegt\/","title":{"rendered":"Der Romeo und Julia-Halbmarathon wird auf den 1. Mai verlegt"},"content":{"rendered":"<p>&nbsp;<\/p>\n<p>&nbsp;<\/p>\n<p>Es wurden 8.000 Teilnehmer erwartet: alle Teilnehmer sind automatisch f\u00fcr Sonntag, den 1. Mai, angemeldet. &#8222;Sollte jemand am neuen Termin nicht teilnehmen k\u00f6nnen&#8220;, erkl\u00e4ren die Organisatoren, &#8222;bietet die Organisation die M\u00f6glichkeit, die Anmeldung auf Sonntag, den 12. Februar 2023, zu verschieben, ebenfalls kostenlos&#8220;. Anmeldungen sind noch m\u00f6glich: Die Geb\u00fchr betr\u00e4gt 38 Euro.<\/p>\n<p>&nbsp;<\/p>\n","protected":false},"excerpt":{"rendered":"<p>Der Marathon sollte am 13. Februar in Verona stattfinden<\/p>\n","protected":false},"author":9,"featured_media":9263,"comment_status":"open","ping_status":"open","sticky":false,"template":"","format":"standard","meta":[],"categories":[2,5,6],"tags":[23,26,2008,2009,38],"news-destination":[],"news-source":[],"is_homepage":[],"ta_other":[],"featured_media_details":{"width":1000,"height":667,"file":"2022\/01\/B_giulietta-amp-romeo-half-marathon-verona-mezza-maratona-corsa-run-running_1.jpg","sizes":{"thumbnail":{"file":"B_giulietta-amp-romeo-half-marathon-verona-mezza-maratona-corsa-run-running_1-150x150.jpg","width":150,"height":150,"mime-type":"image\/jpeg","source_url":"https:\/\/www.gardaseezeitung.it\/gardaseezeitung_new\/de\/wp-content\/uploads\/sites\/2\/2022\/01\/B_giulietta-amp-romeo-half-marathon-verona-mezza-maratona-corsa-run-running_1-150x150.jpg"},"medium":{"file":"B_giulietta-amp-romeo-half-marathon-verona-mezza-maratona-corsa-run-running_1-300x200.jpg","width":300,"height":200,"mime-type":"image\/jpeg","source_url":"https:\/\/www.gardaseezeitung.it\/gardaseezeitung_new\/de\/wp-content\/uploads\/sites\/2\/2022\/01\/B_giulietta-amp-romeo-half-marathon-verona-mezza-maratona-corsa-run-running_1-300x200.jpg"},"medium_large":{"file":"B_giulietta-amp-romeo-half-marathon-verona-mezza-maratona-corsa-run-running_1-768x512.jpg","width":768,"height":512,"mime-type":"image\/jpeg","source_url":"https:\/\/www.gardaseezeitung.it\/gardaseezeitung_new\/de\/wp-content\/uploads\/sites\/2\/2022\/01\/B_giulietta-amp-romeo-half-marathon-verona-mezza-maratona-corsa-run-running_1-768x512.jpg"},"big_image":{"file":"B_giulietta-amp-romeo-half-marathon-verona-mezza-maratona-corsa-run-running_1-750x500.jpg","width":750,"height":500,"mime-type":"image\/jpeg","source_url":"https:\/\/www.gardaseezeitung.it\/gardaseezeitung_new\/de\/wp-content\/uploads\/sites\/2\/2022\/01\/B_giulietta-amp-romeo-half-marathon-verona-mezza-maratona-corsa-run-running_1-750x500.jpg"},"guest-author-32":{"file":"B_giulietta-amp-romeo-half-marathon-verona-mezza-maratona-corsa-run-running_1-32x32.jpg","width":32,"height":32,"mime-type":"image\/jpeg","source_url":"https:\/\/www.gardaseezeitung.it\/gardaseezeitung_new\/de\/wp-content\/uploads\/sites\/2\/2022\/01\/B_giulietta-amp-romeo-half-marathon-verona-mezza-maratona-corsa-run-running_1-32x32.jpg"},"guest-author-50":{"file":"B_giulietta-amp-romeo-half-marathon-verona-mezza-maratona-corsa-run-running_1-50x50.jpg","width":50,"height":50,"mime-type":"image\/jpeg","source_url":"https:\/\/www.gardaseezeitung.it\/gardaseezeitung_new\/de\/wp-content\/uploads\/sites\/2\/2022\/01\/B_giulietta-amp-romeo-half-marathon-verona-mezza-maratona-corsa-run-running_1-50x50.jpg"},"guest-author-64":{"file":"B_giulietta-amp-romeo-half-marathon-verona-mezza-maratona-corsa-run-running_1-64x64.jpg","width":64,"height":64,"mime-type":"image\/jpeg","source_url":"https:\/\/www.gardaseezeitung.it\/gardaseezeitung_new\/de\/wp-content\/uploads\/sites\/2\/2022\/01\/B_giulietta-amp-romeo-half-marathon-verona-mezza-maratona-corsa-run-running_1-64x64.jpg"},"guest-author-96":{"file":"B_giulietta-amp-romeo-half-marathon-verona-mezza-maratona-corsa-run-running_1-96x96.jpg","width":96,"height":96,"mime-type":"image\/jpeg","source_url":"https:\/\/www.gardaseezeitung.it\/gardaseezeitung_new\/de\/wp-content\/uploads\/sites\/2\/2022\/01\/B_giulietta-amp-romeo-half-marathon-verona-mezza-maratona-corsa-run-running_1-96x96.jpg"},"guest-author-128":{"file":"B_giulietta-amp-romeo-half-marathon-verona-mezza-maratona-corsa-run-running_1-128x128.jpg","width":128,"height":128,"mime-type":"image\/jpeg","source_url":"https:\/\/www.gardaseezeitung.it\/gardaseezeitung_new\/de\/wp-content\/uploads\/sites\/2\/2022\/01\/B_giulietta-amp-romeo-half-marathon-verona-mezza-maratona-corsa-run-running_1-128x128.jpg"},"full":{"file":"B_giulietta-amp-romeo-half-marathon-verona-mezza-maratona-corsa-run-running_1.jpg","width":1000,"height":667,"mime_type":"","source_url":"https:\/\/www.gardaseezeitung.it\/gardaseezeitung_new\/de\/wp-content\/uploads\/sites\/2\/2022\/01\/B_giulietta-amp-romeo-half-marathon-verona-mezza-maratona-corsa-run-running_1.jpg"}},"image_meta":{"aperture":"0","credit":"","camera":"","caption":"","created_timestamp":"0","copyright":"","focal_length":"0","iso":"0","shutter_speed":"0","title":"","orientation":"0","keywords":[]}},"_links":{"self":[{"href":"https:\/\/www.gardaseezeitung.it\/gardaseezeitung_new\/de\/wp-json\/wp\/v2\/posts\/9264"}],"collection":[{"href":"https:\/\/www.gardaseezeitung.it\/gardaseezeitung_new\/de\/wp-json\/wp\/v2\/posts"}],"about":[{"href":"https:\/\/www.gardaseezeitung.it\/gardaseezeitung_new\/de\/wp-json\/wp\/v2\/types\/post"}],"author":[{"embeddable":true,"href":"https:\/\/www.gardaseezeitung.it\/gardaseezeitung_new\/de\/wp-json\/wp\/v2\/users\/9"}],"replies":[{"embeddable":true,"href":"https:\/\/www.gardaseezeitung.it\/gardaseezeitung_new\/de\/wp-json\/wp\/v2\/comments?post=9264"}],"version-history":[{"count":1,"href":"https:\/\/www.gardaseezeitung.it\/gardaseezeitung_new\/de\/wp-json\/wp\/v2\/posts\/9264\/revisions"}],"predecessor-version":[{"id":9266,"href":"https:\/\/www.gardaseezeitung.it\/gardaseezeitung_new\/de\/wp-json\/wp\/v2\/posts\/9264\/revisions\/9266"}],"wp:featuredmedia":[{"embeddable":true,"href":"https:\/\/www.gardaseezeitung.it\/gardaseezeitung_new\/de\/wp-json\/wp\/v2\/media\/9263"}],"wp:attachment":[{"href":"https:\/\/www.gardaseezeitung.it\/gardaseezeitung_new\/de\/wp-json\/wp\/v2\/media?parent=9264"}],"wp:term":[{"taxonomy":"category","embeddable":true,"href":"https:\/\/www.gardaseezeitung.it\/gardaseezeitung_new\/de\/wp-json\/wp\/v2\/categories?post=9264"},{"taxonomy":"post_tag","embeddable":true,"href":"https:\/\/www.gardaseezeitung.it\/gardaseezeitung_new\/de\/wp-json\/wp\/v2\/tags?post=9264"},{"taxonomy":"news-destination","embeddable":true,"href":"https:\/\/www.gardaseezeitung.it\/gardaseezeitung_new\/de\/wp-json\/wp\/v2\/news-destination?post=9264"},{"taxonomy":"news-source","embeddable":true,"href":"https:\/\/www.gardaseezeitung.it\/gardaseezeitung_new\/de\/wp-json\/wp\/v2\/news-source?post=9264"},{"taxonomy":"is_homepage","embeddable":true,"href":"https:\/\/www.gardaseezeitung.it\/gardaseezeitung_new\/de\/wp-json\/wp\/v2\/is_homepage?post=9264"},{"taxonomy":"ta_other","embeddable":true,"href":"https:\/\/www.gardaseezeitung.it\/gardaseezeitung_new\/de\/wp-json\/wp\/v2\/ta_other?post=9264"}],"curies":[{"name":"wp","href":"https:\/\/api.w.org\/{rel}","templated":true}]}}