{"id":9270,"date":"2022-01-11T23:44:02","date_gmt":"2022-01-11T22:44:02","guid":{"rendered":"http:\/\/euwp08.newsmemory.com\/gardaseezeitung_new\/de\/2022\/01\/11\/motorbike-expo-die-welt-der-motorraeder-kehrt-vom-13-bis-16-januar-nach-verona-zurueck\/"},"modified":"2022-01-11T23:44:23","modified_gmt":"2021-08-14T23:44:23","slug":"motorbike-expo-die-welt-der-motorraeder-kehrt-vom-13-bis-16-januar-nach-verona-zurueck","status":"publish","type":"post","link":"https:\/\/www.gardaseezeitung.it\/2022\/01\/11\/motorbike-expo-die-welt-der-motorraeder-kehrt-vom-13-bis-16-januar-nach-verona-zurueck\/","title":{"rendered":"Motorbike Expo, die Welt der Motorr\u00e4der kehrt vom 13. bis 16. Januar nach Verona zur\u00fcck"},"content":{"rendered":"<p>&nbsp;<\/p>\n<p>Motor Bike Expo, die Ausstellung, die der Welt des Motorradsports und seinen Protagonisten gewidmet ist, kehrt vom 13. bis 16. Januar nach Verona zur\u00fcck. Sie ist der von den Motorradfahrern am sehnlichsten erwartete Termin, dank eines einzigartigen, internationalen Formats, das die Massenproduktion der gro\u00dfen Hersteller, der Top-Marken f\u00fcr Zubeh\u00f6r und Bekleidung mit den Sonder- und Spezialmodellen der bekanntesten Customization-Werkst\u00e4tten zusammenbringt. Gezeigt werden Neuheiten und Vorpremieren von \u00fcber 600 ausstellenden Unternehmen in 8 belegten Pavillons, die Au\u00dfenbereiche nicht mitgerechnet, auf insgesamt mehr als 120 Tausend Quadratmetern. Ein echtes Muss f\u00fcr alle Motorradfahrer, denn die Motor Bike Expo bietet auch Sport, VIP-G\u00e4ste, Unterhaltung, Rennen, Tourismus im Sattel und Bildungsveranstaltungen.<\/p>\n<p>&nbsp;<\/p>\n","protected":false},"excerpt":{"rendered":"<p>An der Motorradmesse in Verona nehmen 600 Unternehmen teil. Eintritt nur mit Super Green Pass und ffp2 Maske<\/p>\n","protected":false},"author":9,"featured_media":9269,"comment_status":"open","ping_status":"open","sticky":false,"template":"","format":"standard","meta":[],"categories":[2,4,6],"tags":[23,26,958,38],"news-destination":[],"news-source":[],"is_homepage":[],"ta_other":[],"featured_media_details":{"width":1024,"height":598,"file":"2022\/01\/mbeworldtour-min.jpg","sizes":{"thumbnail":{"file":"mbeworldtour-min-150x150.jpg","width":150,"height":150,"mime-type":"image\/jpeg","source_url":"https:\/\/www.gardaseezeitung.it\/gardaseezeitung_new\/de\/wp-content\/uploads\/sites\/2\/2022\/01\/mbeworldtour-min-150x150.jpg"},"medium":{"file":"mbeworldtour-min-300x175.jpg","width":300,"height":175,"mime-type":"image\/jpeg","source_url":"https:\/\/www.gardaseezeitung.it\/gardaseezeitung_new\/de\/wp-content\/uploads\/sites\/2\/2022\/01\/mbeworldtour-min-300x175.jpg"},"medium_large":{"file":"mbeworldtour-min-768x449.jpg","width":768,"height":449,"mime-type":"image\/jpeg","source_url":"https:\/\/www.gardaseezeitung.it\/gardaseezeitung_new\/de\/wp-content\/uploads\/sites\/2\/2022\/01\/mbeworldtour-min-768x449.jpg"},"large":{"file":"mbeworldtour-min-1024x598.jpg","width":1024,"height":598,"mime-type":"image\/jpeg","source_url":"https:\/\/www.gardaseezeitung.it\/gardaseezeitung_new\/de\/wp-content\/uploads\/sites\/2\/2022\/01\/mbeworldtour-min-1024x598.jpg"},"big_image":{"file":"mbeworldtour-min-750x438.jpg","width":750,"height":438,"mime-type":"image\/jpeg","source_url":"https:\/\/www.gardaseezeitung.it\/gardaseezeitung_new\/de\/wp-content\/uploads\/sites\/2\/2022\/01\/mbeworldtour-min-750x438.jpg"},"guest-author-32":{"file":"mbeworldtour-min-32x32.jpg","width":32,"height":32,"mime-type":"image\/jpeg","source_url":"https:\/\/www.gardaseezeitung.it\/gardaseezeitung_new\/de\/wp-content\/uploads\/sites\/2\/2022\/01\/mbeworldtour-min-32x32.jpg"},"guest-author-50":{"file":"mbeworldtour-min-50x50.jpg","width":50,"height":50,"mime-type":"image\/jpeg","source_url":"https:\/\/www.gardaseezeitung.it\/gardaseezeitung_new\/de\/wp-content\/uploads\/sites\/2\/2022\/01\/mbeworldtour-min-50x50.jpg"},"guest-author-64":{"file":"mbeworldtour-min-64x64.jpg","width":64,"height":64,"mime-type":"image\/jpeg","source_url":"https:\/\/www.gardaseezeitung.it\/gardaseezeitung_new\/de\/wp-content\/uploads\/sites\/2\/2022\/01\/mbeworldtour-min-64x64.jpg"},"guest-author-96":{"file":"mbeworldtour-min-96x96.jpg","width":96,"height":96,"mime-type":"image\/jpeg","source_url":"https:\/\/www.gardaseezeitung.it\/gardaseezeitung_new\/de\/wp-content\/uploads\/sites\/2\/2022\/01\/mbeworldtour-min-96x96.jpg"},"guest-author-128":{"file":"mbeworldtour-min-128x128.jpg","width":128,"height":128,"mime-type":"image\/jpeg","source_url":"https:\/\/www.gardaseezeitung.it\/gardaseezeitung_new\/de\/wp-content\/uploads\/sites\/2\/2022\/01\/mbeworldtour-min-128x128.jpg"},"full":{"file":"mbeworldtour-min.jpg","width":1024,"height":598,"mime_type":"","source_url":"https:\/\/www.gardaseezeitung.it\/gardaseezeitung_new\/de\/wp-content\/uploads\/sites\/2\/2022\/01\/mbeworldtour-min.jpg"}},"image_meta":{"aperture":"0","credit":"","camera":"","caption":"","created_timestamp":"0","copyright":"","focal_length":"0","iso":"0","shutter_speed":"0","title":"","orientation":"1","keywords":[]}},"_links":{"self":[{"href":"https:\/\/www.gardaseezeitung.it\/gardaseezeitung_new\/de\/wp-json\/wp\/v2\/posts\/9270"}],"collection":[{"href":"https:\/\/www.gardaseezeitung.it\/gardaseezeitung_new\/de\/wp-json\/wp\/v2\/posts"}],"about":[{"href":"https:\/\/www.gardaseezeitung.it\/gardaseezeitung_new\/de\/wp-json\/wp\/v2\/types\/post"}],"author":[{"embeddable":true,"href":"https:\/\/www.gardaseezeitung.it\/gardaseezeitung_new\/de\/wp-json\/wp\/v2\/users\/9"}],"replies":[{"embeddable":true,"href":"https:\/\/www.gardaseezeitung.it\/gardaseezeitung_new\/de\/wp-json\/wp\/v2\/comments?post=9270"}],"version-history":[{"count":1,"href":"https:\/\/www.gardaseezeitung.it\/gardaseezeitung_new\/de\/wp-json\/wp\/v2\/posts\/9270\/revisions"}],"predecessor-version":[{"id":9271,"href":"https:\/\/www.gardaseezeitung.it\/gardaseezeitung_new\/de\/wp-json\/wp\/v2\/posts\/9270\/revisions\/9271"}],"wp:featuredmedia":[{"embeddable":true,"href":"https:\/\/www.gardaseezeitung.it\/gardaseezeitung_new\/de\/wp-json\/wp\/v2\/media\/9269"}],"wp:attachment":[{"href":"https:\/\/www.gardaseezeitung.it\/gardaseezeitung_new\/de\/wp-json\/wp\/v2\/media?parent=9270"}],"wp:term":[{"taxonomy":"category","embeddable":true,"href":"https:\/\/www.gardaseezeitung.it\/gardaseezeitung_new\/de\/wp-json\/wp\/v2\/categories?post=9270"},{"taxonomy":"post_tag","embeddable":true,"href":"https:\/\/www.gardaseezeitung.it\/gardaseezeitung_new\/de\/wp-json\/wp\/v2\/tags?post=9270"},{"taxonomy":"news-destination","embeddable":true,"href":"https:\/\/www.gardaseezeitung.it\/gardaseezeitung_new\/de\/wp-json\/wp\/v2\/news-destination?post=9270"},{"taxonomy":"news-source","embeddable":true,"href":"https:\/\/www.gardaseezeitung.it\/gardaseezeitung_new\/de\/wp-json\/wp\/v2\/news-source?post=9270"},{"taxonomy":"is_homepage","embeddable":true,"href":"https:\/\/www.gardaseezeitung.it\/gardaseezeitung_new\/de\/wp-json\/wp\/v2\/is_homepage?post=9270"},{"taxonomy":"ta_other","embeddable":true,"href":"https:\/\/www.gardaseezeitung.it\/gardaseezeitung_new\/de\/wp-json\/wp\/v2\/ta_other?post=9270"}],"curies":[{"name":"wp","href":"https:\/\/api.w.org\/{rel}","templated":true}]}}