{"id":9288,"date":"2022-01-13T15:06:41","date_gmt":"2022-01-13T14:06:41","guid":{"rendered":"http:\/\/euwp08.newsmemory.com\/gardaseezeitung_new\/de\/2022\/01\/13\/zwei-weingueter-vom-gardasee-die-vereinigung-roses-de-terroirs-aufgenommen\/"},"modified":"2022-01-13T15:06:48","modified_gmt":"2021-08-16T15:06:48","slug":"zwei-weingueter-vom-gardasee-die-vereinigung-roses-de-terroirs-aufgenommen","status":"publish","type":"post","link":"https:\/\/www.gardaseezeitung.it\/2022\/01\/13\/zwei-weingueter-vom-gardasee-die-vereinigung-roses-de-terroirs-aufgenommen\/","title":{"rendered":"Zwei Weing\u00fcter vom Gardasee in die Vereinigung Ros\u00e9s de Terroirs aufgenommen"},"content":{"rendered":"<p>&nbsp;<\/p>\n<p>&#8222;Ich glaube, M\u00e5neskin hat sich genauso gef\u00fchlt, als sie das Konzert der Rolling Stones er\u00f6ffnet haben&#8220;, sagt Franca Cristoforetti, Pr\u00e4sidentin des Consorzio del Chiaretto (Konsortium zum Schutz des Chiaretto und des Bardolino). Die einzigen italienischen Erzeuger von Chiaretto von Bardolino, die in die franz\u00f6sische Gruppe eingeladen wurden, sind <em>Guerrieri Rizzardi<\/em> und <em>Le Fraghe<\/em> der Winzerin Matilde Poggi, die an der ersten Generalversammlung der Association Internationale des Ros\u00e9s de Terroirs in Tavel teilgenommen hat, einer Stadt, die daf\u00fcr bekannt ist, dass sie 1936 der ersten ausschlie\u00dflich dem Ros\u00e9 gewidmeten Ursprungsbezeichnung der Welt ihren Namen gegeben hat. &#8222;Wir sind stolz darauf&#8220;, f\u00e4hrt Cristoforetti fort, &#8222;dass der Ros\u00e9wein vom Gardasee in der Gegend von Verona unser Land unter den renommiertesten franz\u00f6sischen Ros\u00e9weinen vertritt&#8220;. Der Verein Ros\u00e9s de Terroirs wurde im Jahr 2020 von den Erzeugern des Tavel mit dem Ziel gegr\u00fcndet, eine Bewegung zur F\u00f6rderung des regionalen Ros\u00e9weins ins Leben zu rufen, die im Fr\u00fchjahr dieses Jahres zum Tragen kam. &#8222;Ros\u00e9&#8220;, erkl\u00e4rt die Koordinatorin Sandra Gay-Moulines, &#8222;hat sich zu einem eigenst\u00e4ndigen Weinstil entwickelt, ist aber noch nicht in der Welt der Terroir-Weine angekommen. Terroir-Ros\u00e9weine sind im Vergleich zu ihrem Wert noch zu wenig bekannt und gesch\u00e4tzt, und daran werden wir arbeiten&#8220;.<\/p>\n<p>&nbsp;<\/p>\n","protected":false},"excerpt":{"rendered":"<p>Das &#8222;Consorzio di Tutela del Chiaretto e del Bardolino&#8220; st\u00f6\u00dft auf den Erfolg von zwei Gardasee-G\u00fctern an<\/p>\n","protected":false},"author":9,"featured_media":6333,"comment_status":"open","ping_status":"open","sticky":false,"template":"","format":"standard","meta":[],"categories":[2,6,3],"tags":[50,2023,2024,23,26,2025,2026,2027,2028,2029,2030],"news-destination":[],"news-source":[],"is_homepage":[],"ta_other":[],"featured_media_details":{"width":1024,"height":684,"file":"2021\/04\/ChiarettoCOR_8907web.jpg","sizes":{"thumbnail":{"file":"ChiarettoCOR_8907web-150x150.jpg","width":150,"height":150,"mime-type":"image\/jpeg","source_url":"https:\/\/www.gardaseezeitung.it\/gardaseezeitung_new\/de\/wp-content\/uploads\/sites\/2\/2021\/04\/ChiarettoCOR_8907web-150x150.jpg"},"medium":{"file":"ChiarettoCOR_8907web-300x200.jpg","width":300,"height":200,"mime-type":"image\/jpeg","source_url":"https:\/\/www.gardaseezeitung.it\/gardaseezeitung_new\/de\/wp-content\/uploads\/sites\/2\/2021\/04\/ChiarettoCOR_8907web-300x200.jpg"},"medium_large":{"file":"ChiarettoCOR_8907web-768x513.jpg","width":768,"height":513,"mime-type":"image\/jpeg","source_url":"https:\/\/www.gardaseezeitung.it\/gardaseezeitung_new\/de\/wp-content\/uploads\/sites\/2\/2021\/04\/ChiarettoCOR_8907web-768x513.jpg"},"large":{"file":"ChiarettoCOR_8907web-1024x684.jpg","width":1024,"height":684,"mime-type":"image\/jpeg","source_url":"https:\/\/www.gardaseezeitung.it\/gardaseezeitung_new\/de\/wp-content\/uploads\/sites\/2\/2021\/04\/ChiarettoCOR_8907web-1024x684.jpg"},"big_image":{"file":"ChiarettoCOR_8907web-750x501.jpg","width":750,"height":501,"mime-type":"image\/jpeg","source_url":"https:\/\/www.gardaseezeitung.it\/gardaseezeitung_new\/de\/wp-content\/uploads\/sites\/2\/2021\/04\/ChiarettoCOR_8907web-750x501.jpg"},"guest-author-32":{"file":"ChiarettoCOR_8907web-32x32.jpg","width":32,"height":32,"mime-type":"image\/jpeg","source_url":"https:\/\/www.gardaseezeitung.it\/gardaseezeitung_new\/de\/wp-content\/uploads\/sites\/2\/2021\/04\/ChiarettoCOR_8907web-32x32.jpg"},"guest-author-50":{"file":"ChiarettoCOR_8907web-50x50.jpg","width":50,"height":50,"mime-type":"image\/jpeg","source_url":"https:\/\/www.gardaseezeitung.it\/gardaseezeitung_new\/de\/wp-content\/uploads\/sites\/2\/2021\/04\/ChiarettoCOR_8907web-50x50.jpg"},"guest-author-64":{"file":"ChiarettoCOR_8907web-64x64.jpg","width":64,"height":64,"mime-type":"image\/jpeg","source_url":"https:\/\/www.gardaseezeitung.it\/gardaseezeitung_new\/de\/wp-content\/uploads\/sites\/2\/2021\/04\/ChiarettoCOR_8907web-64x64.jpg"},"guest-author-96":{"file":"ChiarettoCOR_8907web-96x96.jpg","width":96,"height":96,"mime-type":"image\/jpeg","source_url":"https:\/\/www.gardaseezeitung.it\/gardaseezeitung_new\/de\/wp-content\/uploads\/sites\/2\/2021\/04\/ChiarettoCOR_8907web-96x96.jpg"},"guest-author-128":{"file":"ChiarettoCOR_8907web-128x128.jpg","width":128,"height":128,"mime-type":"image\/jpeg","source_url":"https:\/\/www.gardaseezeitung.it\/gardaseezeitung_new\/de\/wp-content\/uploads\/sites\/2\/2021\/04\/ChiarettoCOR_8907web-128x128.jpg"},"full":{"file":"ChiarettoCOR_8907web.jpg","width":1024,"height":684,"mime_type":"","source_url":"https:\/\/www.gardaseezeitung.it\/gardaseezeitung_new\/de\/wp-content\/uploads\/sites\/2\/2021\/04\/ChiarettoCOR_8907web.jpg"}},"image_meta":{"aperture":"5.6","credit":"","camera":"NIKON D750","caption":"","created_timestamp":"1505675370","copyright":"","focal_length":"160","iso":"800","shutter_speed":"0.00625","title":"","orientation":"1","keywords":[]}},"_links":{"self":[{"href":"https:\/\/www.gardaseezeitung.it\/gardaseezeitung_new\/de\/wp-json\/wp\/v2\/posts\/9288"}],"collection":[{"href":"https:\/\/www.gardaseezeitung.it\/gardaseezeitung_new\/de\/wp-json\/wp\/v2\/posts"}],"about":[{"href":"https:\/\/www.gardaseezeitung.it\/gardaseezeitung_new\/de\/wp-json\/wp\/v2\/types\/post"}],"author":[{"embeddable":true,"href":"https:\/\/www.gardaseezeitung.it\/gardaseezeitung_new\/de\/wp-json\/wp\/v2\/users\/9"}],"replies":[{"embeddable":true,"href":"https:\/\/www.gardaseezeitung.it\/gardaseezeitung_new\/de\/wp-json\/wp\/v2\/comments?post=9288"}],"version-history":[{"count":1,"href":"https:\/\/www.gardaseezeitung.it\/gardaseezeitung_new\/de\/wp-json\/wp\/v2\/posts\/9288\/revisions"}],"predecessor-version":[{"id":9289,"href":"https:\/\/www.gardaseezeitung.it\/gardaseezeitung_new\/de\/wp-json\/wp\/v2\/posts\/9288\/revisions\/9289"}],"wp:featuredmedia":[{"embeddable":true,"href":"https:\/\/www.gardaseezeitung.it\/gardaseezeitung_new\/de\/wp-json\/wp\/v2\/media\/6333"}],"wp:attachment":[{"href":"https:\/\/www.gardaseezeitung.it\/gardaseezeitung_new\/de\/wp-json\/wp\/v2\/media?parent=9288"}],"wp:term":[{"taxonomy":"category","embeddable":true,"href":"https:\/\/www.gardaseezeitung.it\/gardaseezeitung_new\/de\/wp-json\/wp\/v2\/categories?post=9288"},{"taxonomy":"post_tag","embeddable":true,"href":"https:\/\/www.gardaseezeitung.it\/gardaseezeitung_new\/de\/wp-json\/wp\/v2\/tags?post=9288"},{"taxonomy":"news-destination","embeddable":true,"href":"https:\/\/www.gardaseezeitung.it\/gardaseezeitung_new\/de\/wp-json\/wp\/v2\/news-destination?post=9288"},{"taxonomy":"news-source","embeddable":true,"href":"https:\/\/www.gardaseezeitung.it\/gardaseezeitung_new\/de\/wp-json\/wp\/v2\/news-source?post=9288"},{"taxonomy":"is_homepage","embeddable":true,"href":"https:\/\/www.gardaseezeitung.it\/gardaseezeitung_new\/de\/wp-json\/wp\/v2\/is_homepage?post=9288"},{"taxonomy":"ta_other","embeddable":true,"href":"https:\/\/www.gardaseezeitung.it\/gardaseezeitung_new\/de\/wp-json\/wp\/v2\/ta_other?post=9288"}],"curies":[{"name":"wp","href":"https:\/\/api.w.org\/{rel}","templated":true}]}}