{"id":9307,"date":"2022-01-14T11:52:41","date_gmt":"2022-01-14T10:52:41","guid":{"rendered":"http:\/\/euwp08.newsmemory.com\/gardaseezeitung_new\/de\/2022\/01\/14\/anteprima-amarone-amarone-vorschau-auf-juni-verschoben\/"},"modified":"2022-01-14T11:52:50","modified_gmt":"2021-08-17T11:52:50","slug":"anteprima-amarone-amarone-vorschau-auf-juni-verschoben","status":"publish","type":"post","link":"https:\/\/www.gardaseezeitung.it\/2022\/01\/14\/anteprima-amarone-amarone-vorschau-auf-juni-verschoben\/","title":{"rendered":"Anteprima Amarone (Amarone-Vorschau) auf Juni verschoben"},"content":{"rendered":"<p>&nbsp;<\/p>\n<p>&#8222;Wir werden auf die bestm\u00f6gliche Art und Weise wieder dabei sein&#8220;. Die vom Konsortium zum Schutz der Valpolicella-Weine einstimmig beschlossene Verlegung des Termins ist notwendig geworden, um den ordnungsgem\u00e4\u00dfen Ablauf der Veranstaltung mit der \u00fcblichen Anwesenheit von Experten und Akteuren auf internationaler Ebene zu gew\u00e4hrleisten. Die neuen Termine f\u00fcr die Veranstaltung in Verona werden in K\u00fcrze bekannt gegeben; das urspr\u00fcnglich vorgesehene Programm, das im Februar nicht eingehalten werden konnte, wird best\u00e4tigt und um besondere Veranstaltungen erg\u00e4nzt, die dem &#8222;K\u00f6nig&#8220; des Valpolicella gewidmet sind.<\/p>\n<p>&nbsp;<\/p>\n","protected":false},"excerpt":{"rendered":"<p>Die Veranstaltung war urspr\u00fcnglich f\u00fcr den 4. und 5. Februar in Verona geplant<\/p>\n","protected":false},"author":9,"featured_media":9306,"comment_status":"open","ping_status":"open","sticky":false,"template":"","format":"standard","meta":[],"categories":[2,4,6],"tags":[479,2037,23,26,84,38],"news-destination":[],"news-source":[],"is_homepage":[],"ta_other":[],"featured_media_details":{"width":1024,"height":512,"file":"2022\/01\/Anteprima-Amarone-1024x512-1.jpg","sizes":{"thumbnail":{"file":"Anteprima-Amarone-1024x512-1-150x150.jpg","width":150,"height":150,"mime-type":"image\/jpeg","source_url":"https:\/\/www.gardaseezeitung.it\/gardaseezeitung_new\/de\/wp-content\/uploads\/sites\/2\/2022\/01\/Anteprima-Amarone-1024x512-1-150x150.jpg"},"medium":{"file":"Anteprima-Amarone-1024x512-1-300x150.jpg","width":300,"height":150,"mime-type":"image\/jpeg","source_url":"https:\/\/www.gardaseezeitung.it\/gardaseezeitung_new\/de\/wp-content\/uploads\/sites\/2\/2022\/01\/Anteprima-Amarone-1024x512-1-300x150.jpg"},"medium_large":{"file":"Anteprima-Amarone-1024x512-1-768x384.jpg","width":768,"height":384,"mime-type":"image\/jpeg","source_url":"https:\/\/www.gardaseezeitung.it\/gardaseezeitung_new\/de\/wp-content\/uploads\/sites\/2\/2022\/01\/Anteprima-Amarone-1024x512-1-768x384.jpg"},"large":{"file":"Anteprima-Amarone-1024x512-1-1024x512.jpg","width":1024,"height":512,"mime-type":"image\/jpeg","source_url":"https:\/\/www.gardaseezeitung.it\/gardaseezeitung_new\/de\/wp-content\/uploads\/sites\/2\/2022\/01\/Anteprima-Amarone-1024x512-1-1024x512.jpg"},"big_image":{"file":"Anteprima-Amarone-1024x512-1-750x375.jpg","width":750,"height":375,"mime-type":"image\/jpeg","source_url":"https:\/\/www.gardaseezeitung.it\/gardaseezeitung_new\/de\/wp-content\/uploads\/sites\/2\/2022\/01\/Anteprima-Amarone-1024x512-1-750x375.jpg"},"guest-author-32":{"file":"Anteprima-Amarone-1024x512-1-32x32.jpg","width":32,"height":32,"mime-type":"image\/jpeg","source_url":"https:\/\/www.gardaseezeitung.it\/gardaseezeitung_new\/de\/wp-content\/uploads\/sites\/2\/2022\/01\/Anteprima-Amarone-1024x512-1-32x32.jpg"},"guest-author-50":{"file":"Anteprima-Amarone-1024x512-1-50x50.jpg","width":50,"height":50,"mime-type":"image\/jpeg","source_url":"https:\/\/www.gardaseezeitung.it\/gardaseezeitung_new\/de\/wp-content\/uploads\/sites\/2\/2022\/01\/Anteprima-Amarone-1024x512-1-50x50.jpg"},"guest-author-64":{"file":"Anteprima-Amarone-1024x512-1-64x64.jpg","width":64,"height":64,"mime-type":"image\/jpeg","source_url":"https:\/\/www.gardaseezeitung.it\/gardaseezeitung_new\/de\/wp-content\/uploads\/sites\/2\/2022\/01\/Anteprima-Amarone-1024x512-1-64x64.jpg"},"guest-author-96":{"file":"Anteprima-Amarone-1024x512-1-96x96.jpg","width":96,"height":96,"mime-type":"image\/jpeg","source_url":"https:\/\/www.gardaseezeitung.it\/gardaseezeitung_new\/de\/wp-content\/uploads\/sites\/2\/2022\/01\/Anteprima-Amarone-1024x512-1-96x96.jpg"},"guest-author-128":{"file":"Anteprima-Amarone-1024x512-1-128x128.jpg","width":128,"height":128,"mime-type":"image\/jpeg","source_url":"https:\/\/www.gardaseezeitung.it\/gardaseezeitung_new\/de\/wp-content\/uploads\/sites\/2\/2022\/01\/Anteprima-Amarone-1024x512-1-128x128.jpg"},"full":{"file":"Anteprima-Amarone-1024x512-1.jpg","width":1024,"height":512,"mime_type":"","source_url":"https:\/\/www.gardaseezeitung.it\/gardaseezeitung_new\/de\/wp-content\/uploads\/sites\/2\/2022\/01\/Anteprima-Amarone-1024x512-1.jpg"}},"image_meta":{"aperture":"0","credit":"","camera":"","caption":"","created_timestamp":"0","copyright":"","focal_length":"0","iso":"0","shutter_speed":"0","title":"","orientation":"0","keywords":[]}},"_links":{"self":[{"href":"https:\/\/www.gardaseezeitung.it\/gardaseezeitung_new\/de\/wp-json\/wp\/v2\/posts\/9307"}],"collection":[{"href":"https:\/\/www.gardaseezeitung.it\/gardaseezeitung_new\/de\/wp-json\/wp\/v2\/posts"}],"about":[{"href":"https:\/\/www.gardaseezeitung.it\/gardaseezeitung_new\/de\/wp-json\/wp\/v2\/types\/post"}],"author":[{"embeddable":true,"href":"https:\/\/www.gardaseezeitung.it\/gardaseezeitung_new\/de\/wp-json\/wp\/v2\/users\/9"}],"replies":[{"embeddable":true,"href":"https:\/\/www.gardaseezeitung.it\/gardaseezeitung_new\/de\/wp-json\/wp\/v2\/comments?post=9307"}],"version-history":[{"count":1,"href":"https:\/\/www.gardaseezeitung.it\/gardaseezeitung_new\/de\/wp-json\/wp\/v2\/posts\/9307\/revisions"}],"predecessor-version":[{"id":9308,"href":"https:\/\/www.gardaseezeitung.it\/gardaseezeitung_new\/de\/wp-json\/wp\/v2\/posts\/9307\/revisions\/9308"}],"wp:featuredmedia":[{"embeddable":true,"href":"https:\/\/www.gardaseezeitung.it\/gardaseezeitung_new\/de\/wp-json\/wp\/v2\/media\/9306"}],"wp:attachment":[{"href":"https:\/\/www.gardaseezeitung.it\/gardaseezeitung_new\/de\/wp-json\/wp\/v2\/media?parent=9307"}],"wp:term":[{"taxonomy":"category","embeddable":true,"href":"https:\/\/www.gardaseezeitung.it\/gardaseezeitung_new\/de\/wp-json\/wp\/v2\/categories?post=9307"},{"taxonomy":"post_tag","embeddable":true,"href":"https:\/\/www.gardaseezeitung.it\/gardaseezeitung_new\/de\/wp-json\/wp\/v2\/tags?post=9307"},{"taxonomy":"news-destination","embeddable":true,"href":"https:\/\/www.gardaseezeitung.it\/gardaseezeitung_new\/de\/wp-json\/wp\/v2\/news-destination?post=9307"},{"taxonomy":"news-source","embeddable":true,"href":"https:\/\/www.gardaseezeitung.it\/gardaseezeitung_new\/de\/wp-json\/wp\/v2\/news-source?post=9307"},{"taxonomy":"is_homepage","embeddable":true,"href":"https:\/\/www.gardaseezeitung.it\/gardaseezeitung_new\/de\/wp-json\/wp\/v2\/is_homepage?post=9307"},{"taxonomy":"ta_other","embeddable":true,"href":"https:\/\/www.gardaseezeitung.it\/gardaseezeitung_new\/de\/wp-json\/wp\/v2\/ta_other?post=9307"}],"curies":[{"name":"wp","href":"https:\/\/api.w.org\/{rel}","templated":true}]}}