{"id":9360,"date":"2022-01-19T12:00:11","date_gmt":"2022-01-19T11:00:11","guid":{"rendered":"http:\/\/euwp08.newsmemory.com\/gardaseezeitung_new\/de\/2022\/01\/19\/alle-stehen-auf-camping-der-neue-reisetrend\/"},"modified":"2022-01-19T12:01:02","modified_gmt":"2022-01-19T11:01:02","slug":"alle-stehen-auf-camping-der-neue-reisetrend","status":"publish","type":"post","link":"https:\/\/www.gardaseezeitung.it\/2022\/01\/19\/alle-stehen-auf-camping-der-neue-reisetrend\/","title":{"rendered":"Alle stehen auf Camping \u2013 der neue Reisetrend!"},"content":{"rendered":"<p>&nbsp;<\/p>\n<p>Ferien in der Natur und unter freiem Himmel sind die ideale L\u00f6sung f\u00fcr einen sicheren Urlaub. Sich f\u00fcr Ferien auf einem Campingplatz oder in einem Ferien-Village zu entscheiden, k\u00f6nnte sich in dieser besonderen Zeit als die ideale Wahl herausstellen: die gro\u00dfz\u00fcgigen Platzverh\u00e4ltnisse, der Kontakt mit der Natur unter freiem Himmel, die f\u00fcr jede Plein-Air-Einrichtung charakteristisch sind, erm\u00f6glichen sichere Ferien, ohne auf Sonne, Erholung und Spa\u00df zu verzichten! F\u00fcr alle, die mit eigener Ausr\u00fcstung unterwegs sind (Caravan, Camper oder Zelt), bieten die meisten Campingpl\u00e4tze neben der Stellplatz-Vermietung auch private B\u00e4der mit Waschbecken, WC und Bidet sowie Warmwasser-Duschkabine zur exklusiven Nutzung: Ein neuer Service, der in den letzten Jahren eingef\u00fchrt wurde, von den Campern zunehmend gesch\u00e4tzt wird und immer gefragter ist. Auf manchen Campingpl\u00e4tzen gibt es sogar Stellpl\u00e4tze mit eigenem Bad direkt am Stellplatz. F\u00fcr alle, die keine Campingausr\u00fcstung haben, bieten Camping-Villages vielf\u00e4ltige L\u00f6sungen wie moderne Bungalows und Mobilheime mit allem Komfort, um einen Urlaub mit jeglicher Annehmlichkeit &#8211; wie man es von zu Hause gew\u00f6hnt ist -, zu genie\u00dfen. Und wer die Neuheit Glamping ausprobieren m\u00f6chte, kann den Urlaub in einem Glamping-Zelt verbringen, das bis ins kleinste Detail ausgestattet ist: eine neue Art, den Urlaub en plein air zu erleben, wo Komfort und Natur zusammenkommen und ein einzigartiges, unvergessliches und regenerierendes Erlebnis geboten wird.<\/p>\n<p>Lust auf Ferien?\u00a0Nat\u00fcrlich, \u2026 aber in Sicherheit!\u00a0Eine Outdoor-Anlage zu w\u00e4hlen ist sicherlich eine hervorragende Option: Professionalit\u00e4t in der Verwaltung der Sicherheitsma\u00dfnahmen einen sich mit den positiven Eigenschaften von Camping-Villages, wo Platz, frische Luft und Natur seit jeher im Mittelpunkt stehen!Entdecken Sie die f\u00fcr Sie passende Urlaubsalternative und buchen Sie diese direkt auf dem Portal www.lagodigardacamping.com<\/p>\n<p><strong>Die Lagodigardacamping-Campingpl\u00e4tze<br \/>\n<\/strong>In Peschiera del Garda: Camping Bergamini<br \/>\nIn Castelnuovo del Garda: Camping Gasparina<br \/>\nIn Pacengo di Lazise: Camping Le Palme, Eurocamping und Lido<br \/>\nIn Lazise: Camping Belvedere, Fossalta, IdeaLazise, Park delle Rose, Spiaggia d\u2019Oro und Du Parc<br \/>\nIn Bardolino: Camping La Rocca<br \/>\nIn San Felice del Benaco: Camping Europa Silvella und Fornella Camping &amp; Wellness Family Resort<br \/>\nIn Manerba del Garda: Camping Baia Verde und Sivinos Glamping Boutique<br \/>\nIn Desenzano: San Francesco Camping Village<br \/>\nIn Padenghe del Garda: Camping Riva Blu<\/p>\n<p>&nbsp;<\/p>\n<p><img title=\"Alle stehen auf Camping \u2013 der neue Reisetrend!\" loading=\"lazy\" class=\"size-large wp-image-17234\" src=\"https:\/\/www.gardaseezeitung.it\/gardaseezeitung_new\/de\/wp-content\/uploads\/sites\/2\/2022\/01\/campingvillagerivablu_20210426_0.jpeg\" alt=\"Camping Village Riva Blu\" width=\"640\" height=\"426\" srcset=\"https:\/\/euwps05.newsmemory.com\/gardaseezeitung_new\/de\/wp-content\/uploads\/sites\/2\/2022\/01\/campingvillagerivablu_20210426_0.jpeg 1080w, https:\/\/euwps05.newsmemory.com\/gardaseezeitung_new\/de\/wp-content\/uploads\/sites\/2\/2022\/01\/campingvillagerivablu_20210426_0-300x200.jpeg 300w, https:\/\/euwps05.newsmemory.com\/gardaseezeitung_new\/de\/wp-content\/uploads\/sites\/2\/2022\/01\/campingvillagerivablu_20210426_0-1024x682.jpeg 1024w, https:\/\/euwps05.newsmemory.com\/gardaseezeitung_new\/de\/wp-content\/uploads\/sites\/2\/2022\/01\/campingvillagerivablu_20210426_0-768x511.jpeg 768w, https:\/\/euwps05.newsmemory.com\/gardaseezeitung_new\/de\/wp-content\/uploads\/sites\/2\/2022\/01\/campingvillagerivablu_20210426_0-750x499.jpeg 750w\" sizes=\"(max-width: 640px) 100vw, 640px\" \/><\/p>\n<p>&nbsp;<\/p>\n<p>&nbsp;<\/p>\n<p><img title=\"Alle stehen auf Camping \u2013 der neue Reisetrend!\" loading=\"lazy\" class=\"size-large wp-image-17236\" src=\"https:\/\/www.gardaseezeitung.it\/gardaseezeitung_new\/de\/wp-content\/uploads\/sites\/2\/2022\/01\/rocca-16.jpeg\" alt=\"Camping La Rocca\" width=\"640\" height=\"428\" srcset=\"https:\/\/euwps05.newsmemory.com\/gardaseezeitung_new\/de\/wp-content\/uploads\/sites\/2\/2022\/01\/rocca-16.jpeg 1618w, https:\/\/euwps05.newsmemory.com\/gardaseezeitung_new\/de\/wp-content\/uploads\/sites\/2\/2022\/01\/rocca-16-300x200.jpeg 300w, https:\/\/euwps05.newsmemory.com\/gardaseezeitung_new\/de\/wp-content\/uploads\/sites\/2\/2022\/01\/rocca-16-1024x684.jpeg 1024w, https:\/\/euwps05.newsmemory.com\/gardaseezeitung_new\/de\/wp-content\/uploads\/sites\/2\/2022\/01\/rocca-16-768x513.jpeg 768w, https:\/\/euwps05.newsmemory.com\/gardaseezeitung_new\/de\/wp-content\/uploads\/sites\/2\/2022\/01\/rocca-16-1536x1025.jpeg 1536w, https:\/\/euwps05.newsmemory.com\/gardaseezeitung_new\/de\/wp-content\/uploads\/sites\/2\/2022\/01\/rocca-16-750x501.jpeg 750w\" sizes=\"(max-width: 640px) 100vw, 640px\" \/><\/p>\n<p>Lagodigardacamping.com<\/p>\n<p>&nbsp;<\/p>\n","protected":false},"excerpt":{"rendered":"<p>Wie im Jahr 2021 steht auch der Sommer 2022 im Zeichen des Outdoor-Tourismus<\/p>\n","protected":false},"author":9,"featured_media":9359,"comment_status":"open","ping_status":"open","sticky":false,"template":"","format":"standard","meta":[],"categories":[6],"tags":[50,2066,2067,2068,2069,2070,2071,2072,2073,2074,115,131,2075,2076,2077,2078,23,26,2079,2080,343,1431,2081,2082,2083,765,634,2084,2085,703],"news-destination":[],"news-source":[],"is_homepage":[],"ta_other":[],"featured_media_details":{"width":1600,"height":1060,"file":"2022\/01\/beach-villa-gardasee-panorama.jpeg","sizes":{"thumbnail":{"file":"beach-villa-gardasee-panorama-150x150.jpeg","width":150,"height":150,"mime-type":"image\/jpeg","source_url":"https:\/\/www.gardaseezeitung.it\/gardaseezeitung_new\/de\/wp-content\/uploads\/sites\/2\/2022\/01\/beach-villa-gardasee-panorama-150x150.jpeg"},"medium":{"file":"beach-villa-gardasee-panorama-300x199.jpeg","width":300,"height":199,"mime-type":"image\/jpeg","source_url":"https:\/\/www.gardaseezeitung.it\/gardaseezeitung_new\/de\/wp-content\/uploads\/sites\/2\/2022\/01\/beach-villa-gardasee-panorama-300x199.jpeg"},"medium_large":{"file":"beach-villa-gardasee-panorama-768x509.jpeg","width":768,"height":509,"mime-type":"image\/jpeg","source_url":"https:\/\/www.gardaseezeitung.it\/gardaseezeitung_new\/de\/wp-content\/uploads\/sites\/2\/2022\/01\/beach-villa-gardasee-panorama-768x509.jpeg"},"large":{"file":"beach-villa-gardasee-panorama-1024x678.jpeg","width":1024,"height":678,"mime-type":"image\/jpeg","source_url":"https:\/\/www.gardaseezeitung.it\/gardaseezeitung_new\/de\/wp-content\/uploads\/sites\/2\/2022\/01\/beach-villa-gardasee-panorama-1024x678.jpeg"},"big_image":{"file":"beach-villa-gardasee-panorama-750x497.jpeg","width":750,"height":497,"mime-type":"image\/jpeg","source_url":"https:\/\/www.gardaseezeitung.it\/gardaseezeitung_new\/de\/wp-content\/uploads\/sites\/2\/2022\/01\/beach-villa-gardasee-panorama-750x497.jpeg"},"guest-author-32":{"file":"beach-villa-gardasee-panorama-32x32.jpeg","width":32,"height":32,"mime-type":"image\/jpeg","source_url":"https:\/\/www.gardaseezeitung.it\/gardaseezeitung_new\/de\/wp-content\/uploads\/sites\/2\/2022\/01\/beach-villa-gardasee-panorama-32x32.jpeg"},"guest-author-50":{"file":"beach-villa-gardasee-panorama-50x50.jpeg","width":50,"height":50,"mime-type":"image\/jpeg","source_url":"https:\/\/www.gardaseezeitung.it\/gardaseezeitung_new\/de\/wp-content\/uploads\/sites\/2\/2022\/01\/beach-villa-gardasee-panorama-50x50.jpeg"},"guest-author-64":{"file":"beach-villa-gardasee-panorama-64x64.jpeg","width":64,"height":64,"mime-type":"image\/jpeg","source_url":"https:\/\/www.gardaseezeitung.it\/gardaseezeitung_new\/de\/wp-content\/uploads\/sites\/2\/2022\/01\/beach-villa-gardasee-panorama-64x64.jpeg"},"guest-author-96":{"file":"beach-villa-gardasee-panorama-96x96.jpeg","width":96,"height":96,"mime-type":"image\/jpeg","source_url":"https:\/\/www.gardaseezeitung.it\/gardaseezeitung_new\/de\/wp-content\/uploads\/sites\/2\/2022\/01\/beach-villa-gardasee-panorama-96x96.jpeg"},"guest-author-128":{"file":"beach-villa-gardasee-panorama-128x128.jpeg","width":128,"height":128,"mime-type":"image\/jpeg","source_url":"https:\/\/www.gardaseezeitung.it\/gardaseezeitung_new\/de\/wp-content\/uploads\/sites\/2\/2022\/01\/beach-villa-gardasee-panorama-128x128.jpeg"},"full":{"file":"beach-villa-gardasee-panorama.jpeg","width":1600,"height":1060,"mime_type":"","source_url":"https:\/\/www.gardaseezeitung.it\/gardaseezeitung_new\/de\/wp-content\/uploads\/sites\/2\/2022\/01\/beach-villa-gardasee-panorama.jpeg"}},"image_meta":{"aperture":"0","credit":"","camera":"","caption":"","created_timestamp":"0","copyright":"Creative Studio S.r.l.","focal_length":"0","iso":"0","shutter_speed":"0","title":"","orientation":"0","keywords":[]}},"_links":{"self":[{"href":"https:\/\/www.gardaseezeitung.it\/gardaseezeitung_new\/de\/wp-json\/wp\/v2\/posts\/9360"}],"collection":[{"href":"https:\/\/www.gardaseezeitung.it\/gardaseezeitung_new\/de\/wp-json\/wp\/v2\/posts"}],"about":[{"href":"https:\/\/www.gardaseezeitung.it\/gardaseezeitung_new\/de\/wp-json\/wp\/v2\/types\/post"}],"author":[{"embeddable":true,"href":"https:\/\/www.gardaseezeitung.it\/gardaseezeitung_new\/de\/wp-json\/wp\/v2\/users\/9"}],"replies":[{"embeddable":true,"href":"https:\/\/www.gardaseezeitung.it\/gardaseezeitung_new\/de\/wp-json\/wp\/v2\/comments?post=9360"}],"version-history":[{"count":2,"href":"https:\/\/www.gardaseezeitung.it\/gardaseezeitung_new\/de\/wp-json\/wp\/v2\/posts\/9360\/revisions"}],"predecessor-version":[{"id":17237,"href":"https:\/\/www.gardaseezeitung.it\/gardaseezeitung_new\/de\/wp-json\/wp\/v2\/posts\/9360\/revisions\/17237"}],"wp:featuredmedia":[{"embeddable":true,"href":"https:\/\/www.gardaseezeitung.it\/gardaseezeitung_new\/de\/wp-json\/wp\/v2\/media\/9359"}],"wp:attachment":[{"href":"https:\/\/www.gardaseezeitung.it\/gardaseezeitung_new\/de\/wp-json\/wp\/v2\/media?parent=9360"}],"wp:term":[{"taxonomy":"category","embeddable":true,"href":"https:\/\/www.gardaseezeitung.it\/gardaseezeitung_new\/de\/wp-json\/wp\/v2\/categories?post=9360"},{"taxonomy":"post_tag","embeddable":true,"href":"https:\/\/www.gardaseezeitung.it\/gardaseezeitung_new\/de\/wp-json\/wp\/v2\/tags?post=9360"},{"taxonomy":"news-destination","embeddable":true,"href":"https:\/\/www.gardaseezeitung.it\/gardaseezeitung_new\/de\/wp-json\/wp\/v2\/news-destination?post=9360"},{"taxonomy":"news-source","embeddable":true,"href":"https:\/\/www.gardaseezeitung.it\/gardaseezeitung_new\/de\/wp-json\/wp\/v2\/news-source?post=9360"},{"taxonomy":"is_homepage","embeddable":true,"href":"https:\/\/www.gardaseezeitung.it\/gardaseezeitung_new\/de\/wp-json\/wp\/v2\/is_homepage?post=9360"},{"taxonomy":"ta_other","embeddable":true,"href":"https:\/\/www.gardaseezeitung.it\/gardaseezeitung_new\/de\/wp-json\/wp\/v2\/ta_other?post=9360"}],"curies":[{"name":"wp","href":"https:\/\/api.w.org\/{rel}","templated":true}]}}