{"id":9364,"date":"2022-01-19T19:05:35","date_gmt":"2022-01-19T18:05:35","guid":{"rendered":"http:\/\/euwp08.newsmemory.com\/gardaseezeitung_new\/de\/2022\/01\/19\/der-haushalt-2021-der-kuestenwache-auf-dem-see-mehr-rettungseinsaetze-und-doppelte-bussgelder\/"},"modified":"2022-01-20T21:32:02","modified_gmt":"2021-08-23T21:32:02","slug":"der-haushalt-2021-der-kuestenwache-auf-dem-see-mehr-rettungseinsaetze-und-doppelte-bussgelder","status":"publish","type":"post","link":"https:\/\/www.gardaseezeitung.it\/2022\/01\/19\/der-haushalt-2021-der-kuestenwache-auf-dem-see-mehr-rettungseinsaetze-und-doppelte-bussgelder\/","title":{"rendered":"Die Bilanz 2021 der K\u00fcstenwache auf dem See: mehr Rettungseins\u00e4tze und doppelte Bu\u00dfgelder"},"content":{"rendered":"<p>&nbsp;<\/p>\n<p>Das vergangene Jahr war ein sehr arbeitsreiches Jahr f\u00fcr die operative Einheit der Gardasee-K\u00fcstenwache, die ihre logistische Basis in Sal\u00f2 hat und 365 Tage im Jahr, 24 Stunden am Tag, auf dem gesamten See t\u00e4tig ist. Die Daten zu den durchgef\u00fchrten Aktivit\u00e4ten wurden auf der \u00fcblichen Pressekonferenz zu Beginn des Jahres erl\u00e4utert. Die K\u00fcstenwache hat die Aufgabe, die Rettungs- und Suchma\u00dfnahmen nach vermissten Personen auf dem Gardasee zu koordinieren (im Jahr 2021 waren es 110 &#8211; im Vergleich zu 103 im Jahr 2020 -, von denen 82 von ihren eigenen Marineeinheiten durchgef\u00fchrt wurden), aber sie hat auch gerichtspolizeiliche, kontrollierende und kriminalit\u00e4tsbek\u00e4mpfende Befugnisse. Fast alle Zahlen liegen \u00fcber denen des Vorjahres. Insgesamt wurden 635 Marineeins\u00e4tze durchgef\u00fchrt (449 im Jahr 2020), wobei 12.747 Meilen zur\u00fcckgelegt wurden (9.293 im Jahr 2020) und 1.470 Stunden in Bewegung waren (1.011 im Vorjahr). Diese Zahlen sind auch auf den Einsatz des Patrouillenboots CP 605 zur\u00fcckzuf\u00fchren, mit dem die Anzahl der Boote, die den 30 Offizieren der Garda Coast Guard zur Verf\u00fcgung stehen (drei Patrouillenboote und zwei Schlauchboote), auf f\u00fcnf erh\u00f6ht wurde. Insgesamt wurden 293 Menschen gerettet und unterst\u00fctzt (30 mehr als im Vorjahr), 100 Schiffe wurden gesichert (98 im Jahr 2020), 2.529 Schiffe wurden kontrolliert (3.688 im Jahr 2020) und f\u00fcnf Schiffe wurden beschlagnahmt. Die Verwaltungssanktionen verdoppelten sich von 238 im Jahr 2020 auf 498 im Jahr 2021, was einem Gesamtbetrag von 139.744 Euro entspricht (111 im Jahr 2019 und 150 im Jahr 2018). Der Anstieg ist auf die wachsende Zahl von Touristen und die damit verbundene Zunahme des Freizeitverkehrs zur\u00fcckzuf\u00fchren, w\u00e4hrend sich die Sanktionen haupts\u00e4chlich auf den Autoverkehr in den Badegebieten, \u00fcberh\u00f6hte Geschwindigkeit und gef\u00e4hrliche Fahrten beziehen. Neben ihrer Hauptaufgabe, der Suche und Rettung, war die Einsatzeinheit der K\u00fcstenwache von Sal\u00f2 auch in anderen Zust\u00e4ndigkeitsbereichen t\u00e4tig, wie z. B. bei der Kontrolle der Fischereikette durch Inspektionen in Restaurants, Fischh\u00e4ndlern und gro\u00dfen Vertriebszentren. Au\u00dferdem f\u00fchrten sie 383 Umweltkontrollen und Hilfst\u00e4tigkeiten durch, um die Sicherheit der Schifffahrt w\u00e4hrend der vom WWF durchgef\u00fchrten Ma\u00dfnahmen zur Wiederherstellung des Seegrunds und zur Bergung der Netze zu gew\u00e4hrleisten.<\/p>\n<p>&nbsp;<\/p>\n","protected":false},"excerpt":{"rendered":"<p>293 Menschen gerettet und fast f\u00fcnfhundert Bu\u00dfgelder verh\u00e4ngt<\/p>\n","protected":false},"author":9,"featured_media":6440,"comment_status":"open","ping_status":"open","sticky":false,"template":"","format":"standard","meta":[],"categories":[2,3],"tags":[23,26,2090,853,167,589],"news-destination":[],"news-source":[],"is_homepage":[],"ta_other":[],"featured_media_details":{"width":750,"height":450,"file":"2021\/05\/Guardia-Costiera-650x390.jpg","sizes":{"thumbnail":{"file":"Guardia-Costiera-650x390-150x150.jpg","width":150,"height":150,"mime-type":"image\/jpeg","source_url":"https:\/\/www.gardaseezeitung.it\/gardaseezeitung_new\/de\/wp-content\/uploads\/sites\/2\/2021\/05\/Guardia-Costiera-650x390-150x150.jpg"},"medium":{"file":"Guardia-Costiera-650x390-300x180.jpg","width":300,"height":180,"mime-type":"image\/jpeg","source_url":"https:\/\/www.gardaseezeitung.it\/gardaseezeitung_new\/de\/wp-content\/uploads\/sites\/2\/2021\/05\/Guardia-Costiera-650x390-300x180.jpg"},"big_image":{"file":"Guardia-Costiera-650x390-750x450.jpg","width":750,"height":450,"mime-type":"image\/jpeg","source_url":"https:\/\/www.gardaseezeitung.it\/gardaseezeitung_new\/de\/wp-content\/uploads\/sites\/2\/2021\/05\/Guardia-Costiera-650x390-750x450.jpg"},"guest-author-32":{"file":"Guardia-Costiera-650x390-32x32.jpg","width":32,"height":32,"mime-type":"image\/jpeg","source_url":"https:\/\/www.gardaseezeitung.it\/gardaseezeitung_new\/de\/wp-content\/uploads\/sites\/2\/2021\/05\/Guardia-Costiera-650x390-32x32.jpg"},"guest-author-50":{"file":"Guardia-Costiera-650x390-50x50.jpg","width":50,"height":50,"mime-type":"image\/jpeg","source_url":"https:\/\/www.gardaseezeitung.it\/gardaseezeitung_new\/de\/wp-content\/uploads\/sites\/2\/2021\/05\/Guardia-Costiera-650x390-50x50.jpg"},"guest-author-64":{"file":"Guardia-Costiera-650x390-64x64.jpg","width":64,"height":64,"mime-type":"image\/jpeg","source_url":"https:\/\/www.gardaseezeitung.it\/gardaseezeitung_new\/de\/wp-content\/uploads\/sites\/2\/2021\/05\/Guardia-Costiera-650x390-64x64.jpg"},"guest-author-96":{"file":"Guardia-Costiera-650x390-96x96.jpg","width":96,"height":96,"mime-type":"image\/jpeg","source_url":"https:\/\/www.gardaseezeitung.it\/gardaseezeitung_new\/de\/wp-content\/uploads\/sites\/2\/2021\/05\/Guardia-Costiera-650x390-96x96.jpg"},"guest-author-128":{"file":"Guardia-Costiera-650x390-128x128.jpg","width":128,"height":128,"mime-type":"image\/jpeg","source_url":"https:\/\/www.gardaseezeitung.it\/gardaseezeitung_new\/de\/wp-content\/uploads\/sites\/2\/2021\/05\/Guardia-Costiera-650x390-128x128.jpg"},"full":{"file":"Guardia-Costiera-650x390.jpg","width":750,"height":450,"mime_type":"","source_url":"https:\/\/www.gardaseezeitung.it\/gardaseezeitung_new\/de\/wp-content\/uploads\/sites\/2\/2021\/05\/Guardia-Costiera-650x390.jpg"}},"image_meta":{"aperture":"0","credit":"","camera":"","caption":"","created_timestamp":"0","copyright":"","focal_length":"0","iso":"0","shutter_speed":"0","title":"Guardia Costiera","orientation":"1","keywords":[]}},"_links":{"self":[{"href":"https:\/\/www.gardaseezeitung.it\/gardaseezeitung_new\/de\/wp-json\/wp\/v2\/posts\/9364"}],"collection":[{"href":"https:\/\/www.gardaseezeitung.it\/gardaseezeitung_new\/de\/wp-json\/wp\/v2\/posts"}],"about":[{"href":"https:\/\/www.gardaseezeitung.it\/gardaseezeitung_new\/de\/wp-json\/wp\/v2\/types\/post"}],"author":[{"embeddable":true,"href":"https:\/\/www.gardaseezeitung.it\/gardaseezeitung_new\/de\/wp-json\/wp\/v2\/users\/9"}],"replies":[{"embeddable":true,"href":"https:\/\/www.gardaseezeitung.it\/gardaseezeitung_new\/de\/wp-json\/wp\/v2\/comments?post=9364"}],"version-history":[{"count":2,"href":"https:\/\/www.gardaseezeitung.it\/gardaseezeitung_new\/de\/wp-json\/wp\/v2\/posts\/9364\/revisions"}],"predecessor-version":[{"id":9375,"href":"https:\/\/www.gardaseezeitung.it\/gardaseezeitung_new\/de\/wp-json\/wp\/v2\/posts\/9364\/revisions\/9375"}],"wp:featuredmedia":[{"embeddable":true,"href":"https:\/\/www.gardaseezeitung.it\/gardaseezeitung_new\/de\/wp-json\/wp\/v2\/media\/6440"}],"wp:attachment":[{"href":"https:\/\/www.gardaseezeitung.it\/gardaseezeitung_new\/de\/wp-json\/wp\/v2\/media?parent=9364"}],"wp:term":[{"taxonomy":"category","embeddable":true,"href":"https:\/\/www.gardaseezeitung.it\/gardaseezeitung_new\/de\/wp-json\/wp\/v2\/categories?post=9364"},{"taxonomy":"post_tag","embeddable":true,"href":"https:\/\/www.gardaseezeitung.it\/gardaseezeitung_new\/de\/wp-json\/wp\/v2\/tags?post=9364"},{"taxonomy":"news-destination","embeddable":true,"href":"https:\/\/www.gardaseezeitung.it\/gardaseezeitung_new\/de\/wp-json\/wp\/v2\/news-destination?post=9364"},{"taxonomy":"news-source","embeddable":true,"href":"https:\/\/www.gardaseezeitung.it\/gardaseezeitung_new\/de\/wp-json\/wp\/v2\/news-source?post=9364"},{"taxonomy":"is_homepage","embeddable":true,"href":"https:\/\/www.gardaseezeitung.it\/gardaseezeitung_new\/de\/wp-json\/wp\/v2\/is_homepage?post=9364"},{"taxonomy":"ta_other","embeddable":true,"href":"https:\/\/www.gardaseezeitung.it\/gardaseezeitung_new\/de\/wp-json\/wp\/v2\/ta_other?post=9364"}],"curies":[{"name":"wp","href":"https:\/\/api.w.org\/{rel}","templated":true}]}}