{"id":9407,"date":"2022-01-25T00:15:39","date_gmt":"2022-01-24T23:15:39","guid":{"rendered":"http:\/\/euwp08.newsmemory.com\/gardaseezeitung_new\/de\/2022\/01\/25\/san-martino-della-battaglia-denkmalsanlage-kann-auch-im-februar-besichtigt-werden\/"},"modified":"2022-01-25T00:16:01","modified_gmt":"2021-08-28T00:16:01","slug":"san-martino-della-battaglia-denkmalsanlage-kann-auch-im-februar-besichtigt-werden","status":"publish","type":"post","link":"https:\/\/www.gardaseezeitung.it\/2022\/01\/25\/san-martino-della-battaglia-denkmalsanlage-kann-auch-im-februar-besichtigt-werden\/","title":{"rendered":"San Martino della Battaglia: Denkmalsanlage kann auch im Februar besichtigt werden"},"content":{"rendered":"<p>&nbsp;<\/p>\n<p>Den Denkmalsanlage von San Martino della Battaglia kann auch Ende Januar und im Februar besichtigt werden, und dies an den Wochenenden: samstags und sonntags ist sie von 9 bis 12.30 Uhr und von 14 bis 17.30 Uhr ge\u00f6ffnet. Der Besichtigungsparcours, der die Besucher zum Turm, zum Museum und zum Beinhaus f\u00fchrt, kann in Eigenregie besichtigt werden. Rund eineinhalb Stunden werden f\u00fcr den Besuch ben\u00f6tigt. Der Eintrittspreis bel\u00e4uft sich auf sieben Euro f\u00fcr Erwachsene, f\u00fcnf Euro f\u00fcr Kinder \u00fcber 11 Jahre und f\u00fcr Over 65. Kinder unter 11 Jahre haben kostenlos Zutritt.Den Besuchern steht ein weitl\u00e4ufiger Parkplatz zur Verf\u00fcgung und dank der App \u201eAl Museo con lo Smartphone\u201c (Ins Museum mit dem Smartphone) erf\u00e4hrt man mehr \u00fcber die Denkmalsanlage.Wer hingegen eine gef\u00fchrte Tour der Anlage vorzieht, der kann diese zum Preis von 35 Euro (bis zu 25 Personen) unter 030 9910370, prenotazioni@solferinosanmartino.it buchen.Zum Museum hat man mit dem verst\u00e4rkten Greenpass Zutritt, der die Impfung oder die Genesung zertifiziert (Ausnahme: Kinder unter 12 Jahre). Es ist nicht nur in den Innenbereichen, sondern auch in den Au\u00dfenbereichen das Tragen einer Gesichtsmaske Pflicht.<\/p>\n<p>&nbsp;<\/p>\n","protected":false},"excerpt":{"rendered":"<p>Rund eineinhalb Stunden werden f\u00fcr den Besuch ben\u00f6tigt. <\/p>\n","protected":false},"author":9,"featured_media":8490,"comment_status":"open","ping_status":"open","sticky":false,"template":"","format":"standard","meta":[],"categories":[2,4,6],"tags":[23,26,1789],"news-destination":[],"news-source":[],"is_homepage":[],"ta_other":[],"featured_media_details":{"width":851,"height":315,"file":"2021\/11\/b2e4d7588efac6ffac0fd1819e61b743ae41a6e7-1.jpeg","sizes":{"thumbnail":{"file":"b2e4d7588efac6ffac0fd1819e61b743ae41a6e7-1-150x150.jpeg","width":150,"height":150,"mime-type":"image\/jpeg","source_url":"https:\/\/www.gardaseezeitung.it\/gardaseezeitung_new\/de\/wp-content\/uploads\/sites\/2\/2021\/11\/b2e4d7588efac6ffac0fd1819e61b743ae41a6e7-1-150x150.jpeg"},"medium":{"file":"b2e4d7588efac6ffac0fd1819e61b743ae41a6e7-1-300x111.jpeg","width":300,"height":111,"mime-type":"image\/jpeg","source_url":"https:\/\/www.gardaseezeitung.it\/gardaseezeitung_new\/de\/wp-content\/uploads\/sites\/2\/2021\/11\/b2e4d7588efac6ffac0fd1819e61b743ae41a6e7-1-300x111.jpeg"},"medium_large":{"file":"b2e4d7588efac6ffac0fd1819e61b743ae41a6e7-1-768x284.jpeg","width":768,"height":284,"mime-type":"image\/jpeg","source_url":"https:\/\/www.gardaseezeitung.it\/gardaseezeitung_new\/de\/wp-content\/uploads\/sites\/2\/2021\/11\/b2e4d7588efac6ffac0fd1819e61b743ae41a6e7-1-768x284.jpeg"},"big_image":{"file":"b2e4d7588efac6ffac0fd1819e61b743ae41a6e7-1-750x278.jpeg","width":750,"height":278,"mime-type":"image\/jpeg","source_url":"https:\/\/www.gardaseezeitung.it\/gardaseezeitung_new\/de\/wp-content\/uploads\/sites\/2\/2021\/11\/b2e4d7588efac6ffac0fd1819e61b743ae41a6e7-1-750x278.jpeg"},"guest-author-32":{"file":"b2e4d7588efac6ffac0fd1819e61b743ae41a6e7-1-32x32.jpeg","width":32,"height":32,"mime-type":"image\/jpeg","source_url":"https:\/\/www.gardaseezeitung.it\/gardaseezeitung_new\/de\/wp-content\/uploads\/sites\/2\/2021\/11\/b2e4d7588efac6ffac0fd1819e61b743ae41a6e7-1-32x32.jpeg"},"guest-author-50":{"file":"b2e4d7588efac6ffac0fd1819e61b743ae41a6e7-1-50x50.jpeg","width":50,"height":50,"mime-type":"image\/jpeg","source_url":"https:\/\/www.gardaseezeitung.it\/gardaseezeitung_new\/de\/wp-content\/uploads\/sites\/2\/2021\/11\/b2e4d7588efac6ffac0fd1819e61b743ae41a6e7-1-50x50.jpeg"},"guest-author-64":{"file":"b2e4d7588efac6ffac0fd1819e61b743ae41a6e7-1-64x64.jpeg","width":64,"height":64,"mime-type":"image\/jpeg","source_url":"https:\/\/www.gardaseezeitung.it\/gardaseezeitung_new\/de\/wp-content\/uploads\/sites\/2\/2021\/11\/b2e4d7588efac6ffac0fd1819e61b743ae41a6e7-1-64x64.jpeg"},"guest-author-96":{"file":"b2e4d7588efac6ffac0fd1819e61b743ae41a6e7-1-96x96.jpeg","width":96,"height":96,"mime-type":"image\/jpeg","source_url":"https:\/\/www.gardaseezeitung.it\/gardaseezeitung_new\/de\/wp-content\/uploads\/sites\/2\/2021\/11\/b2e4d7588efac6ffac0fd1819e61b743ae41a6e7-1-96x96.jpeg"},"guest-author-128":{"file":"b2e4d7588efac6ffac0fd1819e61b743ae41a6e7-1-128x128.jpeg","width":128,"height":128,"mime-type":"image\/jpeg","source_url":"https:\/\/www.gardaseezeitung.it\/gardaseezeitung_new\/de\/wp-content\/uploads\/sites\/2\/2021\/11\/b2e4d7588efac6ffac0fd1819e61b743ae41a6e7-1-128x128.jpeg"},"full":{"file":"b2e4d7588efac6ffac0fd1819e61b743ae41a6e7-1.jpeg","width":851,"height":315,"mime_type":"","source_url":"https:\/\/www.gardaseezeitung.it\/gardaseezeitung_new\/de\/wp-content\/uploads\/sites\/2\/2021\/11\/b2e4d7588efac6ffac0fd1819e61b743ae41a6e7-1.jpeg"}},"image_meta":{"aperture":"0","credit":"","camera":"","caption":"","created_timestamp":"0","copyright":"","focal_length":"0","iso":"0","shutter_speed":"0","title":"","orientation":"0","keywords":[]}},"_links":{"self":[{"href":"https:\/\/www.gardaseezeitung.it\/gardaseezeitung_new\/de\/wp-json\/wp\/v2\/posts\/9407"}],"collection":[{"href":"https:\/\/www.gardaseezeitung.it\/gardaseezeitung_new\/de\/wp-json\/wp\/v2\/posts"}],"about":[{"href":"https:\/\/www.gardaseezeitung.it\/gardaseezeitung_new\/de\/wp-json\/wp\/v2\/types\/post"}],"author":[{"embeddable":true,"href":"https:\/\/www.gardaseezeitung.it\/gardaseezeitung_new\/de\/wp-json\/wp\/v2\/users\/9"}],"replies":[{"embeddable":true,"href":"https:\/\/www.gardaseezeitung.it\/gardaseezeitung_new\/de\/wp-json\/wp\/v2\/comments?post=9407"}],"version-history":[{"count":1,"href":"https:\/\/www.gardaseezeitung.it\/gardaseezeitung_new\/de\/wp-json\/wp\/v2\/posts\/9407\/revisions"}],"predecessor-version":[{"id":9408,"href":"https:\/\/www.gardaseezeitung.it\/gardaseezeitung_new\/de\/wp-json\/wp\/v2\/posts\/9407\/revisions\/9408"}],"wp:featuredmedia":[{"embeddable":true,"href":"https:\/\/www.gardaseezeitung.it\/gardaseezeitung_new\/de\/wp-json\/wp\/v2\/media\/8490"}],"wp:attachment":[{"href":"https:\/\/www.gardaseezeitung.it\/gardaseezeitung_new\/de\/wp-json\/wp\/v2\/media?parent=9407"}],"wp:term":[{"taxonomy":"category","embeddable":true,"href":"https:\/\/www.gardaseezeitung.it\/gardaseezeitung_new\/de\/wp-json\/wp\/v2\/categories?post=9407"},{"taxonomy":"post_tag","embeddable":true,"href":"https:\/\/www.gardaseezeitung.it\/gardaseezeitung_new\/de\/wp-json\/wp\/v2\/tags?post=9407"},{"taxonomy":"news-destination","embeddable":true,"href":"https:\/\/www.gardaseezeitung.it\/gardaseezeitung_new\/de\/wp-json\/wp\/v2\/news-destination?post=9407"},{"taxonomy":"news-source","embeddable":true,"href":"https:\/\/www.gardaseezeitung.it\/gardaseezeitung_new\/de\/wp-json\/wp\/v2\/news-source?post=9407"},{"taxonomy":"is_homepage","embeddable":true,"href":"https:\/\/www.gardaseezeitung.it\/gardaseezeitung_new\/de\/wp-json\/wp\/v2\/is_homepage?post=9407"},{"taxonomy":"ta_other","embeddable":true,"href":"https:\/\/www.gardaseezeitung.it\/gardaseezeitung_new\/de\/wp-json\/wp\/v2\/ta_other?post=9407"}],"curies":[{"name":"wp","href":"https:\/\/api.w.org\/{rel}","templated":true}]}}