{"id":9429,"date":"2022-01-28T09:44:32","date_gmt":"2022-01-28T08:44:32","guid":{"rendered":"http:\/\/euwp08.newsmemory.com\/gardaseezeitung_new\/de\/2022\/01\/28\/ungeduldig-geboren-zu-werden-die-werke-von-nino-lupica-salo\/"},"modified":"2022-01-28T09:44:50","modified_gmt":"2022-01-28T08:44:50","slug":"ungeduldig-geboren-zu-werden-die-werke-von-nino-lupica-salo","status":"publish","type":"post","link":"https:\/\/www.gardaseezeitung.it\/2022\/01\/28\/ungeduldig-geboren-zu-werden-die-werke-von-nino-lupica-salo\/","title":{"rendered":"Ungeduldig, geboren zu werden. Die Werke von Nino Lupica in Sal\u00f2"},"content":{"rendered":"<p>&nbsp;<\/p>\n<p>Das Projekt <em>InTessere<\/em> umfasst drei Einzelausstellungen im Jahr 2022 im neuen Kunstraum Artequarantuno in Sal\u00f2. Der d\u00fcnne Faden, der die drei Ausstellungen verbindet, ist das Weben, sowohl das physische Weben von gewebtem und\/oder gesponnenem Material, das in einigen der Werke zu sehen ist, als auch das Weben, das aus Verbindungen anderen Ursprungs besteht, wie die enge Beziehung von Nino Lupicas Werk zur Literatur, zur Natur und zur inneren Welt. Am Samstag, den 29. Januar (und bis zum 13. Februar) wird die Ausstellung mit den Werken des Malers, Bildhauers und Lehrers Nino Lupica (1938 &#8211; 2015) von 16.00 bis 19.30 Uhr er\u00f6ffnet. Der k\u00fcnstlerische Werdegang des K\u00fcnstlers ist mit seiner Leidenschaft f\u00fcr die Literatur verbunden: Seine Inspirationsquellen waren Dante Alighieri, Calder\u00f3n de la Barca, Manzoni, Baudelaire, D&#8217;Annunzio, Joyce, Garc\u00eda Lorca, Montale&#8230; Mehr als 40 Werke werden ausgestellt, darunter Zeichnungen, Skulpturen und Wandteppiche (gewebt von der italienisch-argentinischen K\u00fcnstlerin Kela Cremaschi) im Dialog mit den Versen von Dante, Federico Garcia Lorca, Charles Baudelaire, Mario Luzi (einem gro\u00dfen Freund des K\u00fcnstlers) und Lucio Pisani.<\/p>\n<p>&nbsp;<\/p>\n<p><img title=\"Ungeduldig, geboren zu werden. Die Werke von Nino Lupica in Sal\u00f2\" loading=\"lazy\" class=\"size-large wp-image-17240\" src=\"https:\/\/www.gardaseezeitung.it\/gardaseezeitung_new\/de\/wp-content\/uploads\/sites\/2\/2022\/01\/in-ansia-di-nascere-nino-lupica.jpg\" alt=\"Nino Lupica\" width=\"640\" height=\"880\" srcset=\"https:\/\/euwps06.newsmemory.com\/gardaseezeitung_new\/de\/wp-content\/uploads\/sites\/2\/2022\/01\/in-ansia-di-nascere-nino-lupica.jpg 800w, https:\/\/euwps06.newsmemory.com\/gardaseezeitung_new\/de\/wp-content\/uploads\/sites\/2\/2022\/01\/in-ansia-di-nascere-nino-lupica-218x300.jpg 218w, https:\/\/euwps06.newsmemory.com\/gardaseezeitung_new\/de\/wp-content\/uploads\/sites\/2\/2022\/01\/in-ansia-di-nascere-nino-lupica-745x1024.jpg 745w, https:\/\/euwps06.newsmemory.com\/gardaseezeitung_new\/de\/wp-content\/uploads\/sites\/2\/2022\/01\/in-ansia-di-nascere-nino-lupica-768x1056.jpg 768w, https:\/\/euwps06.newsmemory.com\/gardaseezeitung_new\/de\/wp-content\/uploads\/sites\/2\/2022\/01\/in-ansia-di-nascere-nino-lupica-750x1031.jpg 750w\" sizes=\"(max-width: 640px) 100vw, 640px\" \/><\/p>\n<p>&nbsp;<\/p>\n<p>&nbsp;<\/p>\n","protected":false},"excerpt":{"rendered":"<p>Am Samstag, den 29. Januar findet in der Studio d&#8217;arte galleria Artequarantuno die Veranstaltung &#8222;InTessere&#8220; mit der Er\u00f6ffnung der Ausstellung &#8222;In ansia di nascere. Nino Lupica&#8220;<\/p>\n","protected":false},"author":9,"featured_media":9428,"comment_status":"open","ping_status":"open","sticky":false,"template":"","format":"standard","meta":[],"categories":[2,4,6,3],"tags":[2157,2158,2159,768,2160,26,2161,2162,2163,2164,2165,2166,2167,167],"news-destination":[],"news-source":[],"is_homepage":[],"ta_other":[],"featured_media_details":{"width":750,"height":430,"file":"2022\/01\/NLCG-0724-Quaderno-Gotico-XVI-vv9-16-Hai-varcato-la-pioggia-rara-1988-China-e-acquarello-su-carta-275x210mm-750x430.jpg","sizes":{"thumbnail":{"file":"NLCG-0724-Quaderno-Gotico-XVI-vv9-16-Hai-varcato-la-pioggia-rara-1988-China-e-acquarello-su-carta-275x210mm-750x430-150x150.jpg","width":150,"height":150,"mime-type":"image\/jpeg","source_url":"https:\/\/www.gardaseezeitung.it\/gardaseezeitung_new\/de\/wp-content\/uploads\/sites\/2\/2022\/01\/NLCG-0724-Quaderno-Gotico-XVI-vv9-16-Hai-varcato-la-pioggia-rara-1988-China-e-acquarello-su-carta-275x210mm-750x430-150x150.jpg"},"medium":{"file":"NLCG-0724-Quaderno-Gotico-XVI-vv9-16-Hai-varcato-la-pioggia-rara-1988-China-e-acquarello-su-carta-275x210mm-750x430-300x172.jpg","width":300,"height":172,"mime-type":"image\/jpeg","source_url":"https:\/\/www.gardaseezeitung.it\/gardaseezeitung_new\/de\/wp-content\/uploads\/sites\/2\/2022\/01\/NLCG-0724-Quaderno-Gotico-XVI-vv9-16-Hai-varcato-la-pioggia-rara-1988-China-e-acquarello-su-carta-275x210mm-750x430-300x172.jpg"},"big_image":{"file":"NLCG-0724-Quaderno-Gotico-XVI-vv9-16-Hai-varcato-la-pioggia-rara-1988-China-e-acquarello-su-carta-275x210mm-750x430-750x430.jpg","width":750,"height":430,"mime-type":"image\/jpeg","source_url":"https:\/\/www.gardaseezeitung.it\/gardaseezeitung_new\/de\/wp-content\/uploads\/sites\/2\/2022\/01\/NLCG-0724-Quaderno-Gotico-XVI-vv9-16-Hai-varcato-la-pioggia-rara-1988-China-e-acquarello-su-carta-275x210mm-750x430-750x430.jpg"},"guest-author-32":{"file":"NLCG-0724-Quaderno-Gotico-XVI-vv9-16-Hai-varcato-la-pioggia-rara-1988-China-e-acquarello-su-carta-275x210mm-750x430-32x32.jpg","width":32,"height":32,"mime-type":"image\/jpeg","source_url":"https:\/\/www.gardaseezeitung.it\/gardaseezeitung_new\/de\/wp-content\/uploads\/sites\/2\/2022\/01\/NLCG-0724-Quaderno-Gotico-XVI-vv9-16-Hai-varcato-la-pioggia-rara-1988-China-e-acquarello-su-carta-275x210mm-750x430-32x32.jpg"},"guest-author-50":{"file":"NLCG-0724-Quaderno-Gotico-XVI-vv9-16-Hai-varcato-la-pioggia-rara-1988-China-e-acquarello-su-carta-275x210mm-750x430-50x50.jpg","width":50,"height":50,"mime-type":"image\/jpeg","source_url":"https:\/\/www.gardaseezeitung.it\/gardaseezeitung_new\/de\/wp-content\/uploads\/sites\/2\/2022\/01\/NLCG-0724-Quaderno-Gotico-XVI-vv9-16-Hai-varcato-la-pioggia-rara-1988-China-e-acquarello-su-carta-275x210mm-750x430-50x50.jpg"},"guest-author-64":{"file":"NLCG-0724-Quaderno-Gotico-XVI-vv9-16-Hai-varcato-la-pioggia-rara-1988-China-e-acquarello-su-carta-275x210mm-750x430-64x64.jpg","width":64,"height":64,"mime-type":"image\/jpeg","source_url":"https:\/\/www.gardaseezeitung.it\/gardaseezeitung_new\/de\/wp-content\/uploads\/sites\/2\/2022\/01\/NLCG-0724-Quaderno-Gotico-XVI-vv9-16-Hai-varcato-la-pioggia-rara-1988-China-e-acquarello-su-carta-275x210mm-750x430-64x64.jpg"},"guest-author-96":{"file":"NLCG-0724-Quaderno-Gotico-XVI-vv9-16-Hai-varcato-la-pioggia-rara-1988-China-e-acquarello-su-carta-275x210mm-750x430-96x96.jpg","width":96,"height":96,"mime-type":"image\/jpeg","source_url":"https:\/\/www.gardaseezeitung.it\/gardaseezeitung_new\/de\/wp-content\/uploads\/sites\/2\/2022\/01\/NLCG-0724-Quaderno-Gotico-XVI-vv9-16-Hai-varcato-la-pioggia-rara-1988-China-e-acquarello-su-carta-275x210mm-750x430-96x96.jpg"},"guest-author-128":{"file":"NLCG-0724-Quaderno-Gotico-XVI-vv9-16-Hai-varcato-la-pioggia-rara-1988-China-e-acquarello-su-carta-275x210mm-750x430-128x128.jpg","width":128,"height":128,"mime-type":"image\/jpeg","source_url":"https:\/\/www.gardaseezeitung.it\/gardaseezeitung_new\/de\/wp-content\/uploads\/sites\/2\/2022\/01\/NLCG-0724-Quaderno-Gotico-XVI-vv9-16-Hai-varcato-la-pioggia-rara-1988-China-e-acquarello-su-carta-275x210mm-750x430-128x128.jpg"},"full":{"file":"NLCG-0724-Quaderno-Gotico-XVI-vv9-16-Hai-varcato-la-pioggia-rara-1988-China-e-acquarello-su-carta-275x210mm-750x430.jpg","width":750,"height":430,"mime_type":"","source_url":"https:\/\/www.gardaseezeitung.it\/gardaseezeitung_new\/de\/wp-content\/uploads\/sites\/2\/2022\/01\/NLCG-0724-Quaderno-Gotico-XVI-vv9-16-Hai-varcato-la-pioggia-rara-1988-China-e-acquarello-su-carta-275x210mm-750x430.jpg"}},"image_meta":{"aperture":"0","credit":"","camera":"","caption":"","created_timestamp":"0","copyright":"","focal_length":"0","iso":"0","shutter_speed":"0","title":"","orientation":"0","keywords":[]}},"_links":{"self":[{"href":"https:\/\/www.gardaseezeitung.it\/gardaseezeitung_new\/de\/wp-json\/wp\/v2\/posts\/9429"}],"collection":[{"href":"https:\/\/www.gardaseezeitung.it\/gardaseezeitung_new\/de\/wp-json\/wp\/v2\/posts"}],"about":[{"href":"https:\/\/www.gardaseezeitung.it\/gardaseezeitung_new\/de\/wp-json\/wp\/v2\/types\/post"}],"author":[{"embeddable":true,"href":"https:\/\/www.gardaseezeitung.it\/gardaseezeitung_new\/de\/wp-json\/wp\/v2\/users\/9"}],"replies":[{"embeddable":true,"href":"https:\/\/www.gardaseezeitung.it\/gardaseezeitung_new\/de\/wp-json\/wp\/v2\/comments?post=9429"}],"version-history":[{"count":2,"href":"https:\/\/www.gardaseezeitung.it\/gardaseezeitung_new\/de\/wp-json\/wp\/v2\/posts\/9429\/revisions"}],"predecessor-version":[{"id":17241,"href":"https:\/\/www.gardaseezeitung.it\/gardaseezeitung_new\/de\/wp-json\/wp\/v2\/posts\/9429\/revisions\/17241"}],"wp:featuredmedia":[{"embeddable":true,"href":"https:\/\/www.gardaseezeitung.it\/gardaseezeitung_new\/de\/wp-json\/wp\/v2\/media\/9428"}],"wp:attachment":[{"href":"https:\/\/www.gardaseezeitung.it\/gardaseezeitung_new\/de\/wp-json\/wp\/v2\/media?parent=9429"}],"wp:term":[{"taxonomy":"category","embeddable":true,"href":"https:\/\/www.gardaseezeitung.it\/gardaseezeitung_new\/de\/wp-json\/wp\/v2\/categories?post=9429"},{"taxonomy":"post_tag","embeddable":true,"href":"https:\/\/www.gardaseezeitung.it\/gardaseezeitung_new\/de\/wp-json\/wp\/v2\/tags?post=9429"},{"taxonomy":"news-destination","embeddable":true,"href":"https:\/\/www.gardaseezeitung.it\/gardaseezeitung_new\/de\/wp-json\/wp\/v2\/news-destination?post=9429"},{"taxonomy":"news-source","embeddable":true,"href":"https:\/\/www.gardaseezeitung.it\/gardaseezeitung_new\/de\/wp-json\/wp\/v2\/news-source?post=9429"},{"taxonomy":"is_homepage","embeddable":true,"href":"https:\/\/www.gardaseezeitung.it\/gardaseezeitung_new\/de\/wp-json\/wp\/v2\/is_homepage?post=9429"},{"taxonomy":"ta_other","embeddable":true,"href":"https:\/\/www.gardaseezeitung.it\/gardaseezeitung_new\/de\/wp-json\/wp\/v2\/ta_other?post=9429"}],"curies":[{"name":"wp","href":"https:\/\/api.w.org\/{rel}","templated":true}]}}