{"id":9445,"date":"2022-01-31T18:03:51","date_gmt":"2022-01-31T17:03:51","guid":{"rendered":"http:\/\/euwp08.newsmemory.com\/gardaseezeitung_new\/de\/2022\/01\/31\/mittelalterliches-relikt-im-see-entdeckt\/"},"modified":"2022-01-31T18:03:53","modified_gmt":"2021-09-03T18:03:53","slug":"mittelalterliches-relikt-im-see-entdeckt","status":"publish","type":"post","link":"https:\/\/www.gardaseezeitung.it\/2022\/01\/31\/mittelalterliches-relikt-im-see-entdeckt\/","title":{"rendered":"Mittelalterliches Relikt im See entdeckt"},"content":{"rendered":"<p>&nbsp;<\/p>\n<p>Von Zeit zu Zeit gibt der Gardasee etwas von seiner Vergangenheit preis. So zum Beispiel vor wenigen Tagen als das Nautik- und Unterwasserteam der Vereinigung \u201eVolontari del Garda\u201c (Ehrenamtliche des Garda) aus Sal\u00f2 auf dem mittleren See entlang der Route Sal\u00f2-Desenzano auf ein Wrack stie\u00df, von dem man bisher nichts gewusst hatte. Bei dem Relikt handelt es sich um ein altes Boot, das wahrscheinlich aus dem sp\u00e4ten Mittelalter stammt und eine Ladung verschiedener Eisenwaren (Schaufeln, Spaten, N\u00e4gel, Eisenklammern usw.) transportierte. Zu den an Bord gefundenen Gegenst\u00e4nden z\u00e4hlen auch zwei Kr\u00fcge, in denen die Besatzung ihr Trinkwasser transportierte. Die Kr\u00fcge sind aus edel verzierter Terrakotta-Keramik. Nun ist es Aufgabe des Amtes f\u00fcr Denkmalschutz, die Kr\u00fcge zu datieren und ihre historisch-k\u00fcnstlerische Relevanz zu bewerten. Das Tauchteam der Volontari del Garda, f\u00fcr das Luca Turrini und Mauro Fusato verantwortlich sind, hat in den letzten Jahren viele Geheimnisse gel\u00fcftet, die in den Tiefen des Gardasees geh\u00fctet wurden. Auf dem Seegrund befinden sich Wracks aus den verschiedensten Epochen. Das ber\u00fchmteste ist vielleicht die 1509 vor Lazise versenkte venezianische Galeere, die vom arch\u00e4ologischen Amt von Venedig gesch\u00fctzt wird. Vor den Ufern von Limone liegt das Kanonenboot Sesia, das 1860 nach der Explosion eines Heizkessels untergang und 152 Jahre nach seinem Untergang wiedergefunden wurde. Zwischen Maderno und Punta San Vigilio liegt eine Spitfire, ein englisches Jagdflugzeug, das 1945 im Etschtal von der Flugabwehr getroffen wurde. Dies sind nur einige der \u201eGeheimnisse\u201c, die der Gardasee bereits gel\u00fcftet hat, viele andere sind sicher noch verborgen.<\/p>\n<p>&nbsp;<\/p>\n","protected":false},"excerpt":{"rendered":"<p>Bei dem Relikt handelt es sich um ein altes Boot, das wahrscheinlich aus dem sp\u00e4ten Mittelalter stammt und eine Ladung verschiedener Eisenwaren transportierte<\/p>\n","protected":false},"author":9,"featured_media":9444,"comment_status":"open","ping_status":"open","sticky":false,"template":"","format":"standard","meta":[],"categories":[2,3],"tags":[131,23,26,2181,2182,2183,167,2184],"news-destination":[],"news-source":[],"is_homepage":[],"ta_other":[],"featured_media_details":{"width":1920,"height":1080,"file":"2022\/01\/barca-medievale.jpg","sizes":{"thumbnail":{"file":"barca-medievale-150x150.jpg","width":150,"height":150,"mime-type":"image\/jpeg","source_url":"https:\/\/www.gardaseezeitung.it\/gardaseezeitung_new\/de\/wp-content\/uploads\/sites\/2\/2022\/01\/barca-medievale-150x150.jpg"},"medium":{"file":"barca-medievale-300x169.jpg","width":300,"height":169,"mime-type":"image\/jpeg","source_url":"https:\/\/www.gardaseezeitung.it\/gardaseezeitung_new\/de\/wp-content\/uploads\/sites\/2\/2022\/01\/barca-medievale-300x169.jpg"},"medium_large":{"file":"barca-medievale-768x432.jpg","width":768,"height":432,"mime-type":"image\/jpeg","source_url":"https:\/\/www.gardaseezeitung.it\/gardaseezeitung_new\/de\/wp-content\/uploads\/sites\/2\/2022\/01\/barca-medievale-768x432.jpg"},"large":{"file":"barca-medievale-1024x576.jpg","width":1024,"height":576,"mime-type":"image\/jpeg","source_url":"https:\/\/www.gardaseezeitung.it\/gardaseezeitung_new\/de\/wp-content\/uploads\/sites\/2\/2022\/01\/barca-medievale-1024x576.jpg"},"big_image":{"file":"barca-medievale-750x422.jpg","width":750,"height":422,"mime-type":"image\/jpeg","source_url":"https:\/\/www.gardaseezeitung.it\/gardaseezeitung_new\/de\/wp-content\/uploads\/sites\/2\/2022\/01\/barca-medievale-750x422.jpg"},"guest-author-32":{"file":"barca-medievale-32x32.jpg","width":32,"height":32,"mime-type":"image\/jpeg","source_url":"https:\/\/www.gardaseezeitung.it\/gardaseezeitung_new\/de\/wp-content\/uploads\/sites\/2\/2022\/01\/barca-medievale-32x32.jpg"},"guest-author-50":{"file":"barca-medievale-50x50.jpg","width":50,"height":50,"mime-type":"image\/jpeg","source_url":"https:\/\/www.gardaseezeitung.it\/gardaseezeitung_new\/de\/wp-content\/uploads\/sites\/2\/2022\/01\/barca-medievale-50x50.jpg"},"guest-author-64":{"file":"barca-medievale-64x64.jpg","width":64,"height":64,"mime-type":"image\/jpeg","source_url":"https:\/\/www.gardaseezeitung.it\/gardaseezeitung_new\/de\/wp-content\/uploads\/sites\/2\/2022\/01\/barca-medievale-64x64.jpg"},"guest-author-96":{"file":"barca-medievale-96x96.jpg","width":96,"height":96,"mime-type":"image\/jpeg","source_url":"https:\/\/www.gardaseezeitung.it\/gardaseezeitung_new\/de\/wp-content\/uploads\/sites\/2\/2022\/01\/barca-medievale-96x96.jpg"},"guest-author-128":{"file":"barca-medievale-128x128.jpg","width":128,"height":128,"mime-type":"image\/jpeg","source_url":"https:\/\/www.gardaseezeitung.it\/gardaseezeitung_new\/de\/wp-content\/uploads\/sites\/2\/2022\/01\/barca-medievale-128x128.jpg"},"full":{"file":"barca-medievale.jpg","width":1920,"height":1080,"mime_type":"","source_url":"https:\/\/www.gardaseezeitung.it\/gardaseezeitung_new\/de\/wp-content\/uploads\/sites\/2\/2022\/01\/barca-medievale.jpg"}},"image_meta":{"aperture":"0","credit":"","camera":"","caption":"","created_timestamp":"0","copyright":"","focal_length":"0","iso":"0","shutter_speed":"0","title":"","orientation":"0","keywords":[]}},"_links":{"self":[{"href":"https:\/\/www.gardaseezeitung.it\/gardaseezeitung_new\/de\/wp-json\/wp\/v2\/posts\/9445"}],"collection":[{"href":"https:\/\/www.gardaseezeitung.it\/gardaseezeitung_new\/de\/wp-json\/wp\/v2\/posts"}],"about":[{"href":"https:\/\/www.gardaseezeitung.it\/gardaseezeitung_new\/de\/wp-json\/wp\/v2\/types\/post"}],"author":[{"embeddable":true,"href":"https:\/\/www.gardaseezeitung.it\/gardaseezeitung_new\/de\/wp-json\/wp\/v2\/users\/9"}],"replies":[{"embeddable":true,"href":"https:\/\/www.gardaseezeitung.it\/gardaseezeitung_new\/de\/wp-json\/wp\/v2\/comments?post=9445"}],"version-history":[{"count":1,"href":"https:\/\/www.gardaseezeitung.it\/gardaseezeitung_new\/de\/wp-json\/wp\/v2\/posts\/9445\/revisions"}],"predecessor-version":[{"id":9446,"href":"https:\/\/www.gardaseezeitung.it\/gardaseezeitung_new\/de\/wp-json\/wp\/v2\/posts\/9445\/revisions\/9446"}],"wp:featuredmedia":[{"embeddable":true,"href":"https:\/\/www.gardaseezeitung.it\/gardaseezeitung_new\/de\/wp-json\/wp\/v2\/media\/9444"}],"wp:attachment":[{"href":"https:\/\/www.gardaseezeitung.it\/gardaseezeitung_new\/de\/wp-json\/wp\/v2\/media?parent=9445"}],"wp:term":[{"taxonomy":"category","embeddable":true,"href":"https:\/\/www.gardaseezeitung.it\/gardaseezeitung_new\/de\/wp-json\/wp\/v2\/categories?post=9445"},{"taxonomy":"post_tag","embeddable":true,"href":"https:\/\/www.gardaseezeitung.it\/gardaseezeitung_new\/de\/wp-json\/wp\/v2\/tags?post=9445"},{"taxonomy":"news-destination","embeddable":true,"href":"https:\/\/www.gardaseezeitung.it\/gardaseezeitung_new\/de\/wp-json\/wp\/v2\/news-destination?post=9445"},{"taxonomy":"news-source","embeddable":true,"href":"https:\/\/www.gardaseezeitung.it\/gardaseezeitung_new\/de\/wp-json\/wp\/v2\/news-source?post=9445"},{"taxonomy":"is_homepage","embeddable":true,"href":"https:\/\/www.gardaseezeitung.it\/gardaseezeitung_new\/de\/wp-json\/wp\/v2\/is_homepage?post=9445"},{"taxonomy":"ta_other","embeddable":true,"href":"https:\/\/www.gardaseezeitung.it\/gardaseezeitung_new\/de\/wp-json\/wp\/v2\/ta_other?post=9445"}],"curies":[{"name":"wp","href":"https:\/\/api.w.org\/{rel}","templated":true}]}}