{"id":9499,"date":"2022-02-08T17:19:48","date_gmt":"2022-02-08T16:19:48","guid":{"rendered":"http:\/\/euwp08.newsmemory.com\/gardaseezeitung_new\/de\/2022\/02\/08\/drei-millionen-euro-fuer-die-finanzierung-des-neuen-hafenbeckens-und-des-jachthafens-acquafresca\/"},"modified":"2022-02-08T17:21:21","modified_gmt":"2021-09-11T17:21:21","slug":"drei-millionen-euro-fuer-die-finanzierung-des-neuen-hafenbeckens-und-des-jachthafens-acquafresca","status":"publish","type":"post","link":"https:\/\/www.gardaseezeitung.it\/2022\/02\/08\/drei-millionen-euro-fuer-die-finanzierung-des-neuen-hafenbeckens-und-des-jachthafens-acquafresca\/","title":{"rendered":"Drei Millionen Euro f\u00fcr die Finanzierung des neuen Hafenbeckens und des Jachthafens Acquafresca"},"content":{"rendered":"<p>&nbsp;<\/p>\n<p>Das Dreijahresprogramm der Gemeinde Brenzone f\u00fcr \u00f6ffentliche Arbeiten im Wert von \u00fcber 12 Millionen Euro wurde genehmigt. Der Service f\u00fcr die inneren D\u00f6rfer wurde ausgebaut, und es sind Parkpl\u00e4tze in Porto, Fasor, Boccino und Magugnano geplant. Es wird neue Stra\u00dfen geben, die Pozzo mit Assenza und Pissarotta mit Gardesana verbinden. Zu den wichtigsten Arbeiten geh\u00f6ren der Bau des Hafenbeckens und des touristischen Hafens von Acquafresca, ein neuer Platz in Castelletto und ein Projekt zur Instandsetzung des Schlosses von Campo.<\/p>\n<p>&nbsp;<\/p>\n","protected":false},"excerpt":{"rendered":"<p>Die Gemeinde Brenzone sul Garda hat Arbeiten im Wert von 12 Millionen Euro genehmigt<\/p>\n","protected":false},"author":9,"featured_media":9498,"comment_status":"open","ping_status":"open","sticky":false,"template":"","format":"standard","meta":[],"categories":[2,4,6,3],"tags":[1194,2245,194,835,608,2246,23,26,357,1237,2247,2248],"news-destination":[],"news-source":[],"is_homepage":[],"ta_other":[],"featured_media_details":{"width":800,"height":450,"file":"2022\/02\/312-Lungolago-Brenzone-sul-Garda-dopo.jpg","sizes":{"thumbnail":{"file":"312-Lungolago-Brenzone-sul-Garda-dopo-150x150.jpg","width":150,"height":150,"mime-type":"image\/jpeg","source_url":"https:\/\/www.gardaseezeitung.it\/gardaseezeitung_new\/de\/wp-content\/uploads\/sites\/2\/2022\/02\/312-Lungolago-Brenzone-sul-Garda-dopo-150x150.jpg"},"medium":{"file":"312-Lungolago-Brenzone-sul-Garda-dopo-300x169.jpg","width":300,"height":169,"mime-type":"image\/jpeg","source_url":"https:\/\/www.gardaseezeitung.it\/gardaseezeitung_new\/de\/wp-content\/uploads\/sites\/2\/2022\/02\/312-Lungolago-Brenzone-sul-Garda-dopo-300x169.jpg"},"medium_large":{"file":"312-Lungolago-Brenzone-sul-Garda-dopo-768x432.jpg","width":768,"height":432,"mime-type":"image\/jpeg","source_url":"https:\/\/www.gardaseezeitung.it\/gardaseezeitung_new\/de\/wp-content\/uploads\/sites\/2\/2022\/02\/312-Lungolago-Brenzone-sul-Garda-dopo-768x432.jpg"},"big_image":{"file":"312-Lungolago-Brenzone-sul-Garda-dopo-750x422.jpg","width":750,"height":422,"mime-type":"image\/jpeg","source_url":"https:\/\/www.gardaseezeitung.it\/gardaseezeitung_new\/de\/wp-content\/uploads\/sites\/2\/2022\/02\/312-Lungolago-Brenzone-sul-Garda-dopo-750x422.jpg"},"guest-author-32":{"file":"312-Lungolago-Brenzone-sul-Garda-dopo-32x32.jpg","width":32,"height":32,"mime-type":"image\/jpeg","source_url":"https:\/\/www.gardaseezeitung.it\/gardaseezeitung_new\/de\/wp-content\/uploads\/sites\/2\/2022\/02\/312-Lungolago-Brenzone-sul-Garda-dopo-32x32.jpg"},"guest-author-50":{"file":"312-Lungolago-Brenzone-sul-Garda-dopo-50x50.jpg","width":50,"height":50,"mime-type":"image\/jpeg","source_url":"https:\/\/www.gardaseezeitung.it\/gardaseezeitung_new\/de\/wp-content\/uploads\/sites\/2\/2022\/02\/312-Lungolago-Brenzone-sul-Garda-dopo-50x50.jpg"},"guest-author-64":{"file":"312-Lungolago-Brenzone-sul-Garda-dopo-64x64.jpg","width":64,"height":64,"mime-type":"image\/jpeg","source_url":"https:\/\/www.gardaseezeitung.it\/gardaseezeitung_new\/de\/wp-content\/uploads\/sites\/2\/2022\/02\/312-Lungolago-Brenzone-sul-Garda-dopo-64x64.jpg"},"guest-author-96":{"file":"312-Lungolago-Brenzone-sul-Garda-dopo-96x96.jpg","width":96,"height":96,"mime-type":"image\/jpeg","source_url":"https:\/\/www.gardaseezeitung.it\/gardaseezeitung_new\/de\/wp-content\/uploads\/sites\/2\/2022\/02\/312-Lungolago-Brenzone-sul-Garda-dopo-96x96.jpg"},"guest-author-128":{"file":"312-Lungolago-Brenzone-sul-Garda-dopo-128x128.jpg","width":128,"height":128,"mime-type":"image\/jpeg","source_url":"https:\/\/www.gardaseezeitung.it\/gardaseezeitung_new\/de\/wp-content\/uploads\/sites\/2\/2022\/02\/312-Lungolago-Brenzone-sul-Garda-dopo-128x128.jpg"},"full":{"file":"312-Lungolago-Brenzone-sul-Garda-dopo.jpg","width":800,"height":450,"mime_type":"","source_url":"https:\/\/www.gardaseezeitung.it\/gardaseezeitung_new\/de\/wp-content\/uploads\/sites\/2\/2022\/02\/312-Lungolago-Brenzone-sul-Garda-dopo.jpg"}},"image_meta":{"aperture":"0","credit":"","camera":"","caption":"","created_timestamp":"0","copyright":"","focal_length":"0","iso":"0","shutter_speed":"0","title":"","orientation":"0","keywords":[]}},"_links":{"self":[{"href":"https:\/\/www.gardaseezeitung.it\/gardaseezeitung_new\/de\/wp-json\/wp\/v2\/posts\/9499"}],"collection":[{"href":"https:\/\/www.gardaseezeitung.it\/gardaseezeitung_new\/de\/wp-json\/wp\/v2\/posts"}],"about":[{"href":"https:\/\/www.gardaseezeitung.it\/gardaseezeitung_new\/de\/wp-json\/wp\/v2\/types\/post"}],"author":[{"embeddable":true,"href":"https:\/\/www.gardaseezeitung.it\/gardaseezeitung_new\/de\/wp-json\/wp\/v2\/users\/9"}],"replies":[{"embeddable":true,"href":"https:\/\/www.gardaseezeitung.it\/gardaseezeitung_new\/de\/wp-json\/wp\/v2\/comments?post=9499"}],"version-history":[{"count":1,"href":"https:\/\/www.gardaseezeitung.it\/gardaseezeitung_new\/de\/wp-json\/wp\/v2\/posts\/9499\/revisions"}],"predecessor-version":[{"id":9500,"href":"https:\/\/www.gardaseezeitung.it\/gardaseezeitung_new\/de\/wp-json\/wp\/v2\/posts\/9499\/revisions\/9500"}],"wp:featuredmedia":[{"embeddable":true,"href":"https:\/\/www.gardaseezeitung.it\/gardaseezeitung_new\/de\/wp-json\/wp\/v2\/media\/9498"}],"wp:attachment":[{"href":"https:\/\/www.gardaseezeitung.it\/gardaseezeitung_new\/de\/wp-json\/wp\/v2\/media?parent=9499"}],"wp:term":[{"taxonomy":"category","embeddable":true,"href":"https:\/\/www.gardaseezeitung.it\/gardaseezeitung_new\/de\/wp-json\/wp\/v2\/categories?post=9499"},{"taxonomy":"post_tag","embeddable":true,"href":"https:\/\/www.gardaseezeitung.it\/gardaseezeitung_new\/de\/wp-json\/wp\/v2\/tags?post=9499"},{"taxonomy":"news-destination","embeddable":true,"href":"https:\/\/www.gardaseezeitung.it\/gardaseezeitung_new\/de\/wp-json\/wp\/v2\/news-destination?post=9499"},{"taxonomy":"news-source","embeddable":true,"href":"https:\/\/www.gardaseezeitung.it\/gardaseezeitung_new\/de\/wp-json\/wp\/v2\/news-source?post=9499"},{"taxonomy":"is_homepage","embeddable":true,"href":"https:\/\/www.gardaseezeitung.it\/gardaseezeitung_new\/de\/wp-json\/wp\/v2\/is_homepage?post=9499"},{"taxonomy":"ta_other","embeddable":true,"href":"https:\/\/www.gardaseezeitung.it\/gardaseezeitung_new\/de\/wp-json\/wp\/v2\/ta_other?post=9499"}],"curies":[{"name":"wp","href":"https:\/\/api.w.org\/{rel}","templated":true}]}}