{"id":9540,"date":"2022-02-09T22:00:26","date_gmt":"2022-02-09T21:00:26","guid":{"rendered":"http:\/\/euwp08.newsmemory.com\/gardaseezeitung_new\/de\/2022\/02\/09\/die-morgendaemmerung-der-romantik-eroeffnet-die-symphonische-saison-verona\/"},"modified":"2022-02-09T22:00:57","modified_gmt":"2021-09-12T22:00:57","slug":"die-morgendaemmerung-der-romantik-eroeffnet-die-symphonische-saison-verona","status":"publish","type":"post","link":"https:\/\/www.gardaseezeitung.it\/2022\/02\/09\/die-morgendaemmerung-der-romantik-eroeffnet-die-symphonische-saison-verona\/","title":{"rendered":"Die Morgend\u00e4mmerung der Romantik er\u00f6ffnet die symphonische Saison in Verona"},"content":{"rendered":"<p>&nbsp;<\/p>\n<p>Zur Er\u00f6ffnung der Symphonischen Saison 2022 setzen das Orchester und der Chor der Arena di Verona ihre Hommage an Beethoven zu dessen 250. Geburtstag fort. Das Programm beginnt mit der st\u00fcrmischen Romantik von Beethovens <em>Coriolanus<\/em>, bevor es mit <em>Rhapsodie f\u00fcr Alt, M\u00e4nnerchor und Orchester<\/em> von Brahms\u00a0auf Verse von Goethe mit Marianna Pizzolato weitergeht. Die Auff\u00fchrung endet mit Beethovens <em>Symphonie Nr. 2 in D-Dur<\/em>. Sein Deb\u00fct auf dem Podium des Teatro Filarmonico gibt der junge New Yorker James Feddeck, der bereits als Dirigent in Chicago und bei den wichtigsten Orchestern Europas t\u00e4tig war.<\/p>\n<p>Die Legende von Coriolanus, einem r\u00f6mischen Feldherrn, der sich im 5. Jahrhundert v. Chr. im Kampf gegen sein eigenes Land wiederfand, ist bereits aus Shakespeares gleichnamigem St\u00fcck bekannt, war aber auch das Thema des Wiener Dichters Heinrich Joseph von Collin: F\u00fcr seine Trag\u00f6die schrieb Beethoven 1807 eine Ouvert\u00fcre, die die Qualen des Protagonisten zwischen innerem Drama und Heldentum auf den Punkt bringt. Beethovens <em>Sinfonie Nr. 2 in D-Dur<\/em>, die nach der Pause auf dem Programm steht, wurde im Sommer 1802 vollendet und orientiert sich stilistisch an Haydn, dessen raffinierter Humor sie wie nur wenige andere Werke des Bonner Genies durchdringt. Die <em>Rhapsodie f\u00fcr Alt<\/em> von Johannes Brahms (1833-1897) &#8211; geschrieben nach der Heirat von Julie, der Tochter von Robert und Clara Schumann, die sich Brahms offenbar vergeblich gew\u00fcnscht hat &#8211; vertont drei der elf Strophen von Goethes Winterreise durch den Harz (1777), die von der Begegnung des Dichters mit dem bitterlich desillusionierten jungen Friedrich Plessing inspiriert ist. Der Gesang ist einer au\u00dfergew\u00f6hnlichen K\u00fcnstlerin anvertraut, die ihr Veroneser Deb\u00fct gibt: Marianna Pizzolato, eine der gefragtesten Belcanto-K\u00fcnstlerinnen der Gegenwart.<\/p>\n<p>Das erste Sinfoniekonzert wird am Freitag, den 11. Februar um 20.00 Uhr mit einem Programm von etwa achtzig Minuten Dauer und einer Pause uraufgef\u00fchrt und am Samstag, den 12. Februar um 17.00 Uhr wiederholt. Laut Gesetz ist der Zugang zu den Auff\u00fchrungen nur Zuschauern mit einer Ffp2-Maske und einem gr\u00fcnen Covid-19-Zertifikat gestattet; Ausl\u00e4nder ben\u00f6tigen keinen supergr\u00fcnen Pass.<\/p>\n<p><em>Informationen<br \/>\n<\/em>Callcenter (+39) 045 8005151 &#8211; www.arena.it &#8211; biglietteria@arenadiverona.it<br \/>\n<em>Eintrittskarten<\/em><br \/>\n<em>Ticket-B\u00fcro Arena di Verona<\/em><br \/>\nVia Dietro Anfiteatro 6\/b, 37121 Verona (Mo-Fr 10.30-16.00 Uhr | Sa 9.15 &#8211; 12.45) Tel. 045 596517 \u2219 Fax 045 8013287<br \/>\n<em>Ticket-B\u00fcro Teatro Filarmonico<\/em><br \/>\nVia dei Mutilati 4\/k, 37121 Verona &#8211; Tel. 045 8002880 \u2219 Fax 045 8013266<br \/>\n<em>TicketOne.it<\/em><\/p>\n<p>&nbsp;<\/p>\n","protected":false},"excerpt":{"rendered":"<p>Freitag, 11. und Samstag, 12. Februar Beethoven und Brahms im Teatro Filarmonico auf dem Spielplan<\/p>\n","protected":false},"author":9,"featured_media":9539,"comment_status":"open","ping_status":"open","sticky":false,"template":"","format":"standard","meta":[],"categories":[2,4,5,6],"tags":[2268,2269,2270,2271,2272,2273,2274,2275,2276,277,38],"news-destination":[],"news-source":[],"is_homepage":[],"ta_other":[],"featured_media_details":{"width":1440,"height":900,"file":"2022\/02\/20220207170924_Stagione-Sinfonica_1440x900_Generale.jpg","sizes":{"thumbnail":{"file":"20220207170924_Stagione-Sinfonica_1440x900_Generale-150x150.jpg","width":150,"height":150,"mime-type":"image\/jpeg","source_url":"https:\/\/www.gardaseezeitung.it\/gardaseezeitung_new\/de\/wp-content\/uploads\/sites\/2\/2022\/02\/20220207170924_Stagione-Sinfonica_1440x900_Generale-150x150.jpg"},"medium":{"file":"20220207170924_Stagione-Sinfonica_1440x900_Generale-300x188.jpg","width":300,"height":188,"mime-type":"image\/jpeg","source_url":"https:\/\/www.gardaseezeitung.it\/gardaseezeitung_new\/de\/wp-content\/uploads\/sites\/2\/2022\/02\/20220207170924_Stagione-Sinfonica_1440x900_Generale-300x188.jpg"},"medium_large":{"file":"20220207170924_Stagione-Sinfonica_1440x900_Generale-768x480.jpg","width":768,"height":480,"mime-type":"image\/jpeg","source_url":"https:\/\/www.gardaseezeitung.it\/gardaseezeitung_new\/de\/wp-content\/uploads\/sites\/2\/2022\/02\/20220207170924_Stagione-Sinfonica_1440x900_Generale-768x480.jpg"},"large":{"file":"20220207170924_Stagione-Sinfonica_1440x900_Generale-1024x640.jpg","width":1024,"height":640,"mime-type":"image\/jpeg","source_url":"https:\/\/www.gardaseezeitung.it\/gardaseezeitung_new\/de\/wp-content\/uploads\/sites\/2\/2022\/02\/20220207170924_Stagione-Sinfonica_1440x900_Generale-1024x640.jpg"},"big_image":{"file":"20220207170924_Stagione-Sinfonica_1440x900_Generale-750x469.jpg","width":750,"height":469,"mime-type":"image\/jpeg","source_url":"https:\/\/www.gardaseezeitung.it\/gardaseezeitung_new\/de\/wp-content\/uploads\/sites\/2\/2022\/02\/20220207170924_Stagione-Sinfonica_1440x900_Generale-750x469.jpg"},"guest-author-32":{"file":"20220207170924_Stagione-Sinfonica_1440x900_Generale-32x32.jpg","width":32,"height":32,"mime-type":"image\/jpeg","source_url":"https:\/\/www.gardaseezeitung.it\/gardaseezeitung_new\/de\/wp-content\/uploads\/sites\/2\/2022\/02\/20220207170924_Stagione-Sinfonica_1440x900_Generale-32x32.jpg"},"guest-author-50":{"file":"20220207170924_Stagione-Sinfonica_1440x900_Generale-50x50.jpg","width":50,"height":50,"mime-type":"image\/jpeg","source_url":"https:\/\/www.gardaseezeitung.it\/gardaseezeitung_new\/de\/wp-content\/uploads\/sites\/2\/2022\/02\/20220207170924_Stagione-Sinfonica_1440x900_Generale-50x50.jpg"},"guest-author-64":{"file":"20220207170924_Stagione-Sinfonica_1440x900_Generale-64x64.jpg","width":64,"height":64,"mime-type":"image\/jpeg","source_url":"https:\/\/www.gardaseezeitung.it\/gardaseezeitung_new\/de\/wp-content\/uploads\/sites\/2\/2022\/02\/20220207170924_Stagione-Sinfonica_1440x900_Generale-64x64.jpg"},"guest-author-96":{"file":"20220207170924_Stagione-Sinfonica_1440x900_Generale-96x96.jpg","width":96,"height":96,"mime-type":"image\/jpeg","source_url":"https:\/\/www.gardaseezeitung.it\/gardaseezeitung_new\/de\/wp-content\/uploads\/sites\/2\/2022\/02\/20220207170924_Stagione-Sinfonica_1440x900_Generale-96x96.jpg"},"guest-author-128":{"file":"20220207170924_Stagione-Sinfonica_1440x900_Generale-128x128.jpg","width":128,"height":128,"mime-type":"image\/jpeg","source_url":"https:\/\/www.gardaseezeitung.it\/gardaseezeitung_new\/de\/wp-content\/uploads\/sites\/2\/2022\/02\/20220207170924_Stagione-Sinfonica_1440x900_Generale-128x128.jpg"},"full":{"file":"20220207170924_Stagione-Sinfonica_1440x900_Generale.jpg","width":1440,"height":900,"mime_type":"","source_url":"https:\/\/www.gardaseezeitung.it\/gardaseezeitung_new\/de\/wp-content\/uploads\/sites\/2\/2022\/02\/20220207170924_Stagione-Sinfonica_1440x900_Generale.jpg"}},"image_meta":{"aperture":"0","credit":"","camera":"","caption":"","created_timestamp":"0","copyright":"","focal_length":"0","iso":"0","shutter_speed":"0","title":"","orientation":"0","keywords":[]}},"_links":{"self":[{"href":"https:\/\/www.gardaseezeitung.it\/gardaseezeitung_new\/de\/wp-json\/wp\/v2\/posts\/9540"}],"collection":[{"href":"https:\/\/www.gardaseezeitung.it\/gardaseezeitung_new\/de\/wp-json\/wp\/v2\/posts"}],"about":[{"href":"https:\/\/www.gardaseezeitung.it\/gardaseezeitung_new\/de\/wp-json\/wp\/v2\/types\/post"}],"author":[{"embeddable":true,"href":"https:\/\/www.gardaseezeitung.it\/gardaseezeitung_new\/de\/wp-json\/wp\/v2\/users\/9"}],"replies":[{"embeddable":true,"href":"https:\/\/www.gardaseezeitung.it\/gardaseezeitung_new\/de\/wp-json\/wp\/v2\/comments?post=9540"}],"version-history":[{"count":1,"href":"https:\/\/www.gardaseezeitung.it\/gardaseezeitung_new\/de\/wp-json\/wp\/v2\/posts\/9540\/revisions"}],"predecessor-version":[{"id":9541,"href":"https:\/\/www.gardaseezeitung.it\/gardaseezeitung_new\/de\/wp-json\/wp\/v2\/posts\/9540\/revisions\/9541"}],"wp:featuredmedia":[{"embeddable":true,"href":"https:\/\/www.gardaseezeitung.it\/gardaseezeitung_new\/de\/wp-json\/wp\/v2\/media\/9539"}],"wp:attachment":[{"href":"https:\/\/www.gardaseezeitung.it\/gardaseezeitung_new\/de\/wp-json\/wp\/v2\/media?parent=9540"}],"wp:term":[{"taxonomy":"category","embeddable":true,"href":"https:\/\/www.gardaseezeitung.it\/gardaseezeitung_new\/de\/wp-json\/wp\/v2\/categories?post=9540"},{"taxonomy":"post_tag","embeddable":true,"href":"https:\/\/www.gardaseezeitung.it\/gardaseezeitung_new\/de\/wp-json\/wp\/v2\/tags?post=9540"},{"taxonomy":"news-destination","embeddable":true,"href":"https:\/\/www.gardaseezeitung.it\/gardaseezeitung_new\/de\/wp-json\/wp\/v2\/news-destination?post=9540"},{"taxonomy":"news-source","embeddable":true,"href":"https:\/\/www.gardaseezeitung.it\/gardaseezeitung_new\/de\/wp-json\/wp\/v2\/news-source?post=9540"},{"taxonomy":"is_homepage","embeddable":true,"href":"https:\/\/www.gardaseezeitung.it\/gardaseezeitung_new\/de\/wp-json\/wp\/v2\/is_homepage?post=9540"},{"taxonomy":"ta_other","embeddable":true,"href":"https:\/\/www.gardaseezeitung.it\/gardaseezeitung_new\/de\/wp-json\/wp\/v2\/ta_other?post=9540"}],"curies":[{"name":"wp","href":"https:\/\/api.w.org\/{rel}","templated":true}]}}