{"id":9549,"date":"2022-02-10T20:39:08","date_gmt":"2022-02-10T19:39:08","guid":{"rendered":"http:\/\/euwp08.newsmemory.com\/gardaseezeitung_new\/de\/2022\/02\/10\/einwohner-reisen-mit-ermaessigten-fahrkarten-auf-navigarda-faehren\/"},"modified":"2022-02-10T20:39:37","modified_gmt":"2021-09-13T20:39:37","slug":"einwohner-reisen-mit-ermaessigten-fahrkarten-auf-navigarda-faehren","status":"publish","type":"post","link":"https:\/\/www.gardaseezeitung.it\/2022\/02\/10\/einwohner-reisen-mit-ermaessigten-fahrkarten-auf-navigarda-faehren\/","title":{"rendered":"Einwohner reisen mit erm\u00e4\u00dfigten Fahrkarten auf Navigarda-F\u00e4hren"},"content":{"rendered":"<p>&nbsp;<\/p>\n<p>Navigarda erneuert seine Initiative &#8222;Conosci il tuo lago&#8220;, die allen Einwohnern der Gemeinden am Gardasee vorbehalten ist und in Zusammenarbeit mit den Gemeinden, die sich dem Projekt angeschlossen haben, durchgef\u00fchrt wird. Die Aktion, die f\u00fcr das gesamte Jahr 2022 im \u00f6ffentlichen Linienverkehr gilt, bietet Erm\u00e4\u00dfigungen auf normale Fahrkarten von bis zu 20 %. Die Erm\u00e4\u00dfigung kann nicht mit anderen Aktionen und\/oder Preisnachl\u00e4ssen kombiniert werden und gilt nicht f\u00fcr Mietautos und Sonderfahrten. Um die Erm\u00e4\u00dfigung zu erhalten, m\u00fcssen Sie lediglich an einem der Schalter von Navigazione del Lago di Garda einen Ausweis vorlegen, der belegt, dass Sie in einer der Gemeinden wohnen, die sich der Initiative angeschlossen haben.<\/p>\n<p>&nbsp;<\/p>\n","protected":false},"excerpt":{"rendered":"<p>Die Initiative &#8222;Conosci il tuo lago&#8220; (&#8222;Kenne deinen See&#8220;) richtet sich an die Bewohner der Gemeinden am See<\/p>\n","protected":false},"author":9,"featured_media":6413,"comment_status":"open","ping_status":"open","sticky":false,"template":"","format":"standard","meta":[],"categories":[2,6,3],"tags":[2277,23,26,128,2278],"news-destination":[],"news-source":[],"is_homepage":[],"ta_other":[],"featured_media_details":{"width":1024,"height":412,"file":"2021\/04\/Motonave-Italia.jpg","sizes":{"thumbnail":{"file":"Motonave-Italia-150x150.jpg","width":150,"height":150,"mime-type":"image\/jpeg","source_url":"https:\/\/www.gardaseezeitung.it\/gardaseezeitung_new\/de\/wp-content\/uploads\/sites\/2\/2021\/04\/Motonave-Italia-150x150.jpg"},"medium":{"file":"Motonave-Italia-300x121.jpg","width":300,"height":121,"mime-type":"image\/jpeg","source_url":"https:\/\/www.gardaseezeitung.it\/gardaseezeitung_new\/de\/wp-content\/uploads\/sites\/2\/2021\/04\/Motonave-Italia-300x121.jpg"},"medium_large":{"file":"Motonave-Italia-768x309.jpg","width":768,"height":309,"mime-type":"image\/jpeg","source_url":"https:\/\/www.gardaseezeitung.it\/gardaseezeitung_new\/de\/wp-content\/uploads\/sites\/2\/2021\/04\/Motonave-Italia-768x309.jpg"},"large":{"file":"Motonave-Italia-1024x412.jpg","width":1024,"height":412,"mime-type":"image\/jpeg","source_url":"https:\/\/www.gardaseezeitung.it\/gardaseezeitung_new\/de\/wp-content\/uploads\/sites\/2\/2021\/04\/Motonave-Italia-1024x412.jpg"},"big_image":{"file":"Motonave-Italia-750x302.jpg","width":750,"height":302,"mime-type":"image\/jpeg","source_url":"https:\/\/www.gardaseezeitung.it\/gardaseezeitung_new\/de\/wp-content\/uploads\/sites\/2\/2021\/04\/Motonave-Italia-750x302.jpg"},"guest-author-32":{"file":"Motonave-Italia-32x32.jpg","width":32,"height":32,"mime-type":"image\/jpeg","source_url":"https:\/\/www.gardaseezeitung.it\/gardaseezeitung_new\/de\/wp-content\/uploads\/sites\/2\/2021\/04\/Motonave-Italia-32x32.jpg"},"guest-author-50":{"file":"Motonave-Italia-50x50.jpg","width":50,"height":50,"mime-type":"image\/jpeg","source_url":"https:\/\/www.gardaseezeitung.it\/gardaseezeitung_new\/de\/wp-content\/uploads\/sites\/2\/2021\/04\/Motonave-Italia-50x50.jpg"},"guest-author-64":{"file":"Motonave-Italia-64x64.jpg","width":64,"height":64,"mime-type":"image\/jpeg","source_url":"https:\/\/www.gardaseezeitung.it\/gardaseezeitung_new\/de\/wp-content\/uploads\/sites\/2\/2021\/04\/Motonave-Italia-64x64.jpg"},"guest-author-96":{"file":"Motonave-Italia-96x96.jpg","width":96,"height":96,"mime-type":"image\/jpeg","source_url":"https:\/\/www.gardaseezeitung.it\/gardaseezeitung_new\/de\/wp-content\/uploads\/sites\/2\/2021\/04\/Motonave-Italia-96x96.jpg"},"guest-author-128":{"file":"Motonave-Italia-128x128.jpg","width":128,"height":128,"mime-type":"image\/jpeg","source_url":"https:\/\/www.gardaseezeitung.it\/gardaseezeitung_new\/de\/wp-content\/uploads\/sites\/2\/2021\/04\/Motonave-Italia-128x128.jpg"},"full":{"file":"Motonave-Italia.jpg","width":1024,"height":412,"mime_type":"","source_url":"https:\/\/www.gardaseezeitung.it\/gardaseezeitung_new\/de\/wp-content\/uploads\/sites\/2\/2021\/04\/Motonave-Italia.jpg"}},"image_meta":{"aperture":"0","credit":"","camera":"","caption":"","created_timestamp":"0","copyright":"","focal_length":"0","iso":"0","shutter_speed":"0","title":"","orientation":"1","keywords":[]}},"_links":{"self":[{"href":"https:\/\/www.gardaseezeitung.it\/gardaseezeitung_new\/de\/wp-json\/wp\/v2\/posts\/9549"}],"collection":[{"href":"https:\/\/www.gardaseezeitung.it\/gardaseezeitung_new\/de\/wp-json\/wp\/v2\/posts"}],"about":[{"href":"https:\/\/www.gardaseezeitung.it\/gardaseezeitung_new\/de\/wp-json\/wp\/v2\/types\/post"}],"author":[{"embeddable":true,"href":"https:\/\/www.gardaseezeitung.it\/gardaseezeitung_new\/de\/wp-json\/wp\/v2\/users\/9"}],"replies":[{"embeddable":true,"href":"https:\/\/www.gardaseezeitung.it\/gardaseezeitung_new\/de\/wp-json\/wp\/v2\/comments?post=9549"}],"version-history":[{"count":1,"href":"https:\/\/www.gardaseezeitung.it\/gardaseezeitung_new\/de\/wp-json\/wp\/v2\/posts\/9549\/revisions"}],"predecessor-version":[{"id":9552,"href":"https:\/\/www.gardaseezeitung.it\/gardaseezeitung_new\/de\/wp-json\/wp\/v2\/posts\/9549\/revisions\/9552"}],"wp:featuredmedia":[{"embeddable":true,"href":"https:\/\/www.gardaseezeitung.it\/gardaseezeitung_new\/de\/wp-json\/wp\/v2\/media\/6413"}],"wp:attachment":[{"href":"https:\/\/www.gardaseezeitung.it\/gardaseezeitung_new\/de\/wp-json\/wp\/v2\/media?parent=9549"}],"wp:term":[{"taxonomy":"category","embeddable":true,"href":"https:\/\/www.gardaseezeitung.it\/gardaseezeitung_new\/de\/wp-json\/wp\/v2\/categories?post=9549"},{"taxonomy":"post_tag","embeddable":true,"href":"https:\/\/www.gardaseezeitung.it\/gardaseezeitung_new\/de\/wp-json\/wp\/v2\/tags?post=9549"},{"taxonomy":"news-destination","embeddable":true,"href":"https:\/\/www.gardaseezeitung.it\/gardaseezeitung_new\/de\/wp-json\/wp\/v2\/news-destination?post=9549"},{"taxonomy":"news-source","embeddable":true,"href":"https:\/\/www.gardaseezeitung.it\/gardaseezeitung_new\/de\/wp-json\/wp\/v2\/news-source?post=9549"},{"taxonomy":"is_homepage","embeddable":true,"href":"https:\/\/www.gardaseezeitung.it\/gardaseezeitung_new\/de\/wp-json\/wp\/v2\/is_homepage?post=9549"},{"taxonomy":"ta_other","embeddable":true,"href":"https:\/\/www.gardaseezeitung.it\/gardaseezeitung_new\/de\/wp-json\/wp\/v2\/ta_other?post=9549"}],"curies":[{"name":"wp","href":"https:\/\/api.w.org\/{rel}","templated":true}]}}