{"id":9568,"date":"2022-02-11T12:00:48","date_gmt":"2022-02-11T11:00:48","guid":{"rendered":"http:\/\/euwp08.newsmemory.com\/gardaseezeitung_new\/de\/2022\/02\/11\/lago-di-garda-love-friends-naechsten-samstag-tv-marathon-und-streaming\/"},"modified":"2022-02-11T12:00:58","modified_gmt":"2021-09-14T12:00:58","slug":"lago-di-garda-love-friends-naechsten-samstag-tv-marathon-und-streaming","status":"publish","type":"post","link":"https:\/\/www.gardaseezeitung.it\/2022\/02\/11\/lago-di-garda-love-friends-naechsten-samstag-tv-marathon-und-streaming\/","title":{"rendered":"Lago di Garda in Love &amp; Friends: n\u00e4chsten Samstag TV-Marathon und Streaming"},"content":{"rendered":"<p>&nbsp;<\/p>\n<p>Neun Gemeinden &#8211; Riva del Garda, Malcesine, Torri del Benaco, Bardolino, Lazise, Castelnuovo del Garda, Valeggio sul Mincio, Montagnana und Jesolo &#8211; erwecken ein gro\u00dfes multimediales Ereignis zur Feier des Valentinstags zum Leben: eine Reise der Liebe in Erwartung der neuen Tourismussaison.<\/p>\n<p>Die Perlen des Sees haben beschlossen, gemeinsam zu feiern und die romantischen Ecken, die ihr Gebiet auszeichnen, in einem Fernsehmarathon auf Telenuovo (Kanal 11 des digitalen terrestrischen Fernsehens in Venetien und Trentino-S\u00fcdtirol; auch auf den sozialen Kan\u00e4len) zu pr\u00e4sentieren: ein Live-Ereignis, das den Zuschauern Geschichten, Emotionen und Bilder des Sees bringt, die durch die Stimmen der Orte, an denen man den Gardasee in Love &amp; Friends feiert, enth\u00fcllt werden. Am Samstag, den 12. Februar, kann man von 15 bis 18 Uhr auf Telenuovo (oder per Streaming auf der Website von Telenuovo) ein Gebiet bewundern und h\u00f6ren, das sich bereits auf die n\u00e4chste Tourismussaison vorbereitet, um alle Besucher bestm\u00f6glich zu empfangen.<\/p>\n<p>&nbsp;<\/p>\n","protected":false},"excerpt":{"rendered":"<p>Am Samstag, den 12. Februar von 15 bis 18 Uhr online und live auf Telenuovo die Ausgabe 2022 von Lago di Garda in Love, das romantischste Event am See<\/p>\n","protected":false},"author":9,"featured_media":9567,"comment_status":"open","ping_status":"open","sticky":false,"template":"","format":"standard","meta":[],"categories":[2,4,5,6,3],"tags":[50,115,23,26,2283,2284,343,170,2285,221,32,2286,269],"news-destination":[],"news-source":[],"is_homepage":[],"ta_other":[],"featured_media_details":{"width":1200,"height":800,"file":"2022\/02\/garda-in-love.jpg","sizes":{"thumbnail":{"file":"garda-in-love-150x150.jpg","width":150,"height":150,"mime-type":"image\/jpeg","source_url":"https:\/\/www.gardaseezeitung.it\/gardaseezeitung_new\/de\/wp-content\/uploads\/sites\/2\/2022\/02\/garda-in-love-150x150.jpg"},"medium":{"file":"garda-in-love-300x200.jpg","width":300,"height":200,"mime-type":"image\/jpeg","source_url":"https:\/\/www.gardaseezeitung.it\/gardaseezeitung_new\/de\/wp-content\/uploads\/sites\/2\/2022\/02\/garda-in-love-300x200.jpg"},"medium_large":{"file":"garda-in-love-768x512.jpg","width":768,"height":512,"mime-type":"image\/jpeg","source_url":"https:\/\/www.gardaseezeitung.it\/gardaseezeitung_new\/de\/wp-content\/uploads\/sites\/2\/2022\/02\/garda-in-love-768x512.jpg"},"large":{"file":"garda-in-love-1024x683.jpg","width":1024,"height":683,"mime-type":"image\/jpeg","source_url":"https:\/\/www.gardaseezeitung.it\/gardaseezeitung_new\/de\/wp-content\/uploads\/sites\/2\/2022\/02\/garda-in-love-1024x683.jpg"},"big_image":{"file":"garda-in-love-750x500.jpg","width":750,"height":500,"mime-type":"image\/jpeg","source_url":"https:\/\/www.gardaseezeitung.it\/gardaseezeitung_new\/de\/wp-content\/uploads\/sites\/2\/2022\/02\/garda-in-love-750x500.jpg"},"guest-author-32":{"file":"garda-in-love-32x32.jpg","width":32,"height":32,"mime-type":"image\/jpeg","source_url":"https:\/\/www.gardaseezeitung.it\/gardaseezeitung_new\/de\/wp-content\/uploads\/sites\/2\/2022\/02\/garda-in-love-32x32.jpg"},"guest-author-50":{"file":"garda-in-love-50x50.jpg","width":50,"height":50,"mime-type":"image\/jpeg","source_url":"https:\/\/www.gardaseezeitung.it\/gardaseezeitung_new\/de\/wp-content\/uploads\/sites\/2\/2022\/02\/garda-in-love-50x50.jpg"},"guest-author-64":{"file":"garda-in-love-64x64.jpg","width":64,"height":64,"mime-type":"image\/jpeg","source_url":"https:\/\/www.gardaseezeitung.it\/gardaseezeitung_new\/de\/wp-content\/uploads\/sites\/2\/2022\/02\/garda-in-love-64x64.jpg"},"guest-author-96":{"file":"garda-in-love-96x96.jpg","width":96,"height":96,"mime-type":"image\/jpeg","source_url":"https:\/\/www.gardaseezeitung.it\/gardaseezeitung_new\/de\/wp-content\/uploads\/sites\/2\/2022\/02\/garda-in-love-96x96.jpg"},"guest-author-128":{"file":"garda-in-love-128x128.jpg","width":128,"height":128,"mime-type":"image\/jpeg","source_url":"https:\/\/www.gardaseezeitung.it\/gardaseezeitung_new\/de\/wp-content\/uploads\/sites\/2\/2022\/02\/garda-in-love-128x128.jpg"},"full":{"file":"garda-in-love.jpg","width":1200,"height":800,"mime_type":"","source_url":"https:\/\/www.gardaseezeitung.it\/gardaseezeitung_new\/de\/wp-content\/uploads\/sites\/2\/2022\/02\/garda-in-love.jpg"}},"image_meta":{"aperture":"0","credit":"","camera":"","caption":"","created_timestamp":"0","copyright":"","focal_length":"0","iso":"0","shutter_speed":"0","title":"","orientation":"0","keywords":[]}},"_links":{"self":[{"href":"https:\/\/www.gardaseezeitung.it\/gardaseezeitung_new\/de\/wp-json\/wp\/v2\/posts\/9568"}],"collection":[{"href":"https:\/\/www.gardaseezeitung.it\/gardaseezeitung_new\/de\/wp-json\/wp\/v2\/posts"}],"about":[{"href":"https:\/\/www.gardaseezeitung.it\/gardaseezeitung_new\/de\/wp-json\/wp\/v2\/types\/post"}],"author":[{"embeddable":true,"href":"https:\/\/www.gardaseezeitung.it\/gardaseezeitung_new\/de\/wp-json\/wp\/v2\/users\/9"}],"replies":[{"embeddable":true,"href":"https:\/\/www.gardaseezeitung.it\/gardaseezeitung_new\/de\/wp-json\/wp\/v2\/comments?post=9568"}],"version-history":[{"count":1,"href":"https:\/\/www.gardaseezeitung.it\/gardaseezeitung_new\/de\/wp-json\/wp\/v2\/posts\/9568\/revisions"}],"predecessor-version":[{"id":9570,"href":"https:\/\/www.gardaseezeitung.it\/gardaseezeitung_new\/de\/wp-json\/wp\/v2\/posts\/9568\/revisions\/9570"}],"wp:featuredmedia":[{"embeddable":true,"href":"https:\/\/www.gardaseezeitung.it\/gardaseezeitung_new\/de\/wp-json\/wp\/v2\/media\/9567"}],"wp:attachment":[{"href":"https:\/\/www.gardaseezeitung.it\/gardaseezeitung_new\/de\/wp-json\/wp\/v2\/media?parent=9568"}],"wp:term":[{"taxonomy":"category","embeddable":true,"href":"https:\/\/www.gardaseezeitung.it\/gardaseezeitung_new\/de\/wp-json\/wp\/v2\/categories?post=9568"},{"taxonomy":"post_tag","embeddable":true,"href":"https:\/\/www.gardaseezeitung.it\/gardaseezeitung_new\/de\/wp-json\/wp\/v2\/tags?post=9568"},{"taxonomy":"news-destination","embeddable":true,"href":"https:\/\/www.gardaseezeitung.it\/gardaseezeitung_new\/de\/wp-json\/wp\/v2\/news-destination?post=9568"},{"taxonomy":"news-source","embeddable":true,"href":"https:\/\/www.gardaseezeitung.it\/gardaseezeitung_new\/de\/wp-json\/wp\/v2\/news-source?post=9568"},{"taxonomy":"is_homepage","embeddable":true,"href":"https:\/\/www.gardaseezeitung.it\/gardaseezeitung_new\/de\/wp-json\/wp\/v2\/is_homepage?post=9568"},{"taxonomy":"ta_other","embeddable":true,"href":"https:\/\/www.gardaseezeitung.it\/gardaseezeitung_new\/de\/wp-json\/wp\/v2\/ta_other?post=9568"}],"curies":[{"name":"wp","href":"https:\/\/api.w.org\/{rel}","templated":true}]}}