{"id":9592,"date":"2022-02-12T20:11:40","date_gmt":"2022-02-12T19:11:40","guid":{"rendered":"http:\/\/euwp08.newsmemory.com\/gardaseezeitung_new\/de\/2022\/02\/12\/die-neue-einsatzzentrale-der-feuerwehr-von-riva-del-garda-ist-aktiv\/"},"modified":"2022-02-12T20:12:01","modified_gmt":"2021-09-15T20:12:01","slug":"die-neue-einsatzzentrale-der-feuerwehr-von-riva-del-garda-ist-aktiv","status":"publish","type":"post","link":"https:\/\/www.gardaseezeitung.it\/2022\/02\/12\/die-neue-einsatzzentrale-der-feuerwehr-von-riva-del-garda-ist-aktiv\/","title":{"rendered":"Die neue Einsatzzentrale der Feuerwehr von Riva del Garda ist aktiv"},"content":{"rendered":"<p>&nbsp;<\/p>\n<p>Die Neukonfiguration des Raums wurde notwendig, um die zahlreichen Einsatzanfragen effizienter bew\u00e4ltigen zu k\u00f6nnen, denn in einem effizienten Rettungssystem ist die Kommunikation von gr\u00f6\u00dfter Bedeutung f\u00fcr die Verwaltung der in dem Gebiet eingesetzten Ressourcen und die gezielte Koordinierung der Hilfe. Insbesondere ist es jetzt im Sommer charakteristisch, dass in kurzer Zeit Hunderte von Hilfeersuchen wegen widriger Witterungsverh\u00e4ltnisse eingehen. Am 13. Juli beispielsweise gingen innerhalb von drei Stunden \u00fcber 100 Anrufe ein, die zuvor nur von drei Mitarbeitern bearbeitet werden konnten. Ab heute wird sich dies \u00e4ndern: Mit der neuen Konfiguration k\u00f6nnen bis zu f\u00fcnf Feuerwehrleute in der Einsatzzentrale anwesend sein.<\/p>\n<p>&nbsp;<\/p>\n","protected":false},"excerpt":{"rendered":"<p>Garda safer: Nach 30 Jahren wurde die Einsatzzentrale, die in den letzten Jahren immer mehr Anrufe erh\u00e4lt, renoviert <\/p>\n","protected":false},"author":9,"featured_media":9591,"comment_status":"open","ping_status":"open","sticky":false,"template":"","format":"standard","meta":[],"categories":[2,6,3],"tags":[698,23,26,221,2315],"news-destination":[],"news-source":[],"is_homepage":[],"ta_other":[],"featured_media_details":{"width":1200,"height":800,"file":"2022\/02\/Centralino-Vigili-del-Fuoco-di-Riva.jpg","sizes":{"thumbnail":{"file":"Centralino-Vigili-del-Fuoco-di-Riva-150x150.jpg","width":150,"height":150,"mime-type":"image\/jpeg","source_url":"https:\/\/www.gardaseezeitung.it\/gardaseezeitung_new\/de\/wp-content\/uploads\/sites\/2\/2022\/02\/Centralino-Vigili-del-Fuoco-di-Riva-150x150.jpg"},"medium":{"file":"Centralino-Vigili-del-Fuoco-di-Riva-300x200.jpg","width":300,"height":200,"mime-type":"image\/jpeg","source_url":"https:\/\/www.gardaseezeitung.it\/gardaseezeitung_new\/de\/wp-content\/uploads\/sites\/2\/2022\/02\/Centralino-Vigili-del-Fuoco-di-Riva-300x200.jpg"},"medium_large":{"file":"Centralino-Vigili-del-Fuoco-di-Riva-768x512.jpg","width":768,"height":512,"mime-type":"image\/jpeg","source_url":"https:\/\/www.gardaseezeitung.it\/gardaseezeitung_new\/de\/wp-content\/uploads\/sites\/2\/2022\/02\/Centralino-Vigili-del-Fuoco-di-Riva-768x512.jpg"},"large":{"file":"Centralino-Vigili-del-Fuoco-di-Riva-1024x683.jpg","width":1024,"height":683,"mime-type":"image\/jpeg","source_url":"https:\/\/www.gardaseezeitung.it\/gardaseezeitung_new\/de\/wp-content\/uploads\/sites\/2\/2022\/02\/Centralino-Vigili-del-Fuoco-di-Riva-1024x683.jpg"},"big_image":{"file":"Centralino-Vigili-del-Fuoco-di-Riva-750x500.jpg","width":750,"height":500,"mime-type":"image\/jpeg","source_url":"https:\/\/www.gardaseezeitung.it\/gardaseezeitung_new\/de\/wp-content\/uploads\/sites\/2\/2022\/02\/Centralino-Vigili-del-Fuoco-di-Riva-750x500.jpg"},"guest-author-32":{"file":"Centralino-Vigili-del-Fuoco-di-Riva-32x32.jpg","width":32,"height":32,"mime-type":"image\/jpeg","source_url":"https:\/\/www.gardaseezeitung.it\/gardaseezeitung_new\/de\/wp-content\/uploads\/sites\/2\/2022\/02\/Centralino-Vigili-del-Fuoco-di-Riva-32x32.jpg"},"guest-author-50":{"file":"Centralino-Vigili-del-Fuoco-di-Riva-50x50.jpg","width":50,"height":50,"mime-type":"image\/jpeg","source_url":"https:\/\/www.gardaseezeitung.it\/gardaseezeitung_new\/de\/wp-content\/uploads\/sites\/2\/2022\/02\/Centralino-Vigili-del-Fuoco-di-Riva-50x50.jpg"},"guest-author-64":{"file":"Centralino-Vigili-del-Fuoco-di-Riva-64x64.jpg","width":64,"height":64,"mime-type":"image\/jpeg","source_url":"https:\/\/www.gardaseezeitung.it\/gardaseezeitung_new\/de\/wp-content\/uploads\/sites\/2\/2022\/02\/Centralino-Vigili-del-Fuoco-di-Riva-64x64.jpg"},"guest-author-96":{"file":"Centralino-Vigili-del-Fuoco-di-Riva-96x96.jpg","width":96,"height":96,"mime-type":"image\/jpeg","source_url":"https:\/\/www.gardaseezeitung.it\/gardaseezeitung_new\/de\/wp-content\/uploads\/sites\/2\/2022\/02\/Centralino-Vigili-del-Fuoco-di-Riva-96x96.jpg"},"guest-author-128":{"file":"Centralino-Vigili-del-Fuoco-di-Riva-128x128.jpg","width":128,"height":128,"mime-type":"image\/jpeg","source_url":"https:\/\/www.gardaseezeitung.it\/gardaseezeitung_new\/de\/wp-content\/uploads\/sites\/2\/2022\/02\/Centralino-Vigili-del-Fuoco-di-Riva-128x128.jpg"},"full":{"file":"Centralino-Vigili-del-Fuoco-di-Riva.jpg","width":1200,"height":800,"mime_type":"","source_url":"https:\/\/www.gardaseezeitung.it\/gardaseezeitung_new\/de\/wp-content\/uploads\/sites\/2\/2022\/02\/Centralino-Vigili-del-Fuoco-di-Riva.jpg"}},"image_meta":{"aperture":"0","credit":"","camera":"","caption":"","created_timestamp":"0","copyright":"","focal_length":"0","iso":"0","shutter_speed":"0","title":"","orientation":"0","keywords":[]}},"_links":{"self":[{"href":"https:\/\/www.gardaseezeitung.it\/gardaseezeitung_new\/de\/wp-json\/wp\/v2\/posts\/9592"}],"collection":[{"href":"https:\/\/www.gardaseezeitung.it\/gardaseezeitung_new\/de\/wp-json\/wp\/v2\/posts"}],"about":[{"href":"https:\/\/www.gardaseezeitung.it\/gardaseezeitung_new\/de\/wp-json\/wp\/v2\/types\/post"}],"author":[{"embeddable":true,"href":"https:\/\/www.gardaseezeitung.it\/gardaseezeitung_new\/de\/wp-json\/wp\/v2\/users\/9"}],"replies":[{"embeddable":true,"href":"https:\/\/www.gardaseezeitung.it\/gardaseezeitung_new\/de\/wp-json\/wp\/v2\/comments?post=9592"}],"version-history":[{"count":1,"href":"https:\/\/www.gardaseezeitung.it\/gardaseezeitung_new\/de\/wp-json\/wp\/v2\/posts\/9592\/revisions"}],"predecessor-version":[{"id":9593,"href":"https:\/\/www.gardaseezeitung.it\/gardaseezeitung_new\/de\/wp-json\/wp\/v2\/posts\/9592\/revisions\/9593"}],"wp:featuredmedia":[{"embeddable":true,"href":"https:\/\/www.gardaseezeitung.it\/gardaseezeitung_new\/de\/wp-json\/wp\/v2\/media\/9591"}],"wp:attachment":[{"href":"https:\/\/www.gardaseezeitung.it\/gardaseezeitung_new\/de\/wp-json\/wp\/v2\/media?parent=9592"}],"wp:term":[{"taxonomy":"category","embeddable":true,"href":"https:\/\/www.gardaseezeitung.it\/gardaseezeitung_new\/de\/wp-json\/wp\/v2\/categories?post=9592"},{"taxonomy":"post_tag","embeddable":true,"href":"https:\/\/www.gardaseezeitung.it\/gardaseezeitung_new\/de\/wp-json\/wp\/v2\/tags?post=9592"},{"taxonomy":"news-destination","embeddable":true,"href":"https:\/\/www.gardaseezeitung.it\/gardaseezeitung_new\/de\/wp-json\/wp\/v2\/news-destination?post=9592"},{"taxonomy":"news-source","embeddable":true,"href":"https:\/\/www.gardaseezeitung.it\/gardaseezeitung_new\/de\/wp-json\/wp\/v2\/news-source?post=9592"},{"taxonomy":"is_homepage","embeddable":true,"href":"https:\/\/www.gardaseezeitung.it\/gardaseezeitung_new\/de\/wp-json\/wp\/v2\/is_homepage?post=9592"},{"taxonomy":"ta_other","embeddable":true,"href":"https:\/\/www.gardaseezeitung.it\/gardaseezeitung_new\/de\/wp-json\/wp\/v2\/ta_other?post=9592"}],"curies":[{"name":"wp","href":"https:\/\/api.w.org\/{rel}","templated":true}]}}