{"id":9605,"date":"2022-02-18T11:38:12","date_gmt":"2022-02-18T10:38:12","guid":{"rendered":"http:\/\/euwp08.newsmemory.com\/gardaseezeitung_new\/de\/2022\/02\/18\/quellenhof-see-lodge-luxury-spa-hideway\/"},"modified":"2022-02-18T11:38:18","modified_gmt":"2021-09-21T11:38:18","slug":"quellenhof-see-lodge-luxury-spa-hideway","status":"publish","type":"post","link":"https:\/\/www.gardaseezeitung.it\/2022\/02\/18\/quellenhof-see-lodge-luxury-spa-hideway\/","title":{"rendered":"Quellenhof See Lodge \u2013 your luxury spa hideway"},"content":{"rendered":"<p>&nbsp;<\/p>\n<p>Ihr leicht maledivisch inspiriertes Design mit seinen modernen Linien und edlen Materialien wie Stein, dunklem Holz und Glas f\u00fcgt sich harmonisch in die alpine Kulisse ein, die sich im Wasser des Badesees widerspiegelt. Die Quellenhof See Lodge ist ein adults only Luxusresort, in dem G\u00e4ste ab 14 Jahren vom ersten Moment an von einer Atmosph\u00e4re purer Entspannung umgeben sind. Wellness, Entspannung, Regeneration: drei Worte, die die Mission der neuen See Lodge umfassen. Diese Mission wird auch dank des aufmerksamen und herzlichen Quellenhof-Services und mit einem Team, das seit vielen Jahren mit Engagement zusammenarbeitet, erreicht. Mit nur 26 Wohneinheiten ist die Quellenhof See Lodge eines der kleinsten 5-Sterne-Hotels in S\u00fcdtirol. Die Auswahl reicht von schicken Suiten \u00fcber solche mit direktem Zugang zum Badesee bis hin zum echten Highlight des Resorts: den mitten im See gelegenen Villen. Diese ein- oder zweist\u00f6ckigen Villen zeichnen sich auch durch ein weiteres Highlight aus: eine gro\u00dfe Wellness-Terrasse mit privatem Pool mit Whirlpool-Funktion, einer finnischen Sauna, Relax-Liegen und einer \u00fcber dem Wasser schwebenden H\u00e4ngematte. Alles gesch\u00fctzt durch einen gro\u00dfen Sichtschutz, um den edlen Wellnessurlaub in maximaler Privatsph\u00e4re zu genie\u00dfen. Um beim Thema Wellness zu bleiben: \u201eBack to Nature\u201c ist das Motto des BalanceSPA, ein Ort, an dem man eine tiefe Verbundenheit mit Mutter Natur erleben und das Gleichgewicht und die Harmonie mit sich selbst und der Au\u00dfenwelt finden kann. Angefangen bei den Ruher\u00e4umen: R\u00e4ume, in denen edle Materialien, sanfte Farben und botanische Elemente zur Ruhe und Kontemplation einladen. In den f\u00fcnf BalanceSPA Behandlungsr\u00e4umen \u2013 vier Behandlungsr\u00e4ume und eine Privat Spa Suite f\u00fcr Momente der Entspannung zu zweit \u2013 k\u00fcmmert sich ein erfahrenes Team mit fachm\u00e4nnischen Techniken und hochwertigen Produkten um das Wohlbefinden und die Sch\u00f6nheit. All dies macht das Spa-Erlebnis der See Lodge zu einer wahren Hymne an absolute Entspannung, Wohlbefinden und Harmonie.Momente der k\u00f6rperlichen und seelischen Entspannung erwarten den Gast auch in der BalanceSAUNA, der kleinen aber edlen Saunawelt. Auch hier ist ein unverwechselbares Element des Quellenhof-Erlebnisses zu finden: eine finnische Event-Sauna f\u00fcr ca. 35 Personen mit thematischen Dampfstrahlen, dazu ein wohltuendes Dampfbad und ein Biosanarium mit Liegen in Liege- oder Sitzposition. Abgerundet wird das Erlebnis im Au\u00dfenbereich, wo es ein Kalttauchbecken und einen Garten mit Ruheecken und Seeblick gibt. Der 4.500 Quadratmeter gro\u00dfe See ist von fast \u00fcberall in der Quellenhof See Lodge bequem zu erreichen. Sein klares Wasser, zwischen 50 cm und 1,25 m tief, l\u00e4dt zu einem erfrischenden Bad ein. Mit einem Durchmesser von 105 m ist es der gr\u00f6\u00dfte (!) Pool S\u00fcdtirols. F\u00fcr diejenigen, die gerne schwimmen, gibt es im Spa-Bereich auch ein Hallenbad, das mit dem ganzj\u00e4hrig beheizten 25-Meter-Au\u00dfenbecken verbunden ist. Innere Harmonie entsteht aus der richtigen Balance zwischen Aktivit\u00e4t und Ruhe, Anspannung und Entspannung. Und so bietet man im See Lodge als Ausgleich zum BalanceSPA den BalanceSPORT mit einem reichhaltigen Angebot an sportlichen Aktivit\u00e4ten. Der Fitnessraum ist mit den besten Cardio- und Kraftger\u00e4ten ausgestattet, darunter Bikes, Treadmills, Hantelbank und kinetische Trainingsger\u00e4te. Ein Personal Trainer steht zur Verf\u00fcgung, um die G\u00e4ste w\u00e4hrend Ihres Trainings professionell zu begleiten. Auf dem Dach der See Lodge befindet sich zudem ein gro\u00dfer Garten mit einladenden Ruheecken und einem Fitnessbereich im Freien. Schlie\u00dflich bietet das reichhaltige BalanceSPORT-Wochenprogramm die M\u00f6glichkeit, im sch\u00f6nsten Fitnessstudio der Welt zu trainieren: der Natur. Wie Sport und Entspannung ist auch der kulinarische Genuss eine grundlegende Zutat f\u00fcr das innere Gleichgewicht. Die BalanceCUISINE unter der Leitung von K\u00fcchenchef Michael Mayr bietet gesunde und regionale Gerichte modern und innovativ interpretiert, die dem Wellnesserlebnis eine unverwechselbare Note verleihen. Neben dem klassischen Restaurant mit Panoramablick auf den See bietet die See Lodge auch ein exklusives \u201eUnterwasser\u201c-Restaurant, in dem t\u00e4glich frische Fischspezialit\u00e4ten serviert werden. Auch in der See Lodge teilt Matteo Lattanzi, Ma\u00eetre und Sommelier des Quellenhof Hotels, seine Leidenschaft f\u00fcr edle Tropfen mit den G\u00e4sten und k\u00fcmmert sich pers\u00f6nlich um die Auswahl des kleinen Weinkellers. Eine Verkostung von Weinen und regionalen Produkten ist die perfekte Art, den Tag stilvoll ausklingen zu lassen.<\/p>\n<p>Quellenhof-See Lodge<br \/>\nVia Passiria 47<br \/>\n39010 St. Martin in Passeier (BZ) &#8211; S\u00fcdtirol, Italien<br \/>\nwww.quellenhof-seelodge.it<br \/>\ninfo@quellenhof-seelodge.it<br \/>\nTel. +39 0473 530007<\/p>\n<p><img alt=\"Quellenhof See Lodge \u2013 your luxury spa hideway\" title=\"Quellenhof See Lodge \u2013 your luxury spa hideway\" loading=\"lazy\" class=\"size-large wp-image-9932\" src=\"https:\/\/euwp05.newsmemory.com\/gardaseezeitung_new\/de\/wp-content\/uploads\/sites\/2\/2022\/02\/wNacht-V2-ohne-Logo-1024x428.jpg\" alt=\"\" width=\"640\" height=\"268\" \/> <img title=\"Quellenhof See Lodge \u2013 your luxury spa hideway\" loading=\"lazy\" class=\"size-large wp-image-9933\" src=\"https:\/\/euwp05.newsmemory.com\/gardaseezeitung_new\/de\/wp-content\/uploads\/sites\/2\/2022\/02\/wTerrasse_Feuer-1024x436.jpg\" alt=\"Quellenhof see Lodge\" width=\"640\" height=\"273\" \/><\/p>\n","protected":false},"excerpt":{"rendered":"<p>Wundersch\u00f6n eingebettet in das Gr\u00fcn des Passeiertals ist die neue Quellenhof See Lodge eine Oase des Wohlbefindens und der Harmonie<\/p>\n","protected":false},"author":9,"featured_media":9604,"comment_status":"open","ping_status":"open","sticky":false,"template":"","format":"standard","meta":[],"categories":[1],"tags":[23,26,2324,2325,2326,2327],"news-destination":[],"news-source":[],"is_homepage":[],"ta_other":[],"featured_media_details":{"width":1024,"height":428,"file":"2022\/02\/wSeechalet-zweist\u00f6ckig-Seite-HPL-ohne-Logo.jpg","sizes":{"thumbnail":{"file":"wSeechalet-zweist\u00f6ckig-Seite-HPL-ohne-Logo-150x150.jpg","width":150,"height":150,"mime-type":"image\/jpeg","source_url":"https:\/\/www.gardaseezeitung.it\/gardaseezeitung_new\/de\/wp-content\/uploads\/sites\/2\/2022\/02\/wSeechalet-zweist\u00f6ckig-Seite-HPL-ohne-Logo-150x150.jpg"},"medium":{"file":"wSeechalet-zweist\u00f6ckig-Seite-HPL-ohne-Logo-300x125.jpg","width":300,"height":125,"mime-type":"image\/jpeg","source_url":"https:\/\/www.gardaseezeitung.it\/gardaseezeitung_new\/de\/wp-content\/uploads\/sites\/2\/2022\/02\/wSeechalet-zweist\u00f6ckig-Seite-HPL-ohne-Logo-300x125.jpg"},"medium_large":{"file":"wSeechalet-zweist\u00f6ckig-Seite-HPL-ohne-Logo-768x321.jpg","width":768,"height":321,"mime-type":"image\/jpeg","source_url":"https:\/\/www.gardaseezeitung.it\/gardaseezeitung_new\/de\/wp-content\/uploads\/sites\/2\/2022\/02\/wSeechalet-zweist\u00f6ckig-Seite-HPL-ohne-Logo-768x321.jpg"},"large":{"file":"wSeechalet-zweist\u00f6ckig-Seite-HPL-ohne-Logo-1024x428.jpg","width":1024,"height":428,"mime-type":"image\/jpeg","source_url":"https:\/\/www.gardaseezeitung.it\/gardaseezeitung_new\/de\/wp-content\/uploads\/sites\/2\/2022\/02\/wSeechalet-zweist\u00f6ckig-Seite-HPL-ohne-Logo-1024x428.jpg"},"big_image":{"file":"wSeechalet-zweist\u00f6ckig-Seite-HPL-ohne-Logo-750x313.jpg","width":750,"height":313,"mime-type":"image\/jpeg","source_url":"https:\/\/www.gardaseezeitung.it\/gardaseezeitung_new\/de\/wp-content\/uploads\/sites\/2\/2022\/02\/wSeechalet-zweist\u00f6ckig-Seite-HPL-ohne-Logo-750x313.jpg"},"guest-author-32":{"file":"wSeechalet-zweist\u00f6ckig-Seite-HPL-ohne-Logo-32x32.jpg","width":32,"height":32,"mime-type":"image\/jpeg","source_url":"https:\/\/www.gardaseezeitung.it\/gardaseezeitung_new\/de\/wp-content\/uploads\/sites\/2\/2022\/02\/wSeechalet-zweist\u00f6ckig-Seite-HPL-ohne-Logo-32x32.jpg"},"guest-author-50":{"file":"wSeechalet-zweist\u00f6ckig-Seite-HPL-ohne-Logo-50x50.jpg","width":50,"height":50,"mime-type":"image\/jpeg","source_url":"https:\/\/www.gardaseezeitung.it\/gardaseezeitung_new\/de\/wp-content\/uploads\/sites\/2\/2022\/02\/wSeechalet-zweist\u00f6ckig-Seite-HPL-ohne-Logo-50x50.jpg"},"guest-author-64":{"file":"wSeechalet-zweist\u00f6ckig-Seite-HPL-ohne-Logo-64x64.jpg","width":64,"height":64,"mime-type":"image\/jpeg","source_url":"https:\/\/www.gardaseezeitung.it\/gardaseezeitung_new\/de\/wp-content\/uploads\/sites\/2\/2022\/02\/wSeechalet-zweist\u00f6ckig-Seite-HPL-ohne-Logo-64x64.jpg"},"guest-author-96":{"file":"wSeechalet-zweist\u00f6ckig-Seite-HPL-ohne-Logo-96x96.jpg","width":96,"height":96,"mime-type":"image\/jpeg","source_url":"https:\/\/www.gardaseezeitung.it\/gardaseezeitung_new\/de\/wp-content\/uploads\/sites\/2\/2022\/02\/wSeechalet-zweist\u00f6ckig-Seite-HPL-ohne-Logo-96x96.jpg"},"guest-author-128":{"file":"wSeechalet-zweist\u00f6ckig-Seite-HPL-ohne-Logo-128x128.jpg","width":128,"height":128,"mime-type":"image\/jpeg","source_url":"https:\/\/www.gardaseezeitung.it\/gardaseezeitung_new\/de\/wp-content\/uploads\/sites\/2\/2022\/02\/wSeechalet-zweist\u00f6ckig-Seite-HPL-ohne-Logo-128x128.jpg"},"full":{"file":"wSeechalet-zweist\u00f6ckig-Seite-HPL-ohne-Logo.jpg","width":1024,"height":428,"mime_type":"","source_url":"https:\/\/www.gardaseezeitung.it\/gardaseezeitung_new\/de\/wp-content\/uploads\/sites\/2\/2022\/02\/wSeechalet-zweist\u00f6ckig-Seite-HPL-ohne-Logo.jpg"}},"image_meta":{"aperture":"0","credit":"","camera":"","caption":"","created_timestamp":"0","copyright":"","focal_length":"0","iso":"0","shutter_speed":"0","title":"","orientation":"1","keywords":[]}},"_links":{"self":[{"href":"https:\/\/www.gardaseezeitung.it\/gardaseezeitung_new\/de\/wp-json\/wp\/v2\/posts\/9605"}],"collection":[{"href":"https:\/\/www.gardaseezeitung.it\/gardaseezeitung_new\/de\/wp-json\/wp\/v2\/posts"}],"about":[{"href":"https:\/\/www.gardaseezeitung.it\/gardaseezeitung_new\/de\/wp-json\/wp\/v2\/types\/post"}],"author":[{"embeddable":true,"href":"https:\/\/www.gardaseezeitung.it\/gardaseezeitung_new\/de\/wp-json\/wp\/v2\/users\/9"}],"replies":[{"embeddable":true,"href":"https:\/\/www.gardaseezeitung.it\/gardaseezeitung_new\/de\/wp-json\/wp\/v2\/comments?post=9605"}],"version-history":[{"count":2,"href":"https:\/\/www.gardaseezeitung.it\/gardaseezeitung_new\/de\/wp-json\/wp\/v2\/posts\/9605\/revisions"}],"predecessor-version":[{"id":17177,"href":"https:\/\/www.gardaseezeitung.it\/gardaseezeitung_new\/de\/wp-json\/wp\/v2\/posts\/9605\/revisions\/17177"}],"wp:featuredmedia":[{"embeddable":true,"href":"https:\/\/www.gardaseezeitung.it\/gardaseezeitung_new\/de\/wp-json\/wp\/v2\/media\/9604"}],"wp:attachment":[{"href":"https:\/\/www.gardaseezeitung.it\/gardaseezeitung_new\/de\/wp-json\/wp\/v2\/media?parent=9605"}],"wp:term":[{"taxonomy":"category","embeddable":true,"href":"https:\/\/www.gardaseezeitung.it\/gardaseezeitung_new\/de\/wp-json\/wp\/v2\/categories?post=9605"},{"taxonomy":"post_tag","embeddable":true,"href":"https:\/\/www.gardaseezeitung.it\/gardaseezeitung_new\/de\/wp-json\/wp\/v2\/tags?post=9605"},{"taxonomy":"news-destination","embeddable":true,"href":"https:\/\/www.gardaseezeitung.it\/gardaseezeitung_new\/de\/wp-json\/wp\/v2\/news-destination?post=9605"},{"taxonomy":"news-source","embeddable":true,"href":"https:\/\/www.gardaseezeitung.it\/gardaseezeitung_new\/de\/wp-json\/wp\/v2\/news-source?post=9605"},{"taxonomy":"is_homepage","embeddable":true,"href":"https:\/\/www.gardaseezeitung.it\/gardaseezeitung_new\/de\/wp-json\/wp\/v2\/is_homepage?post=9605"},{"taxonomy":"ta_other","embeddable":true,"href":"https:\/\/www.gardaseezeitung.it\/gardaseezeitung_new\/de\/wp-json\/wp\/v2\/ta_other?post=9605"}],"curies":[{"name":"wp","href":"https:\/\/api.w.org\/{rel}","templated":true}]}}