{"id":9616,"date":"2022-02-21T11:11:21","date_gmt":"2022-02-21T10:11:21","guid":{"rendered":"http:\/\/euwp08.newsmemory.com\/gardaseezeitung_new\/de\/2022\/02\/21\/caprino-veronese-wiedereroeffnung-des-fremdenverkehrsbueros-iat-im-palazzo-carlotti\/"},"modified":"2022-02-21T11:19:39","modified_gmt":"2021-09-24T11:19:39","slug":"caprino-veronese-wiedereroeffnung-des-fremdenverkehrsbueros-iat-im-palazzo-carlotti","status":"publish","type":"post","link":"https:\/\/www.gardaseezeitung.it\/2022\/02\/21\/caprino-veronese-wiedereroeffnung-des-fremdenverkehrsbueros-iat-im-palazzo-carlotti\/","title":{"rendered":"Caprino Veronese: Wiederer\u00f6ffnung des Fremdenverkehrsb\u00fcros (IAT) im Palazzo Carlotti"},"content":{"rendered":"<p>&nbsp;<\/p>\n<p>Caprino Veronese setzt alles daran, das Gebiet Baldo und Valdadige, zu dem auch Brentino Belluno, Ferrara di Monte Baldo und Rivoli geh\u00f6ren, zu f\u00f6rdern und aufzuwerten, indem es Freizeit- und Erholungsm\u00f6glichkeiten in Verbindung mit Sport, Kultur, Traditionen, Kunst, Gastronomie und Wein bietet. Das Fremdenverkehrsb\u00fcro (Iat) Caprino &#8222;Baldo Valdadige&#8220; wurde am 2. Februar auf der Piazza Roma wiederer\u00f6ffnet, in der Barchessa des Palazzo Carlotti, nur einen Steinwurf vom Stadtmuseum entfernt, in dem auch die Skulpturengruppe &#8222;Klage \u00fcber den toten Christus&#8220; aus dem 14. Das Iat ist donnerstags und freitags von 10 bis 13 Uhr sowie samstags und sonntags von 9.30 bis 13 Uhr und von 15 bis 17 Uhr ge\u00f6ffnet. Es gelten die gleichen \u00d6ffnungszeiten wie f\u00fcr das Stadtmuseum, so dass sich die Besucher informieren und auch diese Skulpturengruppe besichtigen k\u00f6nnen. Der Iat hat die Aufgabe, G\u00e4ste und Touristen zu empfangen und ihnen die M\u00f6glichkeit zu geben, F\u00fchrungen durch dieses Kunstwerk zu buchen, das sich zu einer starken touristischen Attraktion entwickelt. Sie wird die Besonderheiten, Produkte und Dienstleistungen der vier Gemeinden, aber auch die Angebote anderer nahe gelegener Reiseziele wie Valpolicella und Gardasee bekannt machen. Caprino, Ferrara di Monte Baldo, Brentino und Rivoli, die sich zu einem einzigen Reiseziel zusammenschlie\u00dfen, bieten unz\u00e4hlige M\u00f6glichkeiten f\u00fcr Sport- und Freizeitaktivit\u00e4ten wie Wandern, Klettern, Rafting auf der Etsch, Canyoning im Vajo dell&#8217;Orsa, Nordic-Walking und E-Bike-Routen, Drachenfliegen und Paragliding sowie Stopps, um Weine und einzigartige Produkte zu probieren. N\u00e4here Informationen und umfangreiches Informationsmaterial sind in der Touristeninformation erh\u00e4ltlich. Der Spiazzi-Infopoint, der mit dem Infopoint auf der Piazza Roma verbunden ist, wird ebenfalls in K\u00fcrze er\u00f6ffnet. Es wird im Zentrum unseres Bergtourismusortes liegen, einem Ziel f\u00fcr Tausende von Pilgern auf dem Weg zur Wallfahrtskirche Madonna della Corona, einem Kreuzweg zwischen Gipfeln und Felsen. Informationen erhalten Sie unter 045.6209955.<\/p>\n<p>&nbsp;<\/p>\n","protected":false},"excerpt":{"rendered":"<p>Es ist nur einen Katzensprung vom Stadtmuseum entfernt, in dem der &#8222;Compianto del Cristo morto&#8220; aufbewahrt wird<\/p>\n","protected":false},"author":9,"featured_media":9615,"comment_status":"open","ping_status":"open","sticky":false,"template":"","format":"standard","meta":[],"categories":[2,4,6],"tags":[259,834,1876,2333,615,23,26,2334,2335,35,2336,2337,2338,422,2232,642,84,721],"news-destination":[],"news-source":[],"is_homepage":[],"ta_other":[],"featured_media_details":{"width":1200,"height":761,"file":"2022\/02\/compianto-cristo-morto.jpg","sizes":{"thumbnail":{"file":"compianto-cristo-morto-150x150.jpg","width":150,"height":150,"mime-type":"image\/jpeg","source_url":"https:\/\/www.gardaseezeitung.it\/gardaseezeitung_new\/de\/wp-content\/uploads\/sites\/2\/2022\/02\/compianto-cristo-morto-150x150.jpg"},"medium":{"file":"compianto-cristo-morto-300x190.jpg","width":300,"height":190,"mime-type":"image\/jpeg","source_url":"https:\/\/www.gardaseezeitung.it\/gardaseezeitung_new\/de\/wp-content\/uploads\/sites\/2\/2022\/02\/compianto-cristo-morto-300x190.jpg"},"medium_large":{"file":"compianto-cristo-morto-768x487.jpg","width":768,"height":487,"mime-type":"image\/jpeg","source_url":"https:\/\/www.gardaseezeitung.it\/gardaseezeitung_new\/de\/wp-content\/uploads\/sites\/2\/2022\/02\/compianto-cristo-morto-768x487.jpg"},"large":{"file":"compianto-cristo-morto-1024x649.jpg","width":1024,"height":649,"mime-type":"image\/jpeg","source_url":"https:\/\/www.gardaseezeitung.it\/gardaseezeitung_new\/de\/wp-content\/uploads\/sites\/2\/2022\/02\/compianto-cristo-morto-1024x649.jpg"},"big_image":{"file":"compianto-cristo-morto-750x476.jpg","width":750,"height":476,"mime-type":"image\/jpeg","source_url":"https:\/\/www.gardaseezeitung.it\/gardaseezeitung_new\/de\/wp-content\/uploads\/sites\/2\/2022\/02\/compianto-cristo-morto-750x476.jpg"},"guest-author-32":{"file":"compianto-cristo-morto-32x32.jpg","width":32,"height":32,"mime-type":"image\/jpeg","source_url":"https:\/\/www.gardaseezeitung.it\/gardaseezeitung_new\/de\/wp-content\/uploads\/sites\/2\/2022\/02\/compianto-cristo-morto-32x32.jpg"},"guest-author-50":{"file":"compianto-cristo-morto-50x50.jpg","width":50,"height":50,"mime-type":"image\/jpeg","source_url":"https:\/\/www.gardaseezeitung.it\/gardaseezeitung_new\/de\/wp-content\/uploads\/sites\/2\/2022\/02\/compianto-cristo-morto-50x50.jpg"},"guest-author-64":{"file":"compianto-cristo-morto-64x64.jpg","width":64,"height":64,"mime-type":"image\/jpeg","source_url":"https:\/\/www.gardaseezeitung.it\/gardaseezeitung_new\/de\/wp-content\/uploads\/sites\/2\/2022\/02\/compianto-cristo-morto-64x64.jpg"},"guest-author-96":{"file":"compianto-cristo-morto-96x96.jpg","width":96,"height":96,"mime-type":"image\/jpeg","source_url":"https:\/\/www.gardaseezeitung.it\/gardaseezeitung_new\/de\/wp-content\/uploads\/sites\/2\/2022\/02\/compianto-cristo-morto-96x96.jpg"},"guest-author-128":{"file":"compianto-cristo-morto-128x128.jpg","width":128,"height":128,"mime-type":"image\/jpeg","source_url":"https:\/\/www.gardaseezeitung.it\/gardaseezeitung_new\/de\/wp-content\/uploads\/sites\/2\/2022\/02\/compianto-cristo-morto-128x128.jpg"},"full":{"file":"compianto-cristo-morto.jpg","width":1200,"height":761,"mime_type":"","source_url":"https:\/\/www.gardaseezeitung.it\/gardaseezeitung_new\/de\/wp-content\/uploads\/sites\/2\/2022\/02\/compianto-cristo-morto.jpg"}},"image_meta":{"aperture":"0","credit":"","camera":"","caption":"","created_timestamp":"0","copyright":"","focal_length":"0","iso":"0","shutter_speed":"0","title":"","orientation":"0","keywords":[]}},"_links":{"self":[{"href":"https:\/\/www.gardaseezeitung.it\/gardaseezeitung_new\/de\/wp-json\/wp\/v2\/posts\/9616"}],"collection":[{"href":"https:\/\/www.gardaseezeitung.it\/gardaseezeitung_new\/de\/wp-json\/wp\/v2\/posts"}],"about":[{"href":"https:\/\/www.gardaseezeitung.it\/gardaseezeitung_new\/de\/wp-json\/wp\/v2\/types\/post"}],"author":[{"embeddable":true,"href":"https:\/\/www.gardaseezeitung.it\/gardaseezeitung_new\/de\/wp-json\/wp\/v2\/users\/9"}],"replies":[{"embeddable":true,"href":"https:\/\/www.gardaseezeitung.it\/gardaseezeitung_new\/de\/wp-json\/wp\/v2\/comments?post=9616"}],"version-history":[{"count":3,"href":"https:\/\/www.gardaseezeitung.it\/gardaseezeitung_new\/de\/wp-json\/wp\/v2\/posts\/9616\/revisions"}],"predecessor-version":[{"id":9619,"href":"https:\/\/www.gardaseezeitung.it\/gardaseezeitung_new\/de\/wp-json\/wp\/v2\/posts\/9616\/revisions\/9619"}],"wp:featuredmedia":[{"embeddable":true,"href":"https:\/\/www.gardaseezeitung.it\/gardaseezeitung_new\/de\/wp-json\/wp\/v2\/media\/9615"}],"wp:attachment":[{"href":"https:\/\/www.gardaseezeitung.it\/gardaseezeitung_new\/de\/wp-json\/wp\/v2\/media?parent=9616"}],"wp:term":[{"taxonomy":"category","embeddable":true,"href":"https:\/\/www.gardaseezeitung.it\/gardaseezeitung_new\/de\/wp-json\/wp\/v2\/categories?post=9616"},{"taxonomy":"post_tag","embeddable":true,"href":"https:\/\/www.gardaseezeitung.it\/gardaseezeitung_new\/de\/wp-json\/wp\/v2\/tags?post=9616"},{"taxonomy":"news-destination","embeddable":true,"href":"https:\/\/www.gardaseezeitung.it\/gardaseezeitung_new\/de\/wp-json\/wp\/v2\/news-destination?post=9616"},{"taxonomy":"news-source","embeddable":true,"href":"https:\/\/www.gardaseezeitung.it\/gardaseezeitung_new\/de\/wp-json\/wp\/v2\/news-source?post=9616"},{"taxonomy":"is_homepage","embeddable":true,"href":"https:\/\/www.gardaseezeitung.it\/gardaseezeitung_new\/de\/wp-json\/wp\/v2\/is_homepage?post=9616"},{"taxonomy":"ta_other","embeddable":true,"href":"https:\/\/www.gardaseezeitung.it\/gardaseezeitung_new\/de\/wp-json\/wp\/v2\/ta_other?post=9616"}],"curies":[{"name":"wp","href":"https:\/\/api.w.org\/{rel}","templated":true}]}}