{"id":968,"date":"2014-02-21T11:12:19","date_gmt":"2014-02-21T11:12:19","guid":{"rendered":"http:\/\/euwp08.newsmemory.com\/gardaseezeitung_new\/de\/2014\/02\/21\/museum-nicolis-finalist-der-motoring-awards\/"},"modified":"2019-05-28T19:53:16","modified_gmt":"2019-05-28T19:53:16","slug":"museum-nicolis-finalist-der-motoring-awards","status":"publish","type":"post","link":"https:\/\/www.gardaseezeitung.it\/2014\/02\/21\/museum-nicolis-finalist-der-motoring-awards\/","title":{"rendered":"Museum Nicolis: Finalist der Motoring Awards"},"content":{"rendered":"","protected":false},"excerpt":{"rendered":"<p>Im Bereich der Oldtimer ist der International Motoring Award so etwas wie der Oscar. Und in der Kategorie \u201eMuseum-Collection of the Year\u201c war bei den Nominations 2013 auch ein italienisches Oldtimer-Museum zu finden: das Museo Nicolis aus Villafranca bei Verona. F\u00fcr die Verantwortlichen des Museums war die Nomination nicht nur eine \u00dcberraschung, sondern auch ein Zeichen daf\u00fcr, dass das Museum, mit dem sich Gr\u00fcnder Luciano Nicolis einen Lebenstraum erf\u00fcllte, etwas ganz Besonderes ist.<br \/>\nNeben dem Museum Nicolis z\u00e4hlten das Blackhawk Automotive Museum, das Le May America\u2019s Car Museum, das Louwman Museum, das Mercedes Museum und das Mullin Automotive Museum zu den Finalisten 2013. Als Sieger ging das niederl\u00e4ndische Louwman Museum hervor.<br \/>\n&nbsp;Im Rahmen der Kandidatur hoben die Verantwortlichen des Museums einige Charakteristiken des Museums hervor. Zu ihnen z\u00e4hlt die Leidenschaft f\u00fcr Instandsetzungen. Luciano Nicolis entwickelte nicht nur eine gro\u00dfe Leidenschaft f\u00fcr die Mechanik, sondern verf\u00fcgte auch \u00fcber den richtigen \u201eRiecher\u201c, wenn es darum ging, neue Schmuckst\u00fccke f\u00fcr seine Sammlungen zu finden.<br \/>\nHeute wird das Museum von seiner Tochter Silvia geleitet. Sie lies es unter unternehmerischen Gesichtspunkten wachsen und entwickelte neben den reinen Museumsaktivit\u00e4ten auch weitere Aspekte: sie kn\u00fcpfte Beziehungen zu der Business Comunity und \u00f6ffnete sich neuen Sektoren. Unter anderem wurde ein Kongresszentrum er\u00f6ffnet. Zu finden sind in dem Museum aber auch ein Bookshop und ein Vintage Store. Gleichzeitig \u00f6ffnete man sich der kulturellen Szene und es wurden Partnerships mit dem Kino, dem Fernsehen und anderen Medien eingegangen.<br \/>\nInfos: www.museonicolis.com.<\/p>\n","protected":false},"author":1,"featured_media":969,"comment_status":"open","ping_status":"open","sticky":false,"template":"","format":"standard","meta":[],"categories":[4],"tags":[],"news-destination":[],"news-source":[],"is_homepage":[],"ta_other":[],"featured_media_details":{"width":1024,"height":683,"file":"2019\/05\/c8f507d0ef58fb41fe8719488569a962.jpg","sizes":{"thumbnail":{"file":"c8f507d0ef58fb41fe8719488569a962-150x150.jpg","width":150,"height":150,"mime-type":"image\/jpeg","source_url":"https:\/\/www.gardaseezeitung.it\/gardaseezeitung_new\/de\/wp-content\/uploads\/sites\/2\/2019\/05\/c8f507d0ef58fb41fe8719488569a962-150x150.jpg"},"medium":{"file":"c8f507d0ef58fb41fe8719488569a962-300x200.jpg","width":300,"height":200,"mime-type":"image\/jpeg","source_url":"https:\/\/www.gardaseezeitung.it\/gardaseezeitung_new\/de\/wp-content\/uploads\/sites\/2\/2019\/05\/c8f507d0ef58fb41fe8719488569a962-300x200.jpg"},"medium_large":{"file":"c8f507d0ef58fb41fe8719488569a962-768x512.jpg","width":768,"height":512,"mime-type":"image\/jpeg","source_url":"https:\/\/www.gardaseezeitung.it\/gardaseezeitung_new\/de\/wp-content\/uploads\/sites\/2\/2019\/05\/c8f507d0ef58fb41fe8719488569a962-768x512.jpg"},"large":{"file":"c8f507d0ef58fb41fe8719488569a962-1024x683.jpg","width":1024,"height":683,"mime-type":"image\/jpeg","source_url":"https:\/\/www.gardaseezeitung.it\/gardaseezeitung_new\/de\/wp-content\/uploads\/sites\/2\/2019\/05\/c8f507d0ef58fb41fe8719488569a962-1024x683.jpg"},"big_image":{"file":"c8f507d0ef58fb41fe8719488569a962-750x500.jpg","width":750,"height":500,"mime-type":"image\/jpeg","source_url":"https:\/\/www.gardaseezeitung.it\/gardaseezeitung_new\/de\/wp-content\/uploads\/sites\/2\/2019\/05\/c8f507d0ef58fb41fe8719488569a962-750x500.jpg"},"full":{"file":"c8f507d0ef58fb41fe8719488569a962.jpg","width":1024,"height":683,"mime_type":"","source_url":"https:\/\/www.gardaseezeitung.it\/gardaseezeitung_new\/de\/wp-content\/uploads\/sites\/2\/2019\/05\/c8f507d0ef58fb41fe8719488569a962.jpg"}},"image_meta":{"aperture":"0","credit":"","camera":"","caption":"","created_timestamp":"0","copyright":"","focal_length":"0","iso":"0","shutter_speed":"0","title":"","orientation":"0","keywords":[]}},"_links":{"self":[{"href":"https:\/\/www.gardaseezeitung.it\/gardaseezeitung_new\/de\/wp-json\/wp\/v2\/posts\/968"}],"collection":[{"href":"https:\/\/www.gardaseezeitung.it\/gardaseezeitung_new\/de\/wp-json\/wp\/v2\/posts"}],"about":[{"href":"https:\/\/www.gardaseezeitung.it\/gardaseezeitung_new\/de\/wp-json\/wp\/v2\/types\/post"}],"author":[{"embeddable":true,"href":"https:\/\/www.gardaseezeitung.it\/gardaseezeitung_new\/de\/wp-json\/wp\/v2\/users\/1"}],"replies":[{"embeddable":true,"href":"https:\/\/www.gardaseezeitung.it\/gardaseezeitung_new\/de\/wp-json\/wp\/v2\/comments?post=968"}],"version-history":[{"count":0,"href":"https:\/\/www.gardaseezeitung.it\/gardaseezeitung_new\/de\/wp-json\/wp\/v2\/posts\/968\/revisions"}],"wp:featuredmedia":[{"embeddable":true,"href":"https:\/\/www.gardaseezeitung.it\/gardaseezeitung_new\/de\/wp-json\/wp\/v2\/media\/969"}],"wp:attachment":[{"href":"https:\/\/www.gardaseezeitung.it\/gardaseezeitung_new\/de\/wp-json\/wp\/v2\/media?parent=968"}],"wp:term":[{"taxonomy":"category","embeddable":true,"href":"https:\/\/www.gardaseezeitung.it\/gardaseezeitung_new\/de\/wp-json\/wp\/v2\/categories?post=968"},{"taxonomy":"post_tag","embeddable":true,"href":"https:\/\/www.gardaseezeitung.it\/gardaseezeitung_new\/de\/wp-json\/wp\/v2\/tags?post=968"},{"taxonomy":"news-destination","embeddable":true,"href":"https:\/\/www.gardaseezeitung.it\/gardaseezeitung_new\/de\/wp-json\/wp\/v2\/news-destination?post=968"},{"taxonomy":"news-source","embeddable":true,"href":"https:\/\/www.gardaseezeitung.it\/gardaseezeitung_new\/de\/wp-json\/wp\/v2\/news-source?post=968"},{"taxonomy":"is_homepage","embeddable":true,"href":"https:\/\/www.gardaseezeitung.it\/gardaseezeitung_new\/de\/wp-json\/wp\/v2\/is_homepage?post=968"},{"taxonomy":"ta_other","embeddable":true,"href":"https:\/\/www.gardaseezeitung.it\/gardaseezeitung_new\/de\/wp-json\/wp\/v2\/ta_other?post=968"}],"curies":[{"name":"wp","href":"https:\/\/api.w.org\/{rel}","templated":true}]}}