{"id":9781,"date":"2022-03-02T22:52:25","date_gmt":"2022-03-02T21:52:25","guid":{"rendered":"http:\/\/euwp08.newsmemory.com\/gardaseezeitung_new\/de\/2022\/03\/02\/spider-und-cabriolet-auf-dem-messegelaende-montichiari-brescia\/"},"modified":"2022-03-02T22:52:29","modified_gmt":"2021-10-03T22:52:29","slug":"spider-und-cabriolet-auf-dem-messegelaende-montichiari-brescia","status":"publish","type":"post","link":"https:\/\/www.gardaseezeitung.it\/2022\/03\/02\/spider-und-cabriolet-auf-dem-messegelaende-montichiari-brescia\/","title":{"rendered":"Spider und Cabriolet auf dem Messegel\u00e4nde Montichiari (Brescia)"},"content":{"rendered":"<p>&nbsp;<\/p>\n<p>Dies ist eine einzigartige Gelegenheit, Spinnen von gestern und heute gemeinsam zu sehen. Neben den ausgestellten Fahrzeugen sind auch die Begegnungen und Gespr\u00e4che, die Sie auf der Messe f\u00fchren k\u00f6nnen, von gro\u00dfer Bedeutung: Mario Simoni stellt die neue Ausgabe seines Buches \u00fcber Alfa Romeo Spider vor und interviewt Emanuele Prignacca und Mario Righini, Besitzer einer unglaublichen Sammlung von Autos, um die uns jedes Museum der Welt beneiden w\u00fcrde: allen voran der Auto Avio 815, das erste von Enzo Ferrari nach dem Krieg gebaute Auto von unsch\u00e4tzbarem Wert. Der Ingenieur Mauro Forghieri, eine echte Legende des internationalen Motorsports, wird ebenfalls in Montichiari sein und von Daniele Buzzonetti interviewt werden. Eine weitere wichtige Pr\u00e4senz ist das Interview mit Giancarlo Minardi, dem Hersteller aus Faenza, der jahrelang auf dem Asphalt der Formel 1 unterwegs war und sich auch heute noch der Ausbildung der Fahrer der Zukunft widmet. Ren\u00e8 Arnoux, der unvergessliche Ferrari-Pilot, wurde zur Einweihung eingeladen. Im Ausstellungsbereich der Messe werden neben den Autos auch die dem International Circuit of Brescia-Montichiari gewidmete Bekleidungslinie, die den historischen Fahrzeugen gewidmete Produktpalette und die vom renommierten Haus M\u00fchle Gashl\u00fctte speziell f\u00fcr den International Circuit of Brescia-Montichiari hergestellten Uhren zu finden sein. Info: https:\/\/www.spidercabriolet.<\/p>\n<p>&nbsp;<\/p>\n<figure id=\"attachment_17186\" style=\"width: 640px\" class=\"wp-caption alignleft\"><img title=\"Spider und Cabriolet auf dem Messegel\u00e4nde Montichiari (Brescia)\" loading=\"lazy\" class=\"size-large wp-image-17186\" src=\"https:\/\/www.gardaseezeitung.it\/gardaseezeitung_new\/de\/wp-content\/uploads\/sites\/2\/2022\/03\/HRC-Fiera-di-Montichiari.jpg\" alt=\"Montichiari: Cabro und Spider\" width=\"640\" height=\"880\" srcset=\"https:\/\/euwps05.newsmemory.com\/gardaseezeitung_new\/de\/wp-content\/uploads\/sites\/2\/2022\/03\/HRC-Fiera-di-Montichiari.jpg 800w, https:\/\/euwps05.newsmemory.com\/gardaseezeitung_new\/de\/wp-content\/uploads\/sites\/2\/2022\/03\/HRC-Fiera-di-Montichiari-218x300.jpg 218w, https:\/\/euwps05.newsmemory.com\/gardaseezeitung_new\/de\/wp-content\/uploads\/sites\/2\/2022\/03\/HRC-Fiera-di-Montichiari-745x1024.jpg 745w, https:\/\/euwps05.newsmemory.com\/gardaseezeitung_new\/de\/wp-content\/uploads\/sites\/2\/2022\/03\/HRC-Fiera-di-Montichiari-768x1056.jpg 768w, https:\/\/euwps05.newsmemory.com\/gardaseezeitung_new\/de\/wp-content\/uploads\/sites\/2\/2022\/03\/HRC-Fiera-di-Montichiari-750x1031.jpg 750w\" sizes=\"(max-width: 640px) 100vw, 640px\" \/><figcaption class=\"wp-caption-text\">Montichiari: Cabro und Spider<\/figcaption><\/figure>\n<p>&nbsp;<\/p>\n","protected":false},"excerpt":{"rendered":"<p>Die vom 1. bis 3. April 2022 stattfindende Messe ist die erste in Europa, die einer einzigen Kategorie von Fahrzeugen gewidmet ist.<\/p>\n","protected":false},"author":9,"featured_media":9780,"comment_status":"open","ping_status":"open","sticky":false,"template":"","format":"standard","meta":[],"categories":[4,6],"tags":[240,2406,2407,2408,932,2409,23,26,2410,2411,2412],"news-destination":[],"news-source":[],"is_homepage":[],"ta_other":[],"featured_media_details":{"width":1024,"height":411,"file":"2022\/03\/cabrio.jpg","sizes":{"thumbnail":{"file":"cabrio-150x150.jpg","width":150,"height":150,"mime-type":"image\/jpeg","source_url":"https:\/\/www.gardaseezeitung.it\/gardaseezeitung_new\/de\/wp-content\/uploads\/sites\/2\/2022\/03\/cabrio-150x150.jpg"},"medium":{"file":"cabrio-300x120.jpg","width":300,"height":120,"mime-type":"image\/jpeg","source_url":"https:\/\/www.gardaseezeitung.it\/gardaseezeitung_new\/de\/wp-content\/uploads\/sites\/2\/2022\/03\/cabrio-300x120.jpg"},"medium_large":{"file":"cabrio-768x308.jpg","width":768,"height":308,"mime-type":"image\/jpeg","source_url":"https:\/\/www.gardaseezeitung.it\/gardaseezeitung_new\/de\/wp-content\/uploads\/sites\/2\/2022\/03\/cabrio-768x308.jpg"},"large":{"file":"cabrio-1024x411.jpg","width":1024,"height":411,"mime-type":"image\/jpeg","source_url":"https:\/\/www.gardaseezeitung.it\/gardaseezeitung_new\/de\/wp-content\/uploads\/sites\/2\/2022\/03\/cabrio-1024x411.jpg"},"big_image":{"file":"cabrio-750x301.jpg","width":750,"height":301,"mime-type":"image\/jpeg","source_url":"https:\/\/www.gardaseezeitung.it\/gardaseezeitung_new\/de\/wp-content\/uploads\/sites\/2\/2022\/03\/cabrio-750x301.jpg"},"guest-author-32":{"file":"cabrio-32x32.jpg","width":32,"height":32,"mime-type":"image\/jpeg","source_url":"https:\/\/www.gardaseezeitung.it\/gardaseezeitung_new\/de\/wp-content\/uploads\/sites\/2\/2022\/03\/cabrio-32x32.jpg"},"guest-author-50":{"file":"cabrio-50x50.jpg","width":50,"height":50,"mime-type":"image\/jpeg","source_url":"https:\/\/www.gardaseezeitung.it\/gardaseezeitung_new\/de\/wp-content\/uploads\/sites\/2\/2022\/03\/cabrio-50x50.jpg"},"guest-author-64":{"file":"cabrio-64x64.jpg","width":64,"height":64,"mime-type":"image\/jpeg","source_url":"https:\/\/www.gardaseezeitung.it\/gardaseezeitung_new\/de\/wp-content\/uploads\/sites\/2\/2022\/03\/cabrio-64x64.jpg"},"guest-author-96":{"file":"cabrio-96x96.jpg","width":96,"height":96,"mime-type":"image\/jpeg","source_url":"https:\/\/www.gardaseezeitung.it\/gardaseezeitung_new\/de\/wp-content\/uploads\/sites\/2\/2022\/03\/cabrio-96x96.jpg"},"guest-author-128":{"file":"cabrio-128x128.jpg","width":128,"height":128,"mime-type":"image\/jpeg","source_url":"https:\/\/www.gardaseezeitung.it\/gardaseezeitung_new\/de\/wp-content\/uploads\/sites\/2\/2022\/03\/cabrio-128x128.jpg"},"full":{"file":"cabrio.jpg","width":1024,"height":411,"mime_type":"","source_url":"https:\/\/www.gardaseezeitung.it\/gardaseezeitung_new\/de\/wp-content\/uploads\/sites\/2\/2022\/03\/cabrio.jpg"}},"image_meta":{"aperture":"0","credit":"","camera":"","caption":"","created_timestamp":"0","copyright":"","focal_length":"0","iso":"0","shutter_speed":"0","title":"","orientation":"1","keywords":[]}},"_links":{"self":[{"href":"https:\/\/www.gardaseezeitung.it\/gardaseezeitung_new\/de\/wp-json\/wp\/v2\/posts\/9781"}],"collection":[{"href":"https:\/\/www.gardaseezeitung.it\/gardaseezeitung_new\/de\/wp-json\/wp\/v2\/posts"}],"about":[{"href":"https:\/\/www.gardaseezeitung.it\/gardaseezeitung_new\/de\/wp-json\/wp\/v2\/types\/post"}],"author":[{"embeddable":true,"href":"https:\/\/www.gardaseezeitung.it\/gardaseezeitung_new\/de\/wp-json\/wp\/v2\/users\/9"}],"replies":[{"embeddable":true,"href":"https:\/\/www.gardaseezeitung.it\/gardaseezeitung_new\/de\/wp-json\/wp\/v2\/comments?post=9781"}],"version-history":[{"count":2,"href":"https:\/\/www.gardaseezeitung.it\/gardaseezeitung_new\/de\/wp-json\/wp\/v2\/posts\/9781\/revisions"}],"predecessor-version":[{"id":17187,"href":"https:\/\/www.gardaseezeitung.it\/gardaseezeitung_new\/de\/wp-json\/wp\/v2\/posts\/9781\/revisions\/17187"}],"wp:featuredmedia":[{"embeddable":true,"href":"https:\/\/www.gardaseezeitung.it\/gardaseezeitung_new\/de\/wp-json\/wp\/v2\/media\/9780"}],"wp:attachment":[{"href":"https:\/\/www.gardaseezeitung.it\/gardaseezeitung_new\/de\/wp-json\/wp\/v2\/media?parent=9781"}],"wp:term":[{"taxonomy":"category","embeddable":true,"href":"https:\/\/www.gardaseezeitung.it\/gardaseezeitung_new\/de\/wp-json\/wp\/v2\/categories?post=9781"},{"taxonomy":"post_tag","embeddable":true,"href":"https:\/\/www.gardaseezeitung.it\/gardaseezeitung_new\/de\/wp-json\/wp\/v2\/tags?post=9781"},{"taxonomy":"news-destination","embeddable":true,"href":"https:\/\/www.gardaseezeitung.it\/gardaseezeitung_new\/de\/wp-json\/wp\/v2\/news-destination?post=9781"},{"taxonomy":"news-source","embeddable":true,"href":"https:\/\/www.gardaseezeitung.it\/gardaseezeitung_new\/de\/wp-json\/wp\/v2\/news-source?post=9781"},{"taxonomy":"is_homepage","embeddable":true,"href":"https:\/\/www.gardaseezeitung.it\/gardaseezeitung_new\/de\/wp-json\/wp\/v2\/is_homepage?post=9781"},{"taxonomy":"ta_other","embeddable":true,"href":"https:\/\/www.gardaseezeitung.it\/gardaseezeitung_new\/de\/wp-json\/wp\/v2\/ta_other?post=9781"}],"curies":[{"name":"wp","href":"https:\/\/api.w.org\/{rel}","templated":true}]}}