{"id":9886,"date":"2022-03-04T12:49:31","date_gmt":"2022-03-04T11:49:31","guid":{"rendered":"http:\/\/euwp08.newsmemory.com\/gardaseezeitung_new\/de\/2022\/03\/04\/bardolino-neue-wasserambulanz-auf-dem-gardasee\/"},"modified":"2022-03-04T12:49:56","modified_gmt":"2021-10-05T12:49:56","slug":"bardolino-neue-wasserambulanz-auf-dem-gardasee","status":"publish","type":"post","link":"https:\/\/www.gardaseezeitung.it\/2022\/03\/04\/bardolino-neue-wasserambulanz-auf-dem-gardasee\/","title":{"rendered":"Bardolino: Neue Wasserambulanz auf dem Gardasee"},"content":{"rendered":"<p>&nbsp;<\/p>\n<p>Dies ist die Der Dienst findet w\u00e4hrend der Sommersaison an den Wochenenden statt und wird von der im Hafen von Bardolino stationierten Wasserambulanz entlang des Strandabschnitts von der Grenze zu Lazise (Gralaoni-Le Querce) bis zur Grenze zu Garda (Rivalunga-Promenade &#8211; Cavalla) durchgef\u00fchrt. In der letzten Tourismussaison gab es 34 Eins\u00e4tze der Wasserrettung auf den Gew\u00e4ssern des Benaco. Knapp die H\u00e4lfte davon (17) fand im Gemeindegebiet statt, aber es gab auch kurze Ausfl\u00fcge nach Torri del Benaco (4 Mal). Der Wasserrettungsdienst wurde auch dreimal nach Malcesine, Lazise und Peschiera del Garda und in zwei F\u00e4llen nach Brenzone und Garda geschickt. &#8222;Die meisten Eins\u00e4tze fanden am Strand statt (20), die \u00fcbrigen betrafen die Rettung von Menschen aus dem Wasser (3), treibende Boote (7) und die Suche nach Personen (4).<\/p>\n<p>&nbsp;<\/p>\n","protected":false},"excerpt":{"rendered":"<p>Das Projekt &#8222;Sichere Str\u00e4nde&#8220; wurde f\u00fcr das Jahr 2022 verl\u00e4ngert<\/p>\n","protected":false},"author":9,"featured_media":9885,"comment_status":"open","ping_status":"open","sticky":false,"template":"","format":"standard","meta":[],"categories":[6,3],"tags":[50,2424,23,26,343,2425,1290,2315],"news-destination":[],"news-source":[],"is_homepage":[],"ta_other":[],"featured_media_details":{"width":750,"height":479,"file":"2022\/03\/b88fde60b9d1932c77e835c4d60dae52-750x479.jpg","sizes":{"thumbnail":{"file":"b88fde60b9d1932c77e835c4d60dae52-750x479-150x150.jpg","width":150,"height":150,"mime-type":"image\/jpeg","source_url":"https:\/\/www.gardaseezeitung.it\/gardaseezeitung_new\/de\/wp-content\/uploads\/sites\/2\/2022\/03\/b88fde60b9d1932c77e835c4d60dae52-750x479-150x150.jpg"},"medium":{"file":"b88fde60b9d1932c77e835c4d60dae52-750x479-300x192.jpg","width":300,"height":192,"mime-type":"image\/jpeg","source_url":"https:\/\/www.gardaseezeitung.it\/gardaseezeitung_new\/de\/wp-content\/uploads\/sites\/2\/2022\/03\/b88fde60b9d1932c77e835c4d60dae52-750x479-300x192.jpg"},"big_image":{"file":"b88fde60b9d1932c77e835c4d60dae52-750x479-750x479.jpg","width":750,"height":479,"mime-type":"image\/jpeg","source_url":"https:\/\/www.gardaseezeitung.it\/gardaseezeitung_new\/de\/wp-content\/uploads\/sites\/2\/2022\/03\/b88fde60b9d1932c77e835c4d60dae52-750x479-750x479.jpg"},"guest-author-32":{"file":"b88fde60b9d1932c77e835c4d60dae52-750x479-32x32.jpg","width":32,"height":32,"mime-type":"image\/jpeg","source_url":"https:\/\/www.gardaseezeitung.it\/gardaseezeitung_new\/de\/wp-content\/uploads\/sites\/2\/2022\/03\/b88fde60b9d1932c77e835c4d60dae52-750x479-32x32.jpg"},"guest-author-50":{"file":"b88fde60b9d1932c77e835c4d60dae52-750x479-50x50.jpg","width":50,"height":50,"mime-type":"image\/jpeg","source_url":"https:\/\/www.gardaseezeitung.it\/gardaseezeitung_new\/de\/wp-content\/uploads\/sites\/2\/2022\/03\/b88fde60b9d1932c77e835c4d60dae52-750x479-50x50.jpg"},"guest-author-64":{"file":"b88fde60b9d1932c77e835c4d60dae52-750x479-64x64.jpg","width":64,"height":64,"mime-type":"image\/jpeg","source_url":"https:\/\/www.gardaseezeitung.it\/gardaseezeitung_new\/de\/wp-content\/uploads\/sites\/2\/2022\/03\/b88fde60b9d1932c77e835c4d60dae52-750x479-64x64.jpg"},"guest-author-96":{"file":"b88fde60b9d1932c77e835c4d60dae52-750x479-96x96.jpg","width":96,"height":96,"mime-type":"image\/jpeg","source_url":"https:\/\/www.gardaseezeitung.it\/gardaseezeitung_new\/de\/wp-content\/uploads\/sites\/2\/2022\/03\/b88fde60b9d1932c77e835c4d60dae52-750x479-96x96.jpg"},"guest-author-128":{"file":"b88fde60b9d1932c77e835c4d60dae52-750x479-128x128.jpg","width":128,"height":128,"mime-type":"image\/jpeg","source_url":"https:\/\/www.gardaseezeitung.it\/gardaseezeitung_new\/de\/wp-content\/uploads\/sites\/2\/2022\/03\/b88fde60b9d1932c77e835c4d60dae52-750x479-128x128.jpg"},"full":{"file":"b88fde60b9d1932c77e835c4d60dae52-750x479.jpg","width":750,"height":479,"mime_type":"","source_url":"https:\/\/www.gardaseezeitung.it\/gardaseezeitung_new\/de\/wp-content\/uploads\/sites\/2\/2022\/03\/b88fde60b9d1932c77e835c4d60dae52-750x479.jpg"}},"image_meta":{"aperture":"0","credit":"","camera":"","caption":"","created_timestamp":"0","copyright":"","focal_length":"0","iso":"0","shutter_speed":"0","title":"","orientation":"0","keywords":[]}},"_links":{"self":[{"href":"https:\/\/www.gardaseezeitung.it\/gardaseezeitung_new\/de\/wp-json\/wp\/v2\/posts\/9886"}],"collection":[{"href":"https:\/\/www.gardaseezeitung.it\/gardaseezeitung_new\/de\/wp-json\/wp\/v2\/posts"}],"about":[{"href":"https:\/\/www.gardaseezeitung.it\/gardaseezeitung_new\/de\/wp-json\/wp\/v2\/types\/post"}],"author":[{"embeddable":true,"href":"https:\/\/www.gardaseezeitung.it\/gardaseezeitung_new\/de\/wp-json\/wp\/v2\/users\/9"}],"replies":[{"embeddable":true,"href":"https:\/\/www.gardaseezeitung.it\/gardaseezeitung_new\/de\/wp-json\/wp\/v2\/comments?post=9886"}],"version-history":[{"count":1,"href":"https:\/\/www.gardaseezeitung.it\/gardaseezeitung_new\/de\/wp-json\/wp\/v2\/posts\/9886\/revisions"}],"predecessor-version":[{"id":9887,"href":"https:\/\/www.gardaseezeitung.it\/gardaseezeitung_new\/de\/wp-json\/wp\/v2\/posts\/9886\/revisions\/9887"}],"wp:featuredmedia":[{"embeddable":true,"href":"https:\/\/www.gardaseezeitung.it\/gardaseezeitung_new\/de\/wp-json\/wp\/v2\/media\/9885"}],"wp:attachment":[{"href":"https:\/\/www.gardaseezeitung.it\/gardaseezeitung_new\/de\/wp-json\/wp\/v2\/media?parent=9886"}],"wp:term":[{"taxonomy":"category","embeddable":true,"href":"https:\/\/www.gardaseezeitung.it\/gardaseezeitung_new\/de\/wp-json\/wp\/v2\/categories?post=9886"},{"taxonomy":"post_tag","embeddable":true,"href":"https:\/\/www.gardaseezeitung.it\/gardaseezeitung_new\/de\/wp-json\/wp\/v2\/tags?post=9886"},{"taxonomy":"news-destination","embeddable":true,"href":"https:\/\/www.gardaseezeitung.it\/gardaseezeitung_new\/de\/wp-json\/wp\/v2\/news-destination?post=9886"},{"taxonomy":"news-source","embeddable":true,"href":"https:\/\/www.gardaseezeitung.it\/gardaseezeitung_new\/de\/wp-json\/wp\/v2\/news-source?post=9886"},{"taxonomy":"is_homepage","embeddable":true,"href":"https:\/\/www.gardaseezeitung.it\/gardaseezeitung_new\/de\/wp-json\/wp\/v2\/is_homepage?post=9886"},{"taxonomy":"ta_other","embeddable":true,"href":"https:\/\/www.gardaseezeitung.it\/gardaseezeitung_new\/de\/wp-json\/wp\/v2\/ta_other?post=9886"}],"curies":[{"name":"wp","href":"https:\/\/api.w.org\/{rel}","templated":true}]}}