{"id":9905,"date":"2022-03-07T12:11:13","date_gmt":"2022-03-07T11:11:13","guid":{"rendered":"http:\/\/euwp08.newsmemory.com\/gardaseezeitung_new\/de\/2022\/03\/07\/musikalischer-aperitif-castelnuovo-del-garda\/"},"modified":"2022-03-07T12:11:17","modified_gmt":"2021-10-08T12:11:17","slug":"musikalischer-aperitif-castelnuovo-del-garda","status":"publish","type":"post","link":"https:\/\/www.gardaseezeitung.it\/2022\/03\/07\/musikalischer-aperitif-castelnuovo-del-garda\/","title":{"rendered":"Musikalischer Aperitif in Castelnuovo del Garda"},"content":{"rendered":"<p>&nbsp;<\/p>\n<p>&nbsp;<\/p>\n<p>Der musikalische Veranstaltungsreigen wird in diesem Jahr bereits zum 15. Mal organisiert. Vom 13. M\u00e4rz bis zum 24. April stehen insgesamt vier Konzerte auf dem Programm. Los geht es am Sonntag, den 13. M\u00e4rz. Auf dem Programm steht ein Aperitif-Konzert mit dem Klassik Swing Italian Quartet. Das Quartett l\u00e4dt zu einer musikalischen Reise mit Werken von Puccini, Brahms, Morricone, Piazzolla und vielen anderen. Weiter geht es am 27. M\u00e4rz mit dem Violinisten Teofil Milenkovic und dem Pianisten Giulio Garbin. Sie werden das Publikum mit St\u00fccken von Saint-Saens, Emir Saul, Wieniawski und Franck unterhalten. Das dritte Konzert ist f\u00fcr den 10. April geplant. Alessandro Prandi (Bratsche) und Federico Battista Melis (Klavier) erwarten die Musikfans mit St\u00fccken von Schumann, Clarke, Rota und Hindemith. Letzter Termin ist am 24. April das Konzert des Mezzosoprans Elisa Fortunati, die von Sara Silingardi am Klavier begleitet wird. Das Programm reicht von klassischen St\u00fccken bis zu Musicals.<\/p>\n<p>Alle musikalischen Abende finden im Gemeindetheater DIM in Castelnuovo del Garda Ortsteil Sandr\u00e0, Via San Martino 4) statt. Konzertbeginn ist um 18 Uhr.\u00a0Tickets: 10 Euro; reduziert 8 Euro (bis 25 Jahre, \u00fcber 65 Jahre); kostenlos f\u00fcr Kinder und Jugendliche bis 15 Jahre und Behinderte mit Begleitperson. Die Tickets sind direkt an der Theaterkasse erh\u00e4ltlich (ab 17 Uhr). Green Pass und Mundschutz (FFP2) erforderlich.<\/p>\n<p>Infos: www.amicimusicalagodigarda.it; info@amicimusicalagodigarda.it.<\/p>\n<p>&nbsp;<\/p>\n","protected":false},"excerpt":{"rendered":"<p>Auch in diesem Jahr l\u00e4dt man in Castelnuovo del Garda wieder zu \u201eAperitivi Musicali\u201c (Musikalischer Aperitif)<\/p>\n","protected":false},"author":9,"featured_media":9904,"comment_status":"open","ping_status":"open","sticky":false,"template":"","format":"standard","meta":[],"categories":[2,4,6],"tags":[2436,2437,2438,115,2439,2440,2441,2442,1614,2443,2444,2445,2446,2447,1423,146,2448,2449,2450,2451,2452,2453],"news-destination":[],"news-source":[],"is_homepage":[],"ta_other":[],"featured_media_details":{"width":800,"height":514,"file":"2022\/03\/depliant-esterno.jpg","sizes":{"thumbnail":{"file":"depliant-esterno-150x150.jpg","width":150,"height":150,"mime-type":"image\/jpeg","source_url":"https:\/\/www.gardaseezeitung.it\/gardaseezeitung_new\/de\/wp-content\/uploads\/sites\/2\/2022\/03\/depliant-esterno-150x150.jpg"},"medium":{"file":"depliant-esterno-300x193.jpg","width":300,"height":193,"mime-type":"image\/jpeg","source_url":"https:\/\/www.gardaseezeitung.it\/gardaseezeitung_new\/de\/wp-content\/uploads\/sites\/2\/2022\/03\/depliant-esterno-300x193.jpg"},"medium_large":{"file":"depliant-esterno-768x493.jpg","width":768,"height":493,"mime-type":"image\/jpeg","source_url":"https:\/\/www.gardaseezeitung.it\/gardaseezeitung_new\/de\/wp-content\/uploads\/sites\/2\/2022\/03\/depliant-esterno-768x493.jpg"},"big_image":{"file":"depliant-esterno-750x482.jpg","width":750,"height":482,"mime-type":"image\/jpeg","source_url":"https:\/\/www.gardaseezeitung.it\/gardaseezeitung_new\/de\/wp-content\/uploads\/sites\/2\/2022\/03\/depliant-esterno-750x482.jpg"},"guest-author-32":{"file":"depliant-esterno-32x32.jpg","width":32,"height":32,"mime-type":"image\/jpeg","source_url":"https:\/\/www.gardaseezeitung.it\/gardaseezeitung_new\/de\/wp-content\/uploads\/sites\/2\/2022\/03\/depliant-esterno-32x32.jpg"},"guest-author-50":{"file":"depliant-esterno-50x50.jpg","width":50,"height":50,"mime-type":"image\/jpeg","source_url":"https:\/\/www.gardaseezeitung.it\/gardaseezeitung_new\/de\/wp-content\/uploads\/sites\/2\/2022\/03\/depliant-esterno-50x50.jpg"},"guest-author-64":{"file":"depliant-esterno-64x64.jpg","width":64,"height":64,"mime-type":"image\/jpeg","source_url":"https:\/\/www.gardaseezeitung.it\/gardaseezeitung_new\/de\/wp-content\/uploads\/sites\/2\/2022\/03\/depliant-esterno-64x64.jpg"},"guest-author-96":{"file":"depliant-esterno-96x96.jpg","width":96,"height":96,"mime-type":"image\/jpeg","source_url":"https:\/\/www.gardaseezeitung.it\/gardaseezeitung_new\/de\/wp-content\/uploads\/sites\/2\/2022\/03\/depliant-esterno-96x96.jpg"},"guest-author-128":{"file":"depliant-esterno-128x128.jpg","width":128,"height":128,"mime-type":"image\/jpeg","source_url":"https:\/\/www.gardaseezeitung.it\/gardaseezeitung_new\/de\/wp-content\/uploads\/sites\/2\/2022\/03\/depliant-esterno-128x128.jpg"},"full":{"file":"depliant-esterno.jpg","width":800,"height":514,"mime_type":"","source_url":"https:\/\/www.gardaseezeitung.it\/gardaseezeitung_new\/de\/wp-content\/uploads\/sites\/2\/2022\/03\/depliant-esterno.jpg"}},"image_meta":{"aperture":"0","credit":"","camera":"","caption":"","created_timestamp":"0","copyright":"","focal_length":"0","iso":"0","shutter_speed":"0","title":"","orientation":"1","keywords":[]}},"_links":{"self":[{"href":"https:\/\/www.gardaseezeitung.it\/gardaseezeitung_new\/de\/wp-json\/wp\/v2\/posts\/9905"}],"collection":[{"href":"https:\/\/www.gardaseezeitung.it\/gardaseezeitung_new\/de\/wp-json\/wp\/v2\/posts"}],"about":[{"href":"https:\/\/www.gardaseezeitung.it\/gardaseezeitung_new\/de\/wp-json\/wp\/v2\/types\/post"}],"author":[{"embeddable":true,"href":"https:\/\/www.gardaseezeitung.it\/gardaseezeitung_new\/de\/wp-json\/wp\/v2\/users\/9"}],"replies":[{"embeddable":true,"href":"https:\/\/www.gardaseezeitung.it\/gardaseezeitung_new\/de\/wp-json\/wp\/v2\/comments?post=9905"}],"version-history":[{"count":1,"href":"https:\/\/www.gardaseezeitung.it\/gardaseezeitung_new\/de\/wp-json\/wp\/v2\/posts\/9905\/revisions"}],"predecessor-version":[{"id":9906,"href":"https:\/\/www.gardaseezeitung.it\/gardaseezeitung_new\/de\/wp-json\/wp\/v2\/posts\/9905\/revisions\/9906"}],"wp:featuredmedia":[{"embeddable":true,"href":"https:\/\/www.gardaseezeitung.it\/gardaseezeitung_new\/de\/wp-json\/wp\/v2\/media\/9904"}],"wp:attachment":[{"href":"https:\/\/www.gardaseezeitung.it\/gardaseezeitung_new\/de\/wp-json\/wp\/v2\/media?parent=9905"}],"wp:term":[{"taxonomy":"category","embeddable":true,"href":"https:\/\/www.gardaseezeitung.it\/gardaseezeitung_new\/de\/wp-json\/wp\/v2\/categories?post=9905"},{"taxonomy":"post_tag","embeddable":true,"href":"https:\/\/www.gardaseezeitung.it\/gardaseezeitung_new\/de\/wp-json\/wp\/v2\/tags?post=9905"},{"taxonomy":"news-destination","embeddable":true,"href":"https:\/\/www.gardaseezeitung.it\/gardaseezeitung_new\/de\/wp-json\/wp\/v2\/news-destination?post=9905"},{"taxonomy":"news-source","embeddable":true,"href":"https:\/\/www.gardaseezeitung.it\/gardaseezeitung_new\/de\/wp-json\/wp\/v2\/news-source?post=9905"},{"taxonomy":"is_homepage","embeddable":true,"href":"https:\/\/www.gardaseezeitung.it\/gardaseezeitung_new\/de\/wp-json\/wp\/v2\/is_homepage?post=9905"},{"taxonomy":"ta_other","embeddable":true,"href":"https:\/\/www.gardaseezeitung.it\/gardaseezeitung_new\/de\/wp-json\/wp\/v2\/ta_other?post=9905"}],"curies":[{"name":"wp","href":"https:\/\/api.w.org\/{rel}","templated":true}]}}