{"id":9918,"date":"2022-03-11T12:52:12","date_gmt":"2022-03-11T11:52:12","guid":{"rendered":"http:\/\/euwp08.newsmemory.com\/gardaseezeitung_new\/de\/2022\/03\/11\/die-venus-von-willendorf-wurde-aus-dem-felsen-des-gardasees-geschaffen\/"},"modified":"2022-03-11T12:52:16","modified_gmt":"2021-10-12T12:52:16","slug":"die-venus-von-willendorf-wurde-aus-dem-felsen-des-gardasees-geschaffen","status":"publish","type":"post","link":"https:\/\/www.gardaseezeitung.it\/2022\/03\/11\/die-venus-von-willendorf-wurde-aus-dem-felsen-des-gardasees-geschaffen\/","title":{"rendered":"Die Venus von Willendorf wurde aus dem Felsen des Gardasees geschaffen"},"content":{"rendered":"<p>&nbsp;<\/p>\n<p>Die Venus von Willendorf, auch bekannt als die &#8222;Frau von Willendorf&#8220;, wurde am Gardasee geboren. Eine Studie unter der Leitung des Anthropologen Gerhard Weber von der Universit\u00e4t Wien, der beiden Geologen Alexander Lukeneder und Mathias Harzhauser sowie der Pr\u00e4historikerin Walpurga Antl-Weiser vom Naturhistorischen Museum Wien hat dies dank neuer Analysen mit hochaufl\u00f6senden Mikrocomputertomographien festgestellt. Die 11 Zentimeter hohe Statuette, einer der ber\u00fchmtesten Funde antiker Kunst in Europa, wurde 1908 von dem Arch\u00e4ologen Josef Szombathy an einer Ausgrabungsst\u00e4tte aus dem Pal\u00e4olithikum in Willendorf in der Wachau (\u00d6sterreich) gefunden. Das besondere Kunstwerk, das jetzt im Naturhistorischen Museum in Wien zu sehen ist, &#8222;stellt eine gesichtslose erwachsene Frau dar, die durch \u00fcbertriebene Genitalien, ausgepr\u00e4gte H\u00fcften, einen vorstehenden Bauch, schwere Br\u00fcste und eine raffinierte Kopfbedeckung oder Frisur symbolisiert wird&#8220;. Die kleine Skulptur, die rot &#8211; wahrscheinlich mit Ocker &#8211; bemalt ist und ein Fruchtbarkeitssymbol darstellt, war nie von innen untersucht worden. Das Forscherteam wies nach, dass die Venus von Willendorf, die auf ein Alter von 25 000 Jahren gesch\u00e4tzt wird, aus Oolith, einem Kalkstein, der sich in flachen, warmen tropischen Wasserbecken bildet, entstanden ist. Dank der neuen Methode konnte die Venus in die Jurazeit datiert werden, und durch den Vergleich mit Proben aus ganz Europa konnte festgestellt werden, dass das Gestein, aus dem sie stammt, aus dem Gardasee stammt.Die Entdeckung der Venus, die von Norditalien nach Wien transportiert wurde, l\u00e4sst uns die abenteuerliche Reise des Werks erahnen.<\/p>\n<p>&nbsp;<\/p>\n","protected":false},"excerpt":{"rendered":"<p>Die Statuette, einer der ber\u00fchmtesten Funde antiker Kunst in Europa, wurde 1908 von dem Arch\u00e4ologen Josef Szombathy in \u00d6sterreich entdeckt<\/p>\n","protected":false},"author":9,"featured_media":9917,"comment_status":"open","ping_status":"open","sticky":false,"template":"","format":"standard","meta":[],"categories":[2,6],"tags":[2472,23,26,2473,2474,365,2475,2476,2477,2478,2479],"news-destination":[],"news-source":[],"is_homepage":[],"ta_other":[],"featured_media_details":{"width":1024,"height":562,"file":"2022\/03\/Venus_von_Willendorf_01.jpg","sizes":{"thumbnail":{"file":"Venus_von_Willendorf_01-150x150.jpg","width":150,"height":150,"mime-type":"image\/jpeg","source_url":"https:\/\/www.gardaseezeitung.it\/gardaseezeitung_new\/de\/wp-content\/uploads\/sites\/2\/2022\/03\/Venus_von_Willendorf_01-150x150.jpg"},"medium":{"file":"Venus_von_Willendorf_01-300x165.jpg","width":300,"height":165,"mime-type":"image\/jpeg","source_url":"https:\/\/www.gardaseezeitung.it\/gardaseezeitung_new\/de\/wp-content\/uploads\/sites\/2\/2022\/03\/Venus_von_Willendorf_01-300x165.jpg"},"medium_large":{"file":"Venus_von_Willendorf_01-768x422.jpg","width":768,"height":422,"mime-type":"image\/jpeg","source_url":"https:\/\/www.gardaseezeitung.it\/gardaseezeitung_new\/de\/wp-content\/uploads\/sites\/2\/2022\/03\/Venus_von_Willendorf_01-768x422.jpg"},"large":{"file":"Venus_von_Willendorf_01-1024x562.jpg","width":1024,"height":562,"mime-type":"image\/jpeg","source_url":"https:\/\/www.gardaseezeitung.it\/gardaseezeitung_new\/de\/wp-content\/uploads\/sites\/2\/2022\/03\/Venus_von_Willendorf_01-1024x562.jpg"},"big_image":{"file":"Venus_von_Willendorf_01-750x412.jpg","width":750,"height":412,"mime-type":"image\/jpeg","source_url":"https:\/\/www.gardaseezeitung.it\/gardaseezeitung_new\/de\/wp-content\/uploads\/sites\/2\/2022\/03\/Venus_von_Willendorf_01-750x412.jpg"},"guest-author-32":{"file":"Venus_von_Willendorf_01-32x32.jpg","width":32,"height":32,"mime-type":"image\/jpeg","source_url":"https:\/\/www.gardaseezeitung.it\/gardaseezeitung_new\/de\/wp-content\/uploads\/sites\/2\/2022\/03\/Venus_von_Willendorf_01-32x32.jpg"},"guest-author-50":{"file":"Venus_von_Willendorf_01-50x50.jpg","width":50,"height":50,"mime-type":"image\/jpeg","source_url":"https:\/\/www.gardaseezeitung.it\/gardaseezeitung_new\/de\/wp-content\/uploads\/sites\/2\/2022\/03\/Venus_von_Willendorf_01-50x50.jpg"},"guest-author-64":{"file":"Venus_von_Willendorf_01-64x64.jpg","width":64,"height":64,"mime-type":"image\/jpeg","source_url":"https:\/\/www.gardaseezeitung.it\/gardaseezeitung_new\/de\/wp-content\/uploads\/sites\/2\/2022\/03\/Venus_von_Willendorf_01-64x64.jpg"},"guest-author-96":{"file":"Venus_von_Willendorf_01-96x96.jpg","width":96,"height":96,"mime-type":"image\/jpeg","source_url":"https:\/\/www.gardaseezeitung.it\/gardaseezeitung_new\/de\/wp-content\/uploads\/sites\/2\/2022\/03\/Venus_von_Willendorf_01-96x96.jpg"},"guest-author-128":{"file":"Venus_von_Willendorf_01-128x128.jpg","width":128,"height":128,"mime-type":"image\/jpeg","source_url":"https:\/\/www.gardaseezeitung.it\/gardaseezeitung_new\/de\/wp-content\/uploads\/sites\/2\/2022\/03\/Venus_von_Willendorf_01-128x128.jpg"},"full":{"file":"Venus_von_Willendorf_01.jpg","width":1024,"height":562,"mime_type":"","source_url":"https:\/\/www.gardaseezeitung.it\/gardaseezeitung_new\/de\/wp-content\/uploads\/sites\/2\/2022\/03\/Venus_von_Willendorf_01.jpg"}},"image_meta":{"aperture":"2.8","credit":"","camera":"Canon EOS 350D DIGITAL","caption":"","created_timestamp":"1167662160","copyright":"","focal_length":"90","iso":"800","shutter_speed":"0.03999999910593","title":"","orientation":"1","keywords":[]}},"_links":{"self":[{"href":"https:\/\/www.gardaseezeitung.it\/gardaseezeitung_new\/de\/wp-json\/wp\/v2\/posts\/9918"}],"collection":[{"href":"https:\/\/www.gardaseezeitung.it\/gardaseezeitung_new\/de\/wp-json\/wp\/v2\/posts"}],"about":[{"href":"https:\/\/www.gardaseezeitung.it\/gardaseezeitung_new\/de\/wp-json\/wp\/v2\/types\/post"}],"author":[{"embeddable":true,"href":"https:\/\/www.gardaseezeitung.it\/gardaseezeitung_new\/de\/wp-json\/wp\/v2\/users\/9"}],"replies":[{"embeddable":true,"href":"https:\/\/www.gardaseezeitung.it\/gardaseezeitung_new\/de\/wp-json\/wp\/v2\/comments?post=9918"}],"version-history":[{"count":1,"href":"https:\/\/www.gardaseezeitung.it\/gardaseezeitung_new\/de\/wp-json\/wp\/v2\/posts\/9918\/revisions"}],"predecessor-version":[{"id":9919,"href":"https:\/\/www.gardaseezeitung.it\/gardaseezeitung_new\/de\/wp-json\/wp\/v2\/posts\/9918\/revisions\/9919"}],"wp:featuredmedia":[{"embeddable":true,"href":"https:\/\/www.gardaseezeitung.it\/gardaseezeitung_new\/de\/wp-json\/wp\/v2\/media\/9917"}],"wp:attachment":[{"href":"https:\/\/www.gardaseezeitung.it\/gardaseezeitung_new\/de\/wp-json\/wp\/v2\/media?parent=9918"}],"wp:term":[{"taxonomy":"category","embeddable":true,"href":"https:\/\/www.gardaseezeitung.it\/gardaseezeitung_new\/de\/wp-json\/wp\/v2\/categories?post=9918"},{"taxonomy":"post_tag","embeddable":true,"href":"https:\/\/www.gardaseezeitung.it\/gardaseezeitung_new\/de\/wp-json\/wp\/v2\/tags?post=9918"},{"taxonomy":"news-destination","embeddable":true,"href":"https:\/\/www.gardaseezeitung.it\/gardaseezeitung_new\/de\/wp-json\/wp\/v2\/news-destination?post=9918"},{"taxonomy":"news-source","embeddable":true,"href":"https:\/\/www.gardaseezeitung.it\/gardaseezeitung_new\/de\/wp-json\/wp\/v2\/news-source?post=9918"},{"taxonomy":"is_homepage","embeddable":true,"href":"https:\/\/www.gardaseezeitung.it\/gardaseezeitung_new\/de\/wp-json\/wp\/v2\/is_homepage?post=9918"},{"taxonomy":"ta_other","embeddable":true,"href":"https:\/\/www.gardaseezeitung.it\/gardaseezeitung_new\/de\/wp-json\/wp\/v2\/ta_other?post=9918"}],"curies":[{"name":"wp","href":"https:\/\/api.w.org\/{rel}","templated":true}]}}