{"id":9953,"date":"2022-03-28T11:42:01","date_gmt":"2022-03-28T09:42:01","guid":{"rendered":"http:\/\/euwp08.newsmemory.com\/gardaseezeitung_new\/de\/2022\/03\/28\/caprino-2-und-3-april-fuehrungen-durch-den-garten-der-casa-biasi\/"},"modified":"2022-03-28T11:42:38","modified_gmt":"2021-06-01T11:42:38","slug":"caprino-2-und-3-april-fuehrungen-durch-den-garten-der-casa-biasi","status":"publish","type":"post","link":"https:\/\/www.gardaseezeitung.it\/2022\/03\/28\/caprino-2-und-3-april-fuehrungen-durch-den-garten-der-casa-biasi\/","title":{"rendered":"Caprino: Am 2. und 3. April F\u00fchrungen durch den Garten der Casa Biasi"},"content":{"rendered":"<p>&nbsp;<\/p>\n<p>Der Fr\u00fchling zeigt sich mit seinen D\u00fcften und Farben unter den Narzissen, Hyazinthen, Tulpen, Anemonen, Krokussen, Schwertlilien, Kamelien und Veilchen des Gartens von Casa Biasi, der gr\u00fcnen Schatztruhe, die sich auf 16 Tausend Quadratmetern in Pesina im Hof der Villa Biasi Sometti erstreckt und normalerweise vom 1. Mai bis 31. Oktober f\u00fcr Besucher ge\u00f6ffnet ist. Der aus dem Romantischen Park und dem Mediterranen Park bestehende Garten \u00f6ffnet wie jedes Fr\u00fchjahr vor der offiziellen Er\u00f6ffnung seine Pforten, damit die aktuelle Bl\u00fctenpracht bewundert werden kann: haupts\u00e4chlich Nieswurz, Kamelien und Zwiebelpflanzen. Am Samstag, dem 2. April, um 15 Uhr und am Sonntag, dem 3. April, um 10.30 Uhr und 15 Uhr bieten die Eigent\u00fcmer F\u00fchrungen an. Wer daran teilnehmen m\u00f6chte, sollte sich telefonisch unter 3394913811 oder per E-Mail an info@giardinodicasabiasi.it anmelden (Eintritt 5 Euro f\u00fcr Erwachsene).<\/p>\n<p>&nbsp;<\/p>\n","protected":false},"excerpt":{"rendered":"<p>Farben und D\u00fcfte inmitten der Fr\u00fchlingsblumen entdeckenin den beiden prestigetr\u00e4chtigen Privatparks von Pesina<\/p>\n","protected":false},"author":9,"featured_media":9952,"comment_status":"open","ping_status":"open","sticky":false,"template":"","format":"standard","meta":[],"categories":[1],"tags":[2506,2507,23,26,2508,2509,2510,2511,2512,2513,549,2514,2515,2516],"news-destination":[],"news-source":[],"is_homepage":[],"ta_other":[],"featured_media_details":{"width":776,"height":515,"file":"2022\/03\/DSC_9434.jpg","sizes":{"thumbnail":{"file":"DSC_9434-150x150.jpg","width":150,"height":150,"mime-type":"image\/jpeg","source_url":"https:\/\/www.gardaseezeitung.it\/gardaseezeitung_new\/de\/wp-content\/uploads\/sites\/2\/2022\/03\/DSC_9434-150x150.jpg"},"medium":{"file":"DSC_9434-300x199.jpg","width":300,"height":199,"mime-type":"image\/jpeg","source_url":"https:\/\/www.gardaseezeitung.it\/gardaseezeitung_new\/de\/wp-content\/uploads\/sites\/2\/2022\/03\/DSC_9434-300x199.jpg"},"medium_large":{"file":"DSC_9434-768x510.jpg","width":768,"height":510,"mime-type":"image\/jpeg","source_url":"https:\/\/www.gardaseezeitung.it\/gardaseezeitung_new\/de\/wp-content\/uploads\/sites\/2\/2022\/03\/DSC_9434-768x510.jpg"},"big_image":{"file":"DSC_9434-750x498.jpg","width":750,"height":498,"mime-type":"image\/jpeg","source_url":"https:\/\/www.gardaseezeitung.it\/gardaseezeitung_new\/de\/wp-content\/uploads\/sites\/2\/2022\/03\/DSC_9434-750x498.jpg"},"guest-author-32":{"file":"DSC_9434-32x32.jpg","width":32,"height":32,"mime-type":"image\/jpeg","source_url":"https:\/\/www.gardaseezeitung.it\/gardaseezeitung_new\/de\/wp-content\/uploads\/sites\/2\/2022\/03\/DSC_9434-32x32.jpg"},"guest-author-50":{"file":"DSC_9434-50x50.jpg","width":50,"height":50,"mime-type":"image\/jpeg","source_url":"https:\/\/www.gardaseezeitung.it\/gardaseezeitung_new\/de\/wp-content\/uploads\/sites\/2\/2022\/03\/DSC_9434-50x50.jpg"},"guest-author-64":{"file":"DSC_9434-64x64.jpg","width":64,"height":64,"mime-type":"image\/jpeg","source_url":"https:\/\/www.gardaseezeitung.it\/gardaseezeitung_new\/de\/wp-content\/uploads\/sites\/2\/2022\/03\/DSC_9434-64x64.jpg"},"guest-author-96":{"file":"DSC_9434-96x96.jpg","width":96,"height":96,"mime-type":"image\/jpeg","source_url":"https:\/\/www.gardaseezeitung.it\/gardaseezeitung_new\/de\/wp-content\/uploads\/sites\/2\/2022\/03\/DSC_9434-96x96.jpg"},"guest-author-128":{"file":"DSC_9434-128x128.jpg","width":128,"height":128,"mime-type":"image\/jpeg","source_url":"https:\/\/www.gardaseezeitung.it\/gardaseezeitung_new\/de\/wp-content\/uploads\/sites\/2\/2022\/03\/DSC_9434-128x128.jpg"},"full":{"file":"DSC_9434.jpg","width":776,"height":515,"mime_type":"","source_url":"https:\/\/www.gardaseezeitung.it\/gardaseezeitung_new\/de\/wp-content\/uploads\/sites\/2\/2022\/03\/DSC_9434.jpg"}},"image_meta":{"aperture":"0","credit":"","camera":"","caption":"","created_timestamp":"0","copyright":"","focal_length":"0","iso":"0","shutter_speed":"0","title":"","orientation":"0","keywords":[]}},"_links":{"self":[{"href":"https:\/\/www.gardaseezeitung.it\/gardaseezeitung_new\/de\/wp-json\/wp\/v2\/posts\/9953"}],"collection":[{"href":"https:\/\/www.gardaseezeitung.it\/gardaseezeitung_new\/de\/wp-json\/wp\/v2\/posts"}],"about":[{"href":"https:\/\/www.gardaseezeitung.it\/gardaseezeitung_new\/de\/wp-json\/wp\/v2\/types\/post"}],"author":[{"embeddable":true,"href":"https:\/\/www.gardaseezeitung.it\/gardaseezeitung_new\/de\/wp-json\/wp\/v2\/users\/9"}],"replies":[{"embeddable":true,"href":"https:\/\/www.gardaseezeitung.it\/gardaseezeitung_new\/de\/wp-json\/wp\/v2\/comments?post=9953"}],"version-history":[{"count":1,"href":"https:\/\/www.gardaseezeitung.it\/gardaseezeitung_new\/de\/wp-json\/wp\/v2\/posts\/9953\/revisions"}],"predecessor-version":[{"id":9954,"href":"https:\/\/www.gardaseezeitung.it\/gardaseezeitung_new\/de\/wp-json\/wp\/v2\/posts\/9953\/revisions\/9954"}],"wp:featuredmedia":[{"embeddable":true,"href":"https:\/\/www.gardaseezeitung.it\/gardaseezeitung_new\/de\/wp-json\/wp\/v2\/media\/9952"}],"wp:attachment":[{"href":"https:\/\/www.gardaseezeitung.it\/gardaseezeitung_new\/de\/wp-json\/wp\/v2\/media?parent=9953"}],"wp:term":[{"taxonomy":"category","embeddable":true,"href":"https:\/\/www.gardaseezeitung.it\/gardaseezeitung_new\/de\/wp-json\/wp\/v2\/categories?post=9953"},{"taxonomy":"post_tag","embeddable":true,"href":"https:\/\/www.gardaseezeitung.it\/gardaseezeitung_new\/de\/wp-json\/wp\/v2\/tags?post=9953"},{"taxonomy":"news-destination","embeddable":true,"href":"https:\/\/www.gardaseezeitung.it\/gardaseezeitung_new\/de\/wp-json\/wp\/v2\/news-destination?post=9953"},{"taxonomy":"news-source","embeddable":true,"href":"https:\/\/www.gardaseezeitung.it\/gardaseezeitung_new\/de\/wp-json\/wp\/v2\/news-source?post=9953"},{"taxonomy":"is_homepage","embeddable":true,"href":"https:\/\/www.gardaseezeitung.it\/gardaseezeitung_new\/de\/wp-json\/wp\/v2\/is_homepage?post=9953"},{"taxonomy":"ta_other","embeddable":true,"href":"https:\/\/www.gardaseezeitung.it\/gardaseezeitung_new\/de\/wp-json\/wp\/v2\/ta_other?post=9953"}],"curies":[{"name":"wp","href":"https:\/\/api.w.org\/{rel}","templated":true}]}}