{"id":9962,"date":"2022-04-06T11:47:36","date_gmt":"2022-04-06T09:47:36","guid":{"rendered":"http:\/\/euwp08.newsmemory.com\/gardaseezeitung_new\/de\/2022\/04\/06\/ein-teil-der-strasse-tremosine-gesperrt-moegliche-unannehmlichkeiten\/"},"modified":"2022-04-06T11:47:38","modified_gmt":"2021-06-10T11:47:38","slug":"ein-teil-der-strasse-tremosine-gesperrt-moegliche-unannehmlichkeiten","status":"publish","type":"post","link":"https:\/\/www.gardaseezeitung.it\/2022\/04\/06\/ein-teil-der-strasse-tremosine-gesperrt-moegliche-unannehmlichkeiten\/","title":{"rendered":"Ein Teil der Stra\u00dfe in Tremosine gesperrt: m\u00f6gliche Unannehmlichkeiten"},"content":{"rendered":"<p>Um au\u00dferordentliche Wartungsarbeiten an der Br\u00fccke bei km 14+387 in der Gemeinde Tremosine del Garda auf der Provinzstra\u00dfe 38 Tremosine-Tignale durchf\u00fchren zu k\u00f6nnen, wurde die Vollsperrung des Abschnitts von km 14+360 bis km 14+410 f\u00fcr den Verkehr vom 6. bis 8. April 2022 in der Zeit von 8.00 bis 18.00 Uhr angeordnet. Unannehmlichkeiten f\u00fcr die Verkehrsteilnehmer sind m\u00f6glich.<\/p>\n","protected":false},"excerpt":{"rendered":"<p>Die Provinz Brescia k\u00fcndigt \u00c4nderungen im Stra\u00dfennetz aufgrund von Wartungsarbeiten im Gebiet des Gardasees an<\/p>\n","protected":false},"author":9,"featured_media":9961,"comment_status":"open","ping_status":"open","sticky":false,"template":"","format":"standard","meta":[],"categories":[2,4,3],"tags":[2517,2518,784,205],"news-destination":[],"news-source":[],"is_homepage":[],"ta_other":[],"featured_media_details":{"width":660,"height":368,"file":"2022\/04\/strada-chiusa-9402.660x368.jpg","sizes":{"thumbnail":{"file":"strada-chiusa-9402.660x368-150x150.jpg","width":150,"height":150,"mime-type":"image\/jpeg","source_url":"https:\/\/www.gardaseezeitung.it\/gardaseezeitung_new\/de\/wp-content\/uploads\/sites\/2\/2022\/04\/strada-chiusa-9402.660x368-150x150.jpg"},"medium":{"file":"strada-chiusa-9402.660x368-300x167.jpg","width":300,"height":167,"mime-type":"image\/jpeg","source_url":"https:\/\/www.gardaseezeitung.it\/gardaseezeitung_new\/de\/wp-content\/uploads\/sites\/2\/2022\/04\/strada-chiusa-9402.660x368-300x167.jpg"},"guest-author-32":{"file":"strada-chiusa-9402.660x368-32x32.jpg","width":32,"height":32,"mime-type":"image\/jpeg","source_url":"https:\/\/www.gardaseezeitung.it\/gardaseezeitung_new\/de\/wp-content\/uploads\/sites\/2\/2022\/04\/strada-chiusa-9402.660x368-32x32.jpg"},"guest-author-50":{"file":"strada-chiusa-9402.660x368-50x50.jpg","width":50,"height":50,"mime-type":"image\/jpeg","source_url":"https:\/\/www.gardaseezeitung.it\/gardaseezeitung_new\/de\/wp-content\/uploads\/sites\/2\/2022\/04\/strada-chiusa-9402.660x368-50x50.jpg"},"guest-author-64":{"file":"strada-chiusa-9402.660x368-64x64.jpg","width":64,"height":64,"mime-type":"image\/jpeg","source_url":"https:\/\/www.gardaseezeitung.it\/gardaseezeitung_new\/de\/wp-content\/uploads\/sites\/2\/2022\/04\/strada-chiusa-9402.660x368-64x64.jpg"},"guest-author-96":{"file":"strada-chiusa-9402.660x368-96x96.jpg","width":96,"height":96,"mime-type":"image\/jpeg","source_url":"https:\/\/www.gardaseezeitung.it\/gardaseezeitung_new\/de\/wp-content\/uploads\/sites\/2\/2022\/04\/strada-chiusa-9402.660x368-96x96.jpg"},"guest-author-128":{"file":"strada-chiusa-9402.660x368-128x128.jpg","width":128,"height":128,"mime-type":"image\/jpeg","source_url":"https:\/\/www.gardaseezeitung.it\/gardaseezeitung_new\/de\/wp-content\/uploads\/sites\/2\/2022\/04\/strada-chiusa-9402.660x368-128x128.jpg"},"full":{"file":"strada-chiusa-9402.660x368.jpg","width":660,"height":368,"mime_type":"","source_url":"https:\/\/www.gardaseezeitung.it\/gardaseezeitung_new\/de\/wp-content\/uploads\/sites\/2\/2022\/04\/strada-chiusa-9402.660x368.jpg"}},"image_meta":{"aperture":"0","credit":"","camera":"","caption":"","created_timestamp":"0","copyright":"","focal_length":"0","iso":"0","shutter_speed":"0","title":"","orientation":"0","keywords":[]}},"_links":{"self":[{"href":"https:\/\/www.gardaseezeitung.it\/gardaseezeitung_new\/de\/wp-json\/wp\/v2\/posts\/9962"}],"collection":[{"href":"https:\/\/www.gardaseezeitung.it\/gardaseezeitung_new\/de\/wp-json\/wp\/v2\/posts"}],"about":[{"href":"https:\/\/www.gardaseezeitung.it\/gardaseezeitung_new\/de\/wp-json\/wp\/v2\/types\/post"}],"author":[{"embeddable":true,"href":"https:\/\/www.gardaseezeitung.it\/gardaseezeitung_new\/de\/wp-json\/wp\/v2\/users\/9"}],"replies":[{"embeddable":true,"href":"https:\/\/www.gardaseezeitung.it\/gardaseezeitung_new\/de\/wp-json\/wp\/v2\/comments?post=9962"}],"version-history":[{"count":1,"href":"https:\/\/www.gardaseezeitung.it\/gardaseezeitung_new\/de\/wp-json\/wp\/v2\/posts\/9962\/revisions"}],"predecessor-version":[{"id":9963,"href":"https:\/\/www.gardaseezeitung.it\/gardaseezeitung_new\/de\/wp-json\/wp\/v2\/posts\/9962\/revisions\/9963"}],"wp:featuredmedia":[{"embeddable":true,"href":"https:\/\/www.gardaseezeitung.it\/gardaseezeitung_new\/de\/wp-json\/wp\/v2\/media\/9961"}],"wp:attachment":[{"href":"https:\/\/www.gardaseezeitung.it\/gardaseezeitung_new\/de\/wp-json\/wp\/v2\/media?parent=9962"}],"wp:term":[{"taxonomy":"category","embeddable":true,"href":"https:\/\/www.gardaseezeitung.it\/gardaseezeitung_new\/de\/wp-json\/wp\/v2\/categories?post=9962"},{"taxonomy":"post_tag","embeddable":true,"href":"https:\/\/www.gardaseezeitung.it\/gardaseezeitung_new\/de\/wp-json\/wp\/v2\/tags?post=9962"},{"taxonomy":"news-destination","embeddable":true,"href":"https:\/\/www.gardaseezeitung.it\/gardaseezeitung_new\/de\/wp-json\/wp\/v2\/news-destination?post=9962"},{"taxonomy":"news-source","embeddable":true,"href":"https:\/\/www.gardaseezeitung.it\/gardaseezeitung_new\/de\/wp-json\/wp\/v2\/news-source?post=9962"},{"taxonomy":"is_homepage","embeddable":true,"href":"https:\/\/www.gardaseezeitung.it\/gardaseezeitung_new\/de\/wp-json\/wp\/v2\/is_homepage?post=9962"},{"taxonomy":"ta_other","embeddable":true,"href":"https:\/\/www.gardaseezeitung.it\/gardaseezeitung_new\/de\/wp-json\/wp\/v2\/ta_other?post=9962"}],"curies":[{"name":"wp","href":"https:\/\/api.w.org\/{rel}","templated":true}]}}